{"id":241151,"date":"2025-11-17T16:20:14","date_gmt":"2025-11-17T16:20:14","guid":{"rendered":"https:\/\/www.europesays.com\/es\/241151\/"},"modified":"2025-11-17T16:20:14","modified_gmt":"2025-11-17T16:20:14","slug":"espectaculares-primeras-imagenes-de-la-pelicula-de-zelda","status":"publish","type":"post","link":"https:\/\/www.europesays.com\/es\/241151\/","title":{"rendered":"Espectaculares primeras im\u00e1genes de la pel\u00edcula de &#8216;Zelda&#8217;"},"content":{"rendered":"<p>Los fans de <strong><a href=\"https:\/\/hipertextual.com\/cine-television\/la-pelicula-de-the-legend-of-zelda-tiene-fecha-de-estreno\/\" rel=\"nofollow noopener\" target=\"_blank\">The Legend of Zelda<\/a><\/strong> est\u00e1n de enhorabuena porque Nintendo acaba de sacar a la luz las primeras im\u00e1genes de la inminente pel\u00edcula live-action. La franquicia por fin llegar\u00e1 a los cines en imagen real. Un proyecto que ya es uno de los m\u00e1s esperados de la compa\u00f1\u00eda para los pr\u00f3ximos a\u00f1os. <a href=\"https:\/\/hipertextual.com\/cine-television\/pelicula-the-legend-of-zelda-inicia-rodaje-primeros-detalles\/\" rel=\"nofollow noopener\" target=\"_blank\">El rodaje acaba de comenzar<\/a> y con \u00e9l, el estudio ha dejado ver un primer vistazo de <a href=\"https:\/\/hipertextual.com\/cine-television\/pelicula-live-action-zelda-anuncia-actores-protagonistas-link-y-zelda\/\" rel=\"nofollow noopener\" target=\"_blank\">sus dos protagonistas<\/a>: <strong>Link<\/strong> y <strong>Zelda<\/strong>.<\/p>\n<p>En la pel\u00edcula de Zelda, el joven actor\u00a0<strong>Benjamin Evan Ainsworth<\/strong>\u00a0ser\u00e1 <strong>Link<\/strong>, mientras que la actriz\u00a0<strong>Bo Bragason<\/strong>\u00a0encarnar\u00e1 a la propia <strong>Zelda<\/strong>. Ahora, por fin, podemos verles totalmente metidos en sus personajes. En total, tenemos tres im\u00e1genes de la pel\u00edcula de Zelda. Una de ellas es un plano general en pleno campo, con la muchacha empu\u00f1ando su arco mientras Link la observa a su lado, agachado.<\/p>\n<p>Las otras dos im\u00e1genes de la pel\u00edcula son dos primeros planos de los rostros de <strong>Link<\/strong> y <strong>Zelda<\/strong>. No cabe duda de que Nintendo lo ha dado todo en lo que ambientaci\u00f3n y dise\u00f1o de personajes se refiere. El equipo de la cinta se encuentra en Nueva Zelanda en pleno rodaje y, ante la oleada de fotograf\u00edas que probablemente se filtren por parte de los paparazzi, la compa\u00f1\u00eda ha optado por <a href=\"https:\/\/www.nintendo.today\/es-ES\/contents\/329e117c-f616-4295-bd0f-4808f08a5269\" target=\"_blank\" rel=\"noreferrer noopener nofollow\">ser ellos mismos<\/a> quienes desvelen este primer vistazo.<\/p>\n<p><img loading=\"lazy\" data-recalc-dims=\"1\" decoding=\"async\" width=\"1500\" height=\"639\" data-id=\"1865410\" alt=\"Zelda pel\u00edcula\" class=\"wp-image-1865410 perfmatters-lazy\" src=\"https:\/\/www.europesays.com\/es\/wp-content\/uploads\/2025\/11\/Zelda-pelicula-1500x639.jpeg\"  data-\/><\/p>\n<p><img loading=\"lazy\" data-recalc-dims=\"1\" decoding=\"async\" width=\"1500\" height=\"636\" data-id=\"1865411\" alt=\"Pel\u00edcula Zelda\" class=\"wp-image-1865411 perfmatters-lazy\" src=\"https:\/\/www.europesays.com\/es\/wp-content\/uploads\/2025\/11\/Pelicula-Zelda-1500x636.jpeg\"  data-\/><\/p>\n<p><img loading=\"lazy\" data-recalc-dims=\"1\" decoding=\"async\" width=\"1500\" height=\"639\" alt=\"The Legend of Zelda live-action pel\u00edcula\" class=\"wp-image-1865409 perfmatters-lazy\" src=\"https:\/\/www.europesays.com\/es\/wp-content\/uploads\/2025\/11\/The-Legend-of-Zelda-live-action-pelicula-1500x639.jpeg\"  data-\/><\/p>\n<p>Qu\u00e9 sabemos de la pel\u00edcula de Zelda<\/p>\n<p><strong>Benjamin Evan Ainsworth<\/strong>\u00a0tiene 16 a\u00f1os y, entre otras cosas, fue la voz de\u00a0<strong><a href=\"https:\/\/hipertextual.com\/2022\/09\/pinocho-critica-disney\" rel=\"nofollow noopener\" target=\"_blank\">Pinocho<\/a><\/strong> en el remake live-action de\u00a0<strong>Robert Zemeckis<\/strong>. Tambi\u00e9n interpret\u00f3 a Miles en la serie de Netflix\u00a0<a href=\"https:\/\/hipertextual.com\/2020\/10\/decepcionarte-que-the-haunting-of-bly-manor\" rel=\"nofollow noopener\" target=\"_blank\">La maldici\u00f3n de Bly Manor<\/a>, y ha aparecido en las series\u00a0Son of a Critch\u00a0y\u00a0The Sandman. Por su parte,\u00a0<strong>Bo Bragason<\/strong>\u00a0es conocida por sus papeles en las series de BBC\u00a0One Three Girls\u00a0y\u00a0The Jetty, adem\u00e1s de la serie de Disney+\u00a0Renegade Nell\u00a0o la pel\u00edcula\u00a0Censor.<\/p>\n<p>La pel\u00edcula live-action de\u00a0Zelda\u00a0contar\u00e1\u00a0<a href=\"https:\/\/hipertextual.com\/2024\/05\/director-pelicula-zelda-presion-fanaticos\" rel=\"nofollow noopener\" target=\"_blank\">con la direcci\u00f3n de\u00a0<strong>Wes Ball<\/strong><\/a>\u00a0(El reino del planeta de los simios). El veterano cineasta ser\u00e1 el encargado de ofrecer una versi\u00f3n real de\u00a0<strong>Link<\/strong>\u00a0y\u00a0<strong>Zelda<\/strong>\u00a0con sus dos flamantes fichajes. La trama de la pel\u00edcula deja claro que se tratar\u00e1 de una primera historia de or\u00edgenes para aproximar a los espectadores al asombroso mundo de los videojuegos.<\/p>\n<p>\u00ab<a href=\"https:\/\/hipertextual.com\/cine-television\/asi-sera-pelicula-zelda-wes-ball\/\" rel=\"nofollow noopener\" target=\"_blank\">The Legend of Zelda\u00a0sigue a <strong>Link<\/strong><\/a>, un joven guerrero destinado a proteger el m\u00e1gico reino de Hyrule de las fuerzas de la oscuridad. La tierra est\u00e1 amenazada por Ganon, un despiadado se\u00f1or de la guerra que busca la Trifuerza, una antigua reliquia que, seg\u00fan se dice, otorga un poder ilimitado. Para detenerlo, <strong>Link<\/strong> debe emprender un peligroso viaje, luchando contra criaturas monstruosas, explorando mazmorras traicioneras y resolviendo intrincados acertijos para descubrir artefactos sagrados que pueden ayudarlo en su misi\u00f3n\u00bb.<\/p>\n<p>La pel\u00edcula de Zelda se estrena en cines el 7 de mayo de 2027.<\/p>\n<p><a href=\"https:\/\/geni.us\/disney-plus-footer\" target=\"_blank\" rel=\" noreferrer noopener nofollow\"><img loading=\"lazy\" decoding=\"async\" width=\"360\" height=\"197\" alt=\"\" class=\"wp-image-1840708 perfmatters-lazy\" style=\"width:100px\" src=\"https:\/\/www.europesays.com\/es\/wp-content\/uploads\/2025\/08\/1756350495_822_disney-logo.jpeg\"  data-\/><\/a><\/p>\n<p class=\"has-text-align-center\" style=\"padding-top:0;padding-right:0;padding-bottom:0;padding-left:0;font-size:18px\">Disfruta de las mejores historias, en cualquier momento y en cualquier lugar. Series, pel\u00edculas y originales que no encontrar\u00e1s en ninguna otra plataforma: cl\u00e1sicos de siempre y los \u00faltimos estrenos. <a href=\"https:\/\/geni.us\/disney-plus-footer\" target=\"_blank\" rel=\"noreferrer noopener nofollow\">M\u00e1s econ\u00f3mico que nunca<\/a> con el nuevo plan con anuncios.<\/p>\n<p class=\"has-text-align-center\">Consejo ofrecido por Disney+<\/p>\n","protected":false},"excerpt":{"rendered":"Los fans de The Legend of Zelda est\u00e1n de enhorabuena porque Nintendo acaba de sacar a la luz&hellip;\n","protected":false},"author":2,"featured_media":241152,"comment_status":"","ping_status":"","sticky":false,"template":"","format":"standard","meta":{"footnotes":""},"categories":[169],"tags":[177,146,147,25,24,176,175,23],"class_list":{"0":"post-241151","1":"post","2":"type-post","3":"status-publish","4":"format-standard","5":"has-post-thumbnail","7":"category-cine","8":"tag-cine","9":"tag-entertainment","10":"tag-entretenimiento","11":"tag-es","12":"tag-espana","13":"tag-film","14":"tag-movies","15":"tag-spain"},"share_on_mastodon":{"url":"https:\/\/pubeurope.com\/@es\/115565954917518109","error":""},"_links":{"self":[{"href":"https:\/\/www.europesays.com\/es\/wp-json\/wp\/v2\/posts\/241151","targetHints":{"allow":["GET"]}}],"collection":[{"href":"https:\/\/www.europesays.com\/es\/wp-json\/wp\/v2\/posts"}],"about":[{"href":"https:\/\/www.europesays.com\/es\/wp-json\/wp\/v2\/types\/post"}],"author":[{"embeddable":true,"href":"https:\/\/www.europesays.com\/es\/wp-json\/wp\/v2\/users\/2"}],"replies":[{"embeddable":true,"href":"https:\/\/www.europesays.com\/es\/wp-json\/wp\/v2\/comments?post=241151"}],"version-history":[{"count":0,"href":"https:\/\/www.europesays.com\/es\/wp-json\/wp\/v2\/posts\/241151\/revisions"}],"wp:featuredmedia":[{"embeddable":true,"href":"https:\/\/www.europesays.com\/es\/wp-json\/wp\/v2\/media\/241152"}],"wp:attachment":[{"href":"https:\/\/www.europesays.com\/es\/wp-json\/wp\/v2\/media?parent=241151"}],"wp:term":[{"taxonomy":"category","embeddable":true,"href":"https:\/\/www.europesays.com\/es\/wp-json\/wp\/v2\/categories?post=241151"},{"taxonomy":"post_tag","embeddable":true,"href":"https:\/\/www.europesays.com\/es\/wp-json\/wp\/v2\/tags?post=241151"}],"curies":[{"name":"wp","href":"https:\/\/api.w.org\/{rel}","templated":true}]}}