{"id":241153,"date":"2025-11-17T16:21:08","date_gmt":"2025-11-17T16:21:08","guid":{"rendered":"https:\/\/www.europesays.com\/es\/241153\/"},"modified":"2025-11-17T16:21:08","modified_gmt":"2025-11-17T16:21:08","slug":"he-visto-a-carlos-gestualmente","status":"publish","type":"post","link":"https:\/\/www.europesays.com\/es\/241153\/","title":{"rendered":"\u00abHe visto a Carlos gestualmente&#8230;\u00bb"},"content":{"rendered":"<p style=\"\"><strong>No hay manera para el tenis espa\u00f1ol en las ATP Finals<\/strong>. <a href=\"https:\/\/www.abc.es\/deportes\/tenis\/alcaraz-choca-sinner-majestuoso-territorio-20251116203438-nt.html\" data-voc-vtm-id=\"in-text-traffic\" title=\"Carlos Alcaraz sucumbi\u00f3 este domingo\" data-mrf-link=\"www.abc.es\" rel=\"nofollow noopener\" target=\"_blank\">Carlos Alcaraz sucumbi\u00f3 este domingo<\/a> ante Jannik Sinner y consum\u00f3 una nueva derrota nacional en la Copa de Maestros, como ya le hab\u00eda sucedido en este siglo a Rafa Nadal, David Ferrer  &#8230; o el propio entrenador del murciano, Juan Carlos Ferrero.<\/p>\n<p class=\"voc-p\" style=\"\">Lo hizo contra su gran (y pr\u00e1cticamente \u00fanico) rival en el circuito en la actualidad, un <strong>Sinner<\/strong> que <strong>no cedi\u00f3 un solo set durante toda la semana<\/strong>. Los dos hab\u00edan llegado al partido por el t\u00edtulo con resultados casi id\u00e9nticos, puesto que Alcaraz tan solo se hab\u00eda dejado una manga en una trayectoria impoluta hacia la final.<\/p>\n<p class=\"voc-p\" style=\"\">Este domingo, sin embargo, sali\u00f3 vencedor Sinner, que supo aprovechar los momentos clave del encuentro y, tambi\u00e9n, <strong>alguna que otra molestia de Alcaraz en el isquiotibial de la pierna derecha<\/strong>. El de El Palmar no pudo amarrar la primera manga pese a gozar de un punto de set, mientras que en la segunda lleg\u00f3 a tener un break de ventaja, neutralizado poco despu\u00e9s por el jugador originario de los Alpes.<\/p>\n<p class=\"voc-p\" style=\"\">Alcaraz no coloc\u00f3 la guinda a un <strong>a\u00f1o 2025 en el que ha levantado m\u00e1s t\u00edtulos que nunca<\/strong>, con ocho, dos de ellos en Grand Slams (Roland Garros y US Open), y, sobre todo, que cierra <a href=\"https:\/\/www.abc.es\/deportes\/tenis\/queda-ranking-atp-tras-atp-finals-20251116183827-nt.html\" data-voc-vtm-id=\"in-text-traffic\" title=\"en lo alto del ranking ATP\" data-mrf-link=\"www.abc.es\" rel=\"nofollow noopener\" target=\"_blank\">en lo alto del ranking ATP<\/a> al haber hecho los deberes en la fase de grupos de las ATP Finals.<\/p>\n<p class=\"voc-p\" style=\"\">Una gran temporada para &#8216;Carlitos&#8217;, al que todav\u00eda las finales de la Copa Davis si su estado f\u00edsico se lo permite. En Bolonia tratar\u00e1 de recuperar la sonrisa, aquello que Juanma Casta\u00f1o, presentador de El Partidazo de la Cadena COPE y articulista de ABC, considera que le falt\u00f3 este domingo en la final de la Copa de Maestros.<\/p>\n<p class=\"voc-p\" style=\"\">\u00abHe visto a Carlos gestualmente como si estuviera inc\u00f3modo durante casi todo el partido\u00bb, analizaba Casta\u00f1o en la noche del domingo. \u00abAlcaraz es un tenista que <strong>tiene que sonre\u00edr en la pista<\/strong>, porque sonr\u00ede mucho. Y yo no le he visto sonre\u00edr en ning\u00fan momento contra Sinner\u00bb, continuaba Juanma Casta\u00f1o.<\/p>\n","protected":false},"excerpt":{"rendered":"No hay manera para el tenis espa\u00f1ol en las ATP Finals. Carlos Alcaraz sucumbi\u00f3 este domingo ante Jannik&hellip;\n","protected":false},"author":2,"featured_media":241154,"comment_status":"","ping_status":"","sticky":false,"template":"","format":"standard","meta":{"footnotes":""},"categories":[93],"tags":[4736,415,8991,168,2244,24886,25,24,62065,18599,20482,16555,4466,23,167,8922],"class_list":{"0":"post-241153","1":"post","2":"type-post","3":"status-publish","4":"format-standard","5":"has-post-thumbnail","7":"category-deportes","8":"tag-alcaraz","9":"tag-carlos","10":"tag-castano","11":"tag-deportes","12":"tag-derrota","13":"tag-detalle","14":"tag-es","15":"tag-espana","16":"tag-gestualmente","17":"tag-gusto","18":"tag-juanma","19":"tag-senala","20":"tag-sinner","21":"tag-spain","22":"tag-sports","23":"tag-visto"},"share_on_mastodon":{"url":"","error":""},"_links":{"self":[{"href":"https:\/\/www.europesays.com\/es\/wp-json\/wp\/v2\/posts\/241153","targetHints":{"allow":["GET"]}}],"collection":[{"href":"https:\/\/www.europesays.com\/es\/wp-json\/wp\/v2\/posts"}],"about":[{"href":"https:\/\/www.europesays.com\/es\/wp-json\/wp\/v2\/types\/post"}],"author":[{"embeddable":true,"href":"https:\/\/www.europesays.com\/es\/wp-json\/wp\/v2\/users\/2"}],"replies":[{"embeddable":true,"href":"https:\/\/www.europesays.com\/es\/wp-json\/wp\/v2\/comments?post=241153"}],"version-history":[{"count":0,"href":"https:\/\/www.europesays.com\/es\/wp-json\/wp\/v2\/posts\/241153\/revisions"}],"wp:featuredmedia":[{"embeddable":true,"href":"https:\/\/www.europesays.com\/es\/wp-json\/wp\/v2\/media\/241154"}],"wp:attachment":[{"href":"https:\/\/www.europesays.com\/es\/wp-json\/wp\/v2\/media?parent=241153"}],"wp:term":[{"taxonomy":"category","embeddable":true,"href":"https:\/\/www.europesays.com\/es\/wp-json\/wp\/v2\/categories?post=241153"},{"taxonomy":"post_tag","embeddable":true,"href":"https:\/\/www.europesays.com\/es\/wp-json\/wp\/v2\/tags?post=241153"}],"curies":[{"name":"wp","href":"https:\/\/api.w.org\/{rel}","templated":true}]}}