{"id":241161,"date":"2025-11-17T16:25:12","date_gmt":"2025-11-17T16:25:12","guid":{"rendered":"https:\/\/www.europesays.com\/es\/241161\/"},"modified":"2025-11-17T16:25:12","modified_gmt":"2025-11-17T16:25:12","slug":"bruselas-reclama-mas-impulso-interno-y-coloca-a-espana-a-la-cabeza-del-crecimiento-con-un-29","status":"publish","type":"post","link":"https:\/\/www.europesays.com\/es\/241161\/","title":{"rendered":"Bruselas reclama m\u00e1s impulso interno y coloca a Espa\u00f1a a la cabeza del crecimiento con un 2,9%"},"content":{"rendered":"\n<p class=\"yf-1090901\">El crecimiento de la eurozona ha superado las expectativas este a\u00f1o y el impulso va a continuar, seg\u00fan declar\u00f3 este lunes la Comisi\u00f3n Europea. Seg\u00fan las <strong>Previsiones Econ\u00f3micas de Oto\u00f1o de la UE<\/strong>, la producci\u00f3n aumentar\u00e1 un 1,3% en la eurozona en 2025, por encima de la predicci\u00f3n hecha en mayo. La tasa de crecimiento prevista es del 1,2% en 2026 y del 1,4% en 2027.<\/p>\n<p class=\"yf-1090901\">La Comisi\u00f3n se\u00f1al\u00f3 que la producci\u00f3n de la eurozona se ve impulsada por una fuerte demanda interna, a pesar de un entorno exterior dif\u00edcil. Las <a href=\"https:\/\/es.euronews.com\/my-europe\/2025\/08\/27\/las-nuevas-amenazas-arancelarias-de-trump-llevan-la-lucha-comercial-entre-ue-a-eeuu-a-su-s\" rel=\"nofollow noopener\" target=\"_blank\" data-ylk=\"slk:barreras arancelarias procedentes de Estados Unidos;elm:context_link;itc:0;sec:content-canvas\" class=\"link \">barreras arancelarias procedentes de Estados Unidos<\/a> siguen siendo motivo de preocupaci\u00f3n, y la incertidumbre en torno a las pol\u00edticas de la Administraci\u00f3n Trump sigue enturbiando las perspectivas mundiales.<\/p>\n<p class=\"yf-1090901\">\u00abSin embargo, los aranceles sobre las <strong>exportaciones de la UE<\/strong> siguen siendo m\u00e1s bajos que los aplicados a varios otros grandes actores mundiales\u00bb, dijo la Comisi\u00f3n. \u00abEsto representa una modesta <strong>ventaja relativa<\/strong> para la econom\u00eda de la UE, aunque en un contexto de debilidad del comercio mundial de bienes y un euro fuerte que atempera la demanda externa\u00bb.<\/p>\n<p class=\"yf-1090901\">A finales de julio, Bruselas y Washington acordaron un arancel del 15% sobre la mayor\u00eda de las importaciones de bienes a EE.UU., lo que permiti\u00f3 que<a href=\"https:\/\/es.finance.yahoo.com\/noticias\/super%C3%A1vit-comercial-eurozona-dispara-acuerdo-130005144.html\" data-ylk=\"slk:los env\u00edos de la UE repuntaran en septiembre.;elm:context_link;itc:0;sec:content-canvas;outcm:mb_qualified_link;_E:mb_qualified_link;ct:story;\" class=\"link  yahoo-link\" rel=\"nofollow noopener\" target=\"_blank\"> los env\u00edos de la UE repuntaran en septiembre.<\/a> Las previsiones de la UE parten del supuesto de que todos los aranceles por pa\u00edses y sectores aplicados por EE.UU. a finales de octubre se mantendr\u00e1n durante todo el periodo de previsi\u00f3n.<\/p>\n<p class=\"yf-1090901\">De cara al futuro, el Comisario de Econom\u00eda, Valdis Dombrovskis, declar\u00f3 el lunes en una rueda de prensa que la UE debe seguir \u00abrecurriendo a los motores internos para impulsar el crecimiento\u00bb, ya que las barreras comerciales mundiales se mantienen en m\u00e1ximos hist\u00f3ricos. <strong>\u00abEuropa debe confiar en Europa\u00bb<\/strong>, a\u00f1adi\u00f3.<\/p>\n<p class=\"yf-1090901\"><b class=\"c-widget-related__title__text\">Related<\/b><\/p>\n<p class=\"yf-1090901\">Seg\u00fan la Comisi\u00f3n, la inversi\u00f3n en la eurozona <strong>recuperar\u00e1 el impulso<\/strong> en los pr\u00f3ximos a\u00f1os, principalmente por la construcci\u00f3n no residencial y el gasto en bienes de equipo. Dombrovskis tambi\u00e9n elogi\u00f3 la resistencia del mercado laboral europeo. El empleo en la UE seguir\u00e1 creciendo moderadamente, un 0,5% en 2025 y 2026, antes de desacelerarse al 0,4% en 2027. El crecimiento de los<a href=\"https:\/\/es.finance.yahoo.com\/noticias\/salarios-medios-europa-pa%C3%ADses-sueldos-064308608.html\" data-ylk=\"slk:salarios en la UE;elm:context_link;itc:0;sec:content-canvas;outcm:mb_qualified_link;_E:mb_qualified_link;ct:story;\" class=\"link  yahoo-link\" rel=\"nofollow noopener\" target=\"_blank\"> salarios en la UE<\/a> se ralentizar\u00e1, pero se mantendr\u00e1 por encima de la inflaci\u00f3n, lo que mejorar\u00e1 ligeramente el poder adquisitivo de los hogares.<\/p>\n<p class=\"yf-1090901\">En cuanto a la <a href=\"https:\/\/es.euronews.com\/business\/2025\/11\/14\/la-inflacion-se-dispara-en-espana-la-peor-cifra-en-16-meses#:~:text=La%20inflaci%C3%B3n%20en%20Espa%C3%B1a%20repunta,impulsan%20la%20subida%20de%20precios.\" rel=\"nofollow noopener\" target=\"_blank\" data-ylk=\"slk:inflaci\u00f3n;elm:context_link;itc:0;sec:content-canvas\" class=\"link \">inflaci\u00f3n<\/a> en la eurozona, las previsiones de oto\u00f1o la sit\u00faan en el 2,1% en 2025, y pronostican que las presiones sobre los precios rondar\u00e1n a corto plazo el objetivo del 2% fijado por el BCE. En su \u00faltima reuni\u00f3n, el Banco Central Europeo mantuvo su tipo de inter\u00e9s oficial en el 2%, y no se esperan nuevos recortes a corto plazo.<\/p>\n<p class=\"yf-1090901\">A pesar de las previsiones positivas de la Comisi\u00f3n, <strong>se espera que el d\u00e9ficit p\u00fablico aumente<\/strong> en la UE en los pr\u00f3ximos a\u00f1os. El d\u00e9ficit de las administraciones p\u00fablicas de la UE pasar\u00e1 del 3,1% del PIB en 2024 al 3,4% en 2027, en parte debido al aumento del gasto en defensa. Se prev\u00e9 que el ratio deuda\/PIB de la UE aumente del 84,5% en 2024 al 85% en 2027, y que el de la eurozona pase de alrededor del 88% al 90,4%.<\/p>\n<p class=\"yf-1090901\">La econom\u00eda espa\u00f1ola se sit\u00faa en una posici\u00f3n destacada dentro del bloque comunitario. Seg\u00fan la Comisi\u00f3n Europea, la previsi\u00f3n de crecimiento del PIB para Espa\u00f1a en 2025 se ha revisado al alza hasta el <strong>2,9 %<\/strong>. Este ajuste refleja que <a href=\"https:\/\/es.finance.yahoo.com\/noticias\/espa%C3%B1a-lidera-crecimiento-eurozona-alemania-111738964.html\" data-ylk=\"slk:Espa\u00f1a lidera entre las grandes econom\u00edas de la zona euro;elm:context_link;itc:0;sec:content-canvas;outcm:mb_qualified_link;_E:mb_qualified_link;ct:story;\" class=\"link  yahoo-link\" rel=\"nofollow noopener\" target=\"_blank\"><strong>Espa\u00f1a lidera entre las grandes econom\u00edas de la zona euro<\/strong> <\/a>en cuanto a expansi\u00f3n prevista.<\/p>\n<p class=\"yf-1090901\">El impulso est\u00e1 siendo generado principalmente por la demanda interna. <strong>El consumo de los hogares y la inversi\u00f3n empresarial<\/strong> concentran la fuerza principal del crecimiento, mientras que la contribuci\u00f3n del exterior se prev\u00e9 moderada.<\/p>\n<p class=\"yf-1090901\">En el \u00e1mbito fiscal, la previsi\u00f3n tambi\u00e9n mejora. Se estima que el <a href=\"https:\/\/es.euronews.com\/tag\/deuda-espanola\" rel=\"nofollow noopener\" target=\"_blank\" data-ylk=\"slk:d\u00e9ficit p\u00fablico de Espa\u00f1a;elm:context_link;itc:0;sec:content-canvas\" class=\"link \">d\u00e9ficit p\u00fablico de Espa\u00f1a<\/a> baje hasta el <strong>2,5 %<\/strong> del PIB en 2025. La Comisi\u00f3n reconoce que todav\u00eda hay desaf\u00edos estructurales, pero se\u00f1ala que la resistencia de la demanda interna coloca a Espa\u00f1a en una posici\u00f3n comparativamente s\u00f3lida.<\/p>\n","protected":false},"excerpt":{"rendered":"El crecimiento de la eurozona ha superado las expectativas este a\u00f1o y el impulso va a continuar, seg\u00fan&hellip;\n","protected":false},"author":2,"featured_media":241162,"comment_status":"","ping_status":"","sticky":false,"template":"","format":"standard","meta":{"footnotes":""},"categories":[80],"tags":[82,1708,95,94,25,24,23,9876,943],"class_list":{"0":"post-241161","1":"post","2":"type-post","3":"status-publish","4":"format-standard","5":"has-post-thumbnail","7":"category-economia","8":"tag-business","9":"tag-comision-europea","10":"tag-economia","11":"tag-economy","12":"tag-es","13":"tag-espana","14":"tag-spain","15":"tag-tasa-de-crecimiento","16":"tag-ue"},"share_on_mastodon":{"url":"https:\/\/pubeurope.com\/@es\/115565974803765286","error":""},"_links":{"self":[{"href":"https:\/\/www.europesays.com\/es\/wp-json\/wp\/v2\/posts\/241161","targetHints":{"allow":["GET"]}}],"collection":[{"href":"https:\/\/www.europesays.com\/es\/wp-json\/wp\/v2\/posts"}],"about":[{"href":"https:\/\/www.europesays.com\/es\/wp-json\/wp\/v2\/types\/post"}],"author":[{"embeddable":true,"href":"https:\/\/www.europesays.com\/es\/wp-json\/wp\/v2\/users\/2"}],"replies":[{"embeddable":true,"href":"https:\/\/www.europesays.com\/es\/wp-json\/wp\/v2\/comments?post=241161"}],"version-history":[{"count":0,"href":"https:\/\/www.europesays.com\/es\/wp-json\/wp\/v2\/posts\/241161\/revisions"}],"wp:featuredmedia":[{"embeddable":true,"href":"https:\/\/www.europesays.com\/es\/wp-json\/wp\/v2\/media\/241162"}],"wp:attachment":[{"href":"https:\/\/www.europesays.com\/es\/wp-json\/wp\/v2\/media?parent=241161"}],"wp:term":[{"taxonomy":"category","embeddable":true,"href":"https:\/\/www.europesays.com\/es\/wp-json\/wp\/v2\/categories?post=241161"},{"taxonomy":"post_tag","embeddable":true,"href":"https:\/\/www.europesays.com\/es\/wp-json\/wp\/v2\/tags?post=241161"}],"curies":[{"name":"wp","href":"https:\/\/api.w.org\/{rel}","templated":true}]}}