{"id":241163,"date":"2025-11-17T16:26:08","date_gmt":"2025-11-17T16:26:08","guid":{"rendered":"https:\/\/www.europesays.com\/es\/241163\/"},"modified":"2025-11-17T16:26:08","modified_gmt":"2025-11-17T16:26:08","slug":"bruselas-calcula-que-ucrania-necesita-casi-136-000-millones-de-euros-hasta-2027-internacional","status":"publish","type":"post","link":"https:\/\/www.europesays.com\/es\/241163\/","title":{"rendered":"Bruselas calcula que Ucrania necesita casi 136.000 millones de euros hasta 2027 | Internacional"},"content":{"rendered":"<p class=\"\">El tiempo corre, <a href=\"https:\/\/elpais.com\/internacional\/2025-10-10\/ucrania-trata-de-blindar-su-red-electrica-para-el-invierno-ante-una-nueva-ofensiva-rusa.html\" target=\"_self\" rel=\"nofollow noopener\" title=\"https:\/\/elpais.com\/internacional\/2025-10-10\/ucrania-trata-de-blindar-su-red-electrica-para-el-invierno-ante-una-nueva-ofensiva-rusa.html\">el invierno acecha<\/a> a una Ucrania cada vez m\u00e1s necesitada de fondos <a href=\"https:\/\/elpais.com\/internacional\/2025-11-14\/una-ofensiva-con-drones-y-misiles-rusos-causa-varios-muertos-en-kiev.html\" target=\"_self\" rel=\"nofollow noopener\" title=\"https:\/\/elpais.com\/internacional\/2025-11-14\/una-ofensiva-con-drones-y-misiles-rusos-causa-varios-muertos-en-kiev.html\">en plena guerra con Rusia <\/a>que no tiene visos de concluir y la Uni\u00f3n Europea sigue estancada en la b\u00fasqueda de fondos para apoyar a Kiev. Que necesitar\u00e1, seg\u00fan calcula ahora Bruselas, casi 136.000 millones de euros para cubrir sus necesidades macrofinancieras y militares hasta 2027. Y los primeros fondos deber\u00edan estar listos para la pr\u00f3xima primavera.<\/p>\n<p class=\"\">El principal obst\u00e1culo a la v\u00eda m\u00e1s r\u00e1pida de ayuda, el uso de los activos rusos congelados para emitir un \u201cpr\u00e9stamo de reparaci\u00f3n\u201d por hasta 140.000 millones de euros <a href=\"https:\/\/elpais.com\/internacional\/2025-10-24\/belgica-frena-la-ambicion-de-la-ue-de-entregar-miles-de-millones-de-activos-rusos-a-ucrania.html\" target=\"_self\" rel=\"nofollow noopener\" title=\"https:\/\/elpais.com\/internacional\/2025-10-24\/belgica-frena-la-ambicion-de-la-ue-de-entregar-miles-de-millones-de-activos-rusos-a-ucrania.html\">sigue siendo B\u00e9lgica,<\/a> en cuyo territorio se encuentra la mayor parte de esos activos y que bloquea esta alternativa temerosa de las represalias de Mosc\u00fa. Hay dos alternativas a esta v\u00eda, pero podr\u00edan salirle muy caras a todos los Veintisiete. Seg\u00fan advierte la presidenta de la Comisi\u00f3n Europea, Ursula von der Leyen, en una carta distribuida este lunes a todas las capitales exponiendo las tres \u201copciones\u201d posibles para ayudar a Kiev, otras f\u00f3rmulas implicar\u00edan que cada pa\u00eds deber\u00e1 dedicar cada a\u00f1o hasta el 0,27% de su renta nacional bruta a sostener a Ucrania.<\/p>\n<p class=\"\">En el caso de Espa\u00f1a, esto supondr\u00eda algo m\u00e1s de 4.000 millones por ejercicio. Y eso, siempre y cuando la guerra acabe en 2026 y que terceros pa\u00edses tambi\u00e9n aporten ayudas complementarias, advierte la misiva, a la que ha tenido acceso EL PA\u00cdS.<\/p>\n<p class=\"\">Bruselas no ha ocultado nunca su preferencia por la v\u00eda del \u201cpr\u00e9stamo de reparaci\u00f3n\u201d, que requerir\u00eda el uso de los activos congelados en Euroclear, una instituci\u00f3n financiera con sede en Bruselas. As\u00ed lo dej\u00f3 claro tambi\u00e9n la semana pasada la propia Von der Leyen, cuando, en un discurso ante el Parlamento Europeo, afirm\u00f3 que esta f\u00f3rmula es \u201cla forma m\u00e1s eficaz de apoyar la defensa de Ucrania y su econom\u00eda\u201d, adem\u00e1s de constituir \u201cla forma m\u00e1s clara de hacer comprender a Rusia que el tiempo no est\u00e1 de su parte\u201d, dijo el jueves.<\/p>\n<p class=\"\">Un d\u00eda m\u00e1s tarde, la pol\u00edtica alemana se reuni\u00f3 durante al menos una hora con el primer ministro belga, Bart De Wever. Un encuentro a puerta cerrada y tras el que no hubo comentario oficial alguno, s\u00edntoma de la falta de avances ante una B\u00e9lgica que desde la \u00faltima cumbre europea, a finales de octubre, sigue sin dar su brazo a torcer pese a que el tiempo para encontrar una soluci\u00f3n \u2014antes de que acabe el a\u00f1o, si se quiere poder empezar a ayudar a Ucrania antes de la primavera, cuando se quedar\u00e1 sin fondos\u2014 se agota r\u00e1pidamente. <\/p>\n<p class=\"\">En un intento m\u00e1s de convencer al Ejecutivo belga, Von der Leyen propone ahora garant\u00edas \u201clegalmente vinculantes e irrevocables\u201d por parte de los dem\u00e1s Estados miembros. Adem\u00e1s, plantea el compromiso de que la cobertura de los riesgos asociados al uso de los activos congelados rusos continuar\u00e1 incluso despu\u00e9s de que se levante la inmovilizaci\u00f3n de estos fondos tras el fin de la guerra. Tras su reuni\u00f3n con el secretario general de la OTAN, Mark Rutte, el presidente de Finlandia, <a href=\"https:\/\/elpais.com\/internacional\/2025-10-02\/alexander-stubb-presidente-de-finlandia-que-a-trump-se-le-agote-la-paciencia-con-putin-invita-al-optimismo.html\" target=\"_self\" rel=\"nofollow noopener\" title=\"https:\/\/elpais.com\/internacional\/2025-10-02\/alexander-stubb-presidente-de-finlandia-que-a-trump-se-le-agote-la-paciencia-con-putin-invita-al-optimismo.html\">Alexander Stubb<\/a>, ha reconocido que el Gobierno de De Wever, con quien tambi\u00e9n se re\u00fane este lunes, tiene <a href=\"https:\/\/elpais.com\/internacional\/2025-11-05\/belgica-sospecha-de-un-actor-estatal-tras-los-misteriosos-drones-que-sobrevuelan-bases-militares-y-aeropuertos-del-pais.html\" target=\"_self\" rel=\"nofollow noopener\" title=\"https:\/\/elpais.com\/internacional\/2025-11-05\/belgica-sospecha-de-un-actor-estatal-tras-los-misteriosos-drones-que-sobrevuelan-bases-militares-y-aeropuertos-del-pais.html\">\u201cpreocupaciones pol\u00edticas <\/a>y legales\u201d leg\u00edtimas que ha dicho conf\u00eda se puedan resolver antes de la pr\u00f3xima cita de mandatarios europeos en diciembre, porque en juego est\u00e1 la \u201csupervivencia\u201d de Ucrania.<\/p>\n<p class=\"\">La carta que Von der Leyen ha enviado este lunes a las capitales corresponde al mandato que estos le dieron en el \u00faltimo Consejo Europeo, en el que le pidieron que presentara todas las opciones posibles para ayudar a Ucrania y desgranara bien las implicaciones que tiene cada una de ellas (una de las cr\u00edticas que se hizo a la Comisi\u00f3n fue que lleg\u00f3 a la \u00faltima cita de l\u00edderes europeos sin haber despejado todas las dudas de B\u00e9lgica sobre garant\u00edas ante eventuales represalias de Mosc\u00fa).<\/p>\n<p class=\"\">La primera de las opciones ahora desbrozadas es un paquete de \u201cayudas no reembolsables financiadas por los Estados miembros\u201d. Es decir, que cada pa\u00eds proporcione subvenciones bilaterales voluntarias a la Uni\u00f3n, que esta despu\u00e9s convertir\u00e1 en esa ayuda no reembolsable a Kiev. El m\u00ednimo a recaudar para el periodo 2026-27 ser\u00eda de 90.000 millones de euros, lo que supondr\u00eda en un \u201cimpacto para los Estados miembros de entre 0,16 y 0,27% de su renta nacional bruta por a\u00f1o\u201d, especifica la Comisi\u00f3n. Dada su renta nacional bruta en 2024, esto supondr\u00eda que a Espa\u00f1a le corresponder\u00eda una contribuci\u00f3n de hasta unos 4.300 millones de euros anuales.<\/p>\n<p class=\"\">Una segunda opci\u00f3n es la que la UE financie la ayuda a Ucrania mediante la contrataci\u00f3n de deuda en los mercados financieros, la opci\u00f3n hasta ahora menos deseada, sobre todo por aquellos socios comunitarios con menos espacio fiscal para aumentar su d\u00e9ficit o deuda, como Francia o Italia. La advertencia que lanza la Comisi\u00f3n sobre esta opci\u00f3n no parece que vaya a calmar esas inquietudes: \u201cLas medidas que implican garant\u00edas de los Estados miembros tienen m\u00e1s probabilidades de repercutir en la deuda y el d\u00e9ficit nacionales\u201d, recuerda Bruselas, que tambi\u00e9n subraya que \u201cadem\u00e1s del tratamiento de los pr\u00e9stamos, los costes de los intereses que deben cubrir los Estados miembros como contribuciones afectar\u00edan directamente a su d\u00e9ficit y deuda\u201d.<\/p>\n<p class=\"\">Una alternativa a esto ser\u00eda, apunta la Comisi\u00f3n, que los pr\u00e9stamos de la UE vayan respaldados por el margen presupuestario de la UE. Pero m\u00e1s all\u00e1 de que esta opci\u00f3n requerir\u00eda una \u201cenmienda de las actuales normas\u201d, Bruselas se\u00f1ala que la medida podr\u00eda impactar en los tipos que la UE paga por otros programas financiados mediante empr\u00e9sitos en el mercado de capitales, como los fondos de recuperaci\u00f3n tras la pandemia NextGeneration UE o el programa SAFE de pr\u00e9stamos para la compra conjunta de armamento para Ucrania.<\/p>\n<p class=\"\">La tercera y \u00faltima opci\u00f3n que presenta la carta de Von der Leyen es la v\u00eda del pr\u00e9stamo de reparaci\u00f3n que sigue objetando B\u00e9lgica pero que, insiste en una demostraci\u00f3n m\u00e1s que es la privilegiada por el Ejecutivo comunitario y la mayor\u00eda de capitales europeas, \u201cno requiere ning\u00fan pr\u00e9stamo directo de la Uni\u00f3n en los mercados de capitales para financiar el pr\u00e9stamo a Ucrania\u201d.<\/p>\n<p class=\"\">En un intento de convencer al Gobierno de De Wever, la carta asegura que esta opci\u00f3n contar\u00e1 con garant\u00edas \u201clegalmente vinculantes, incondicionales e irrevocables\u201d de parte de los dem\u00e1s Estados miembros. Unas garant\u00edas que tambi\u00e9n se extender\u00edan a los \u201criesgos procedentes de tratados bilaterales de inversi\u00f3n vinculados a la inmovilizaci\u00f3n de los activos soberanos rusos\u201d, pero \u201ctambi\u00e9n despu\u00e9s de que se haya levantado la inmovilizaci\u00f3n de activos\u201d.<\/p>\n<p class=\"\">Bruselas tambi\u00e9n promete \u201csalvaguardias legales adicionales\u201d y que los \u201criesgos residuales sean compartidos entre los Estados miembros\u201d. Entre otros, con un compromiso de \u201ccubrir costes y consecuencias financieras que surjan de laudos arbitrales o de otras decisiones judiciales contra un Estado miembro\u201d debido al uso de los activos congelados.<\/p>\n<p class=\"\">Aunque B\u00e9lgica es el principal beneficiario de estas garant\u00edas adicionales, dado que Euroclear alberga la mayor parte de los activos financieros rusos, la Comisi\u00f3n propone que se ampl\u00ede la iniciativa de usar fondos congelados a \u201clos saldos de efectivo asociados a los activos soberanos rusos en poder de otras instituciones financieras de la Uni\u00f3n, como los bancos comerciales, pero con exclusi\u00f3n de los bancos centrales\u201d. Algo que agregar\u00eda unos 25.000 millones de euros, calcula. Tambi\u00e9n asegura que, de activarse esta tercera opci\u00f3n de \u201cpr\u00e9stamo de reparaci\u00f3n\u201d, este ser\u00e1 dise\u00f1ado de tal manera que \u201cse preserve la estabilidad financiera de las instituciones que albergan los activos inmovilizados\u201d y <a href=\"https:\/\/elpais.com\/internacional\/2025-10-23\/la-ue-endurece-el-cerco-a-rusia-con-nuevas-sanciones-tras-las-impuestas-por-ee-uu.html\" target=\"_self\" rel=\"nofollow noopener\" title=\"https:\/\/elpais.com\/internacional\/2025-10-23\/la-ue-endurece-el-cerco-a-rusia-con-nuevas-sanciones-tras-las-impuestas-por-ee-uu.html\">que se mitiguen todos los riesgos<\/a>. <\/p>\n<p class=\"\">Cualquiera de las tres opciones, subraya Von der Leyen, requieren un \u201ccompromiso colectivo\u201d de los Veintisiete y una \u201csolidaridad fuerte\u201d de toda la UE. La jefa del Ejecutivo europeo recuerda tambi\u00e9n la \u201curgencia\u201d de encontrar una soluci\u00f3n y manifiesta su esperanza de que el acuerdo para ello se d\u00e9 en la pr\u00f3xima cita de l\u00edderes europeos, a mediados de diciembre en Bruselas. <\/p>\n","protected":false},"excerpt":{"rendered":"El tiempo corre, el invierno acecha a una Ucrania cada vez m\u00e1s necesitada de fondos en plena guerra&hellip;\n","protected":false},"author":2,"featured_media":241164,"comment_status":"","ping_status":"","sticky":false,"template":"","format":"standard","meta":{"footnotes":""},"categories":[42],"tags":[8738,3171,17,18,1708,70,71,72,700,13,14,69,7082,11,61,62,63,64,19,20,9,10,15,16,1613,1614,12,7081,21,22,1617,65,66,67],"class_list":{"0":"post-241163","1":"post","2":"type-post","3":"status-publish","4":"format-standard","5":"has-post-thumbnail","7":"category-internacional","8":"tag-ataques-militares","9":"tag-belgica","10":"tag-breaking-news","11":"tag-breakingnews","12":"tag-comision-europea","13":"tag-conflictos","14":"tag-conflictos-armados","15":"tag-conflictos-internacionales","16":"tag-europa","17":"tag-featured-news","18":"tag-featurednews","19":"tag-guerra","20":"tag-guerra-de-rusia-en-ucrania","21":"tag-headlines","22":"tag-internacional","23":"tag-international","24":"tag-international-news","25":"tag-internationalnews","26":"tag-latest-news","27":"tag-latestnews","28":"tag-news","29":"tag-noticias","30":"tag-noticias-destacadas","31":"tag-noticiasdestacadas","32":"tag-otan","33":"tag-rusia","34":"tag-titulares","35":"tag-ucrania","36":"tag-ultimas-noticias","37":"tag-ultimasnoticias","38":"tag-union-europea","39":"tag-world","40":"tag-world-news","41":"tag-worldnews"},"share_on_mastodon":{"url":"","error":"Validation failed: Text character limit of 500 exceeded"},"_links":{"self":[{"href":"https:\/\/www.europesays.com\/es\/wp-json\/wp\/v2\/posts\/241163","targetHints":{"allow":["GET"]}}],"collection":[{"href":"https:\/\/www.europesays.com\/es\/wp-json\/wp\/v2\/posts"}],"about":[{"href":"https:\/\/www.europesays.com\/es\/wp-json\/wp\/v2\/types\/post"}],"author":[{"embeddable":true,"href":"https:\/\/www.europesays.com\/es\/wp-json\/wp\/v2\/users\/2"}],"replies":[{"embeddable":true,"href":"https:\/\/www.europesays.com\/es\/wp-json\/wp\/v2\/comments?post=241163"}],"version-history":[{"count":0,"href":"https:\/\/www.europesays.com\/es\/wp-json\/wp\/v2\/posts\/241163\/revisions"}],"wp:featuredmedia":[{"embeddable":true,"href":"https:\/\/www.europesays.com\/es\/wp-json\/wp\/v2\/media\/241164"}],"wp:attachment":[{"href":"https:\/\/www.europesays.com\/es\/wp-json\/wp\/v2\/media?parent=241163"}],"wp:term":[{"taxonomy":"category","embeddable":true,"href":"https:\/\/www.europesays.com\/es\/wp-json\/wp\/v2\/categories?post=241163"},{"taxonomy":"post_tag","embeddable":true,"href":"https:\/\/www.europesays.com\/es\/wp-json\/wp\/v2\/tags?post=241163"}],"curies":[{"name":"wp","href":"https:\/\/api.w.org\/{rel}","templated":true}]}}