{"id":241165,"date":"2025-11-17T16:27:09","date_gmt":"2025-11-17T16:27:09","guid":{"rendered":"https:\/\/www.europesays.com\/es\/241165\/"},"modified":"2025-11-17T16:27:09","modified_gmt":"2025-11-17T16:27:09","slug":"tres-jueces-del-caso-del-hermano-de-sanchez-recusados-por-presunta-perdida-de-imparcialidad","status":"publish","type":"post","link":"https:\/\/www.europesays.com\/es\/241165\/","title":{"rendered":"Tres jueces del caso del hermano de S\u00e1nchez, recusados por presunta p\u00e9rdida de imparcialidad"},"content":{"rendered":"<p class=\"voc-p\" style=\"\">Novedades en el caso de David S\u00e1nchez, por el que el hermano del presidente del Gobierno, el secretario general del PSOE de Extremadura, Miguel \u00c1ngel Gallardo, y otras nueve personas se sentar\u00e1n en el banquillo de los acusados por prevaricaci\u00f3n y tr\u00e1fico de influencias. La  &#8230; defensa de una de esas personas, la que fuese directora del \u00e1rea de Recursos Humanos de la Diputaci\u00f3n de Badajoz en el momento de la contrataci\u00f3n, Juana Cinta Calder\u00f3n, ha presentado un escrito de recusaci\u00f3n contra tres jueces \u2013Jos\u00e9 Antonio Patrocinio, Emilio Francisco Serrano y Dolores Fern\u00e1ndez- que, entiende, han perdido la imparcialidad objetiva por haber \u00abprejuzgado\u00bb el caso en una resoluci\u00f3n anterior.<\/p>\n<p class=\"voc-p\" style=\"\">Todo se remonta a un auto de resoluci\u00f3n a un recurso de apelaci\u00f3n, emitido el pasado 23 de septiembre. Un auto de 62 p\u00e1ginas, con una \u00abampl\u00edsima motivaci\u00f3n poco frecuente\u00bb, seg\u00fan la defensa. Se incide en que, en ese auto, los magistrados se refer\u00edan a la eliminaci\u00f3n de la incompatibilidad en el puesto de David S\u00e1nchez como \u00abuna decisi\u00f3n claramente contra legem\u00bb. El \u00abclaramente\u00bb, argumenta la defensa, demuestra un \u00abprejuicio ya s\u00f3lidamente adquirido por parte del tribunal. <\/p>\n<p class=\"voc-p\" style=\"\">A lo largo del escrito de defensa, se enumeran algunas afirmaciones de los magistrados que ir\u00edan en esta misma l\u00ednea. Por ejemplo, sobre el cambio de la nomenclatura del puesto que ocup\u00f3 David S\u00e1nchez, dec\u00edan que \u00abencubr\u00eda en realidad la creaci\u00f3n de un puesto nuevo\u00bb, tal y como argumentaba la acusaci\u00f3n. <\/p>\n<p class=\"voc-p\" style=\"\">Adem\u00e1s, se subraya el uso del adjetivo \u00abtorticero\u00bb, que los jueces utilizaron para definir la finalidad del cambio en el puesto de trabajo: \u00abEs un t\u00e9rmino sumamente clarificador del prejuicio\u00bb hacia el delito de prevaricaci\u00f3n administrativa. Los magistrados tambi\u00e9n llegaron a hablar de \u00abintencionalidad espuria de satisfacer los intereses personales de Don David \u2013S\u00e1nchez-\u00bb.<\/p>\n<p class=\"voc-p\" style=\"\">Con todo, la defensa entiende que se est\u00e1 vulnerando el derecho fundamental a un proceso con todas las garant\u00edas y a un juez imparcial. En el escrito de recusaci\u00f3n se pone el acento en que los magistrados han tenido un contacto tan directo con el material de la instrucci\u00f3n que ya han perdido la \u00abnecesaria imparcialidad objetiva\u00bb.<\/p>\n<p><img loading=\"lazy\" decoding=\"async\" width=\"530\" height=\"64\" class=\"logo-premium\" src=\"data:image\/gif;base64,R0lGODlhAQABAAAAACH5BAEKAAEALAAAAAABAAEAAAICTAEAOw==\" alt=\"ABC Premium\"\/><br \/>\nL\u00edmite de sesiones alcanzadas<\/p>\n<ul class=\"listado\">\n<li>El acceso al contenido Premium est\u00e1 abierto por cortes\u00eda del establecimiento donde te encuentras, pero ahora mismo hay demasiados usuarios conectados a la vez. Por favor, int\u00e9ntalo pasados unos minutos.<\/li>\n<\/ul>\n<p>Volver a intentar<\/p>\n<p><img loading=\"lazy\" decoding=\"async\" width=\"530\" height=\"64\" class=\"logo-premium\" src=\"data:image\/gif;base64,R0lGODlhAQABAAAAACH5BAEKAAEALAAAAAABAAEAAAICTAEAOw==\" alt=\"ABC Premium\"\/><br \/>\nHas superado el l\u00edmite de sesiones<\/p>\n<ul class=\"listado\">\n<li>S\u00f3lo puedes tener tres sesiones iniciadas a la vez. Hemos cerrado la sesi\u00f3n m\u00e1s antigua para que sigas navegando sin l\u00edmites en el resto.<\/li>\n<\/ul>\n<p>Sigue navegando<\/p>\n<p>\nArt\u00edculo solo para suscriptores\n<\/p>\n<p>Reportar un error<\/p>\n","protected":false},"excerpt":{"rendered":"Novedades en el caso de David S\u00e1nchez, por el que el hermano del presidente del Gobierno, el secretario&hellip;\n","protected":false},"author":2,"featured_media":241166,"comment_status":"","ping_status":"","sticky":false,"template":"","format":"standard","meta":{"footnotes":""},"categories":[8],"tags":[17,18,25,24,13,14,11,37,37795,2159,19,20,9,10,15,16,852,28446,62066,199,23,12,603,21,22],"class_list":{"0":"post-241165","1":"post","2":"type-post","3":"status-publish","4":"format-standard","5":"has-post-thumbnail","7":"category-espana","8":"tag-breaking-news","9":"tag-breakingnews","10":"tag-es","11":"tag-espana","12":"tag-featured-news","13":"tag-featurednews","14":"tag-headlines","15":"tag-hermano","16":"tag-imparcialidad","17":"tag-jueces","18":"tag-latest-news","19":"tag-latestnews","20":"tag-news","21":"tag-noticias","22":"tag-noticias-destacadas","23":"tag-noticiasdestacadas","24":"tag-perdida","25":"tag-presunta","26":"tag-recusados","27":"tag-sanchez","28":"tag-spain","29":"tag-titulares","30":"tag-tres","31":"tag-ultimas-noticias","32":"tag-ultimasnoticias"},"share_on_mastodon":{"url":"","error":""},"_links":{"self":[{"href":"https:\/\/www.europesays.com\/es\/wp-json\/wp\/v2\/posts\/241165","targetHints":{"allow":["GET"]}}],"collection":[{"href":"https:\/\/www.europesays.com\/es\/wp-json\/wp\/v2\/posts"}],"about":[{"href":"https:\/\/www.europesays.com\/es\/wp-json\/wp\/v2\/types\/post"}],"author":[{"embeddable":true,"href":"https:\/\/www.europesays.com\/es\/wp-json\/wp\/v2\/users\/2"}],"replies":[{"embeddable":true,"href":"https:\/\/www.europesays.com\/es\/wp-json\/wp\/v2\/comments?post=241165"}],"version-history":[{"count":0,"href":"https:\/\/www.europesays.com\/es\/wp-json\/wp\/v2\/posts\/241165\/revisions"}],"wp:featuredmedia":[{"embeddable":true,"href":"https:\/\/www.europesays.com\/es\/wp-json\/wp\/v2\/media\/241166"}],"wp:attachment":[{"href":"https:\/\/www.europesays.com\/es\/wp-json\/wp\/v2\/media?parent=241165"}],"wp:term":[{"taxonomy":"category","embeddable":true,"href":"https:\/\/www.europesays.com\/es\/wp-json\/wp\/v2\/categories?post=241165"},{"taxonomy":"post_tag","embeddable":true,"href":"https:\/\/www.europesays.com\/es\/wp-json\/wp\/v2\/tags?post=241165"}],"curies":[{"name":"wp","href":"https:\/\/api.w.org\/{rel}","templated":true}]}}