{"id":241167,"date":"2025-11-17T16:28:11","date_gmt":"2025-11-17T16:28:11","guid":{"rendered":"https:\/\/www.europesays.com\/es\/241167\/"},"modified":"2025-11-17T16:28:11","modified_gmt":"2025-11-17T16:28:11","slug":"la-conferencia-sectorial-de-igualdad-aprueba-el-procedimiento-para-la-acreditacion-de-las-situaciones-de-violencias-sexuales-2","status":"publish","type":"post","link":"https:\/\/www.europesays.com\/es\/241167\/","title":{"rendered":"La Conferencia Sectorial de Igualdad aprueba el procedimiento para la acreditaci\u00f3n de las situaciones de violencias sexuales"},"content":{"rendered":"<p class=\"main-image\">&#13; <img decoding=\"async\" alt=\"La ministra de Igualdad, Ana Redondo, preside la Conferencia Sectorial de Igualdad, en la sede del Ministerio.\" title=\"La ministra de Igualdad, Ana Redondo, preside la Conferencia Sectorial de Igualdad, en la sede del Ministerio.\" src=\"https:\/\/www.europesays.com\/es\/wp-content\/uploads\/2025\/11\/171125-conferencia-sectorial-igualdad.jpg\"\/>&#13;La ministra de Igualdad, Ana Redondo, preside la Conferencia Sectorial de Igualdad, en la sede del Ministerio.&#13;&#13;<\/p>\n<p>La Conferencia Sectorial de Igualdad ha alcanzado un acuerdo relativo al procedimiento com\u00fan de acreditaci\u00f3n de las situaciones de violencias sexuales. En la reuni\u00f3n mantenida entre el Ministerio de Igualdad, las comunidades aut\u00f3nomas y las ciudades aut\u00f3nomas de Ceuta y Melilla, se ha aprobado el procedimiento b\u00e1sico o pautas m\u00ednimas comunes para llevar a cabo la acreditaci\u00f3n, con efectos administrativos, de las situaciones de violencias sexuales.<\/p>\n<p>Estas acreditaciones, contempladas en la <a href=\"https:\/\/www.boe.es\/eli\/es\/lo\/2022\/09\/06\/10\/con\" target=\"_blank\" onclick=\"javascript:GoogleTrackEvent(&#039;True&#039;,&#039;Contenido&#039;,&#039;Click&#039;,&#039;[https:\/\/www.lamoncloa.gob.es\/serviciosdeprensa\/notasprensa\/igualdad\/Paginas\/2025\/171125-conferencia-sectorial-igualdad.aspx] Ley Org\u00e1nica 10\/2022 de garant\u00eda integral de libertad sexual,. [https:\/\/www.boe.es\/eli\/es\/lo\/2022\/09\/06\/10\/con]&#039;);\" rel=\"nofollow noopener\">Ley Org\u00e1nica 10\/2022 de garant\u00eda integral de libertad sexual,<\/a> facilitar\u00e1 el acceso de las v\u00edctimas de violencias sexuales a todos los derechos, recursos y servicios reconocidos en la normativa estatal, dando cumplimiento, adem\u00e1s, a los requerimientos tanto del Convenio de Estambul, como del Pacto de Estado contra la violencia de g\u00e9nero.<\/p>\n<p>Seg\u00fan el acuerdo alcanzado en esta jornada, la acreditaci\u00f3n tendr\u00e1 eficacia en todo el territorio del Estado y podr\u00e1 ser solicitada por las mujeres, ni\u00f1as, ni\u00f1os y adolescentes v\u00edctimas principales de todas las formas de violencia sexual; as\u00ed como por quienes ejerzan su representaci\u00f3n legal. De esta forma, podr\u00e1n solicitar esta acreditaci\u00f3n las v\u00edctimas que no hayan presentado denuncia previa, aquellas cuyo procedimiento judicial haya sido archivado o sobrese\u00eddo, quienes hayan interpuesto denuncia y el procedimiento penal est\u00e9 en tr\u00e1mite, o las que cuentan con sentencia condenatoria firme con pena o penas ya extinguidas por cualquier causa, siempre que haya transcurrido el plazo de cinco a\u00f1os a contar desde el d\u00eda siguiente al de su notificaci\u00f3n.<\/p>\n<p>Podr\u00e1n hacerlo, igualmente, las v\u00edctimas con sentencia absolutoria o que no hayan podido probar la existencia de violencia, las v\u00edctimas a las que se haya denegado la orden de protecci\u00f3n o la adopci\u00f3n de medidas cautelares, o para las que estas hayan quedado inactivas, y cuando existan antecedentes de denuncia o retirada de la misma.<\/p>\n<p>La acreditaci\u00f3n con t\u00edtulo administrativo tendr\u00e1 una vigencia de cinco a\u00f1os, a contar desde el d\u00eda siguiente al de la emisi\u00f3n del t\u00edtulo acreditativo, o desde que la v\u00edctima cumpli\u00f3 la mayor\u00eda de edad, si la acreditaci\u00f3n se emiti\u00f3 siendo esta menor de edad. Transcurrido ese plazo de cinco a\u00f1os, podr\u00e1 solicitarse nuevamente.<\/p>\n<p>Hasta alcanzar este acuerdo con los territorios, el Ministerio de Igualdad ha impulsado un grupo de trabajo con las comunidades aut\u00f3nomas y las ciudades de Ceuta y Melilla, que se ha reunido en ocho ocasiones. Por otro lado, el Ministerio de Igualdad, a trav\u00e9s de la Secretar\u00eda de Estado de Igualdad, ha trabajado junto al Ministerio de Justicia en una instrucci\u00f3n, publicada el pasado 28 de octubre, para que los letrados de la Administraci\u00f3n de Justicia comuniquen la informaci\u00f3n sobre las v\u00edctimas de violencia sexual al punto designado por las comunidades y ciudades aut\u00f3nomas, a semejanza de lo que ya se ven\u00eda haciendo con las v\u00edctimas de violencia de g\u00e9nero.<\/p>\n<p>El Ministerio de Igualdad cuenta desde 2023 con una partida presupuestaria espec\u00edfica para hacer frente a las ayudas econ\u00f3micas, que ya est\u00e1 a disposici\u00f3n de las comunidades aut\u00f3nomas para su gesti\u00f3n y, en \u00faltima instancia, para que puedan contribuir a la recuperaci\u00f3n y el bienestar de las v\u00edctimas. Y, con independencia de la acreditaci\u00f3n administrativa, son t\u00edtulos habilitantes que certifican las situaciones de violencia sexual, y por tanto dan acceso a las v\u00edctimas a sus derechos legales, las sentencias condenatorias, las \u00f3rdenes de protecci\u00f3n, o cualquier otra resoluci\u00f3n judicial que declare la existencia de violencia sexual o acuerde una medida cautelar a favor de la v\u00edctima; as\u00ed como un informe del Ministerio Fiscal que indique la existencia de indicios de que la demandante es v\u00edctima de violencia sexual.<\/p>\n<p>Transparencia sobre otros asuntos<\/p>\n<p>Al margen de las acreditaciones, en la Conferencia Sectorial de Igualdad, celebrada a lo largo de la ma\u00f1ana, el Ministerio de Igualdad ha informado de otros asuntos como la incidencia t\u00e9cnica en el sistema Cometa, registrada el pasado 11 de noviembre y resuelta ese mismo d\u00eda; de los \u00faltimos casos de violencia de g\u00e9nero que se analizaron en el comit\u00e9 de crisis celebrado el pasado d\u00eda 12 de noviembre; y del reciente <a href=\"https:\/\/www.lamoncloa.gob.es\/consejodeministros\/resumenes\/paginas\/2025\/300925-rueda-de-prensa-ministros.aspx\" onclick=\"javascript:GoogleTrackEvent(&#039;True&#039;,&#039;Contenido&#039;,&#039;Click&#039;,&#039;[https:\/\/www.lamoncloa.gob.es\/serviciosdeprensa\/notasprensa\/igualdad\/Paginas\/2025\/171125-conferencia-sectorial-igualdad.aspx] texto normativo sobre violencia vicaria. [\/consejodeministros\/resumenes\/paginas\/2025\/300925-rueda-de-prensa-ministros.aspx]&#039;);\" rel=\"nofollow noopener\" target=\"_blank\">texto normativo sobre violencia vicaria<\/a> impulsado por el ministerio.<\/p>\n","protected":false},"excerpt":{"rendered":"&#13; &#13;La ministra de Igualdad, Ana Redondo, preside la Conferencia Sectorial de Igualdad, en la sede del Ministerio.&#13;&#13;&hellip;\n","protected":false},"author":2,"featured_media":241168,"comment_status":"","ping_status":"","sticky":false,"template":"","format":"standard","meta":{"footnotes":""},"categories":[5],"tags":[517,17,18,25,24,13,14,11,2178,19,20,9,10,15,16,2330,23,12,21,22],"class_list":{"0":"post-241167","1":"post","2":"type-post","3":"status-publish","4":"format-standard","5":"has-post-thumbnail","7":"category-titulares","8":"tag-actualidad","9":"tag-breaking-news","10":"tag-breakingnews","11":"tag-es","12":"tag-espana","13":"tag-featured-news","14":"tag-featurednews","15":"tag-headlines","16":"tag-igualdad","17":"tag-latest-news","18":"tag-latestnews","19":"tag-news","20":"tag-noticias","21":"tag-noticias-destacadas","22":"tag-noticiasdestacadas","23":"tag-prensa","24":"tag-spain","25":"tag-titulares","26":"tag-ultimas-noticias","27":"tag-ultimasnoticias"},"share_on_mastodon":{"url":"https:\/\/pubeurope.com\/@es\/115565986545854133","error":""},"_links":{"self":[{"href":"https:\/\/www.europesays.com\/es\/wp-json\/wp\/v2\/posts\/241167","targetHints":{"allow":["GET"]}}],"collection":[{"href":"https:\/\/www.europesays.com\/es\/wp-json\/wp\/v2\/posts"}],"about":[{"href":"https:\/\/www.europesays.com\/es\/wp-json\/wp\/v2\/types\/post"}],"author":[{"embeddable":true,"href":"https:\/\/www.europesays.com\/es\/wp-json\/wp\/v2\/users\/2"}],"replies":[{"embeddable":true,"href":"https:\/\/www.europesays.com\/es\/wp-json\/wp\/v2\/comments?post=241167"}],"version-history":[{"count":0,"href":"https:\/\/www.europesays.com\/es\/wp-json\/wp\/v2\/posts\/241167\/revisions"}],"wp:featuredmedia":[{"embeddable":true,"href":"https:\/\/www.europesays.com\/es\/wp-json\/wp\/v2\/media\/241168"}],"wp:attachment":[{"href":"https:\/\/www.europesays.com\/es\/wp-json\/wp\/v2\/media?parent=241167"}],"wp:term":[{"taxonomy":"category","embeddable":true,"href":"https:\/\/www.europesays.com\/es\/wp-json\/wp\/v2\/categories?post=241167"},{"taxonomy":"post_tag","embeddable":true,"href":"https:\/\/www.europesays.com\/es\/wp-json\/wp\/v2\/tags?post=241167"}],"curies":[{"name":"wp","href":"https:\/\/api.w.org\/{rel}","templated":true}]}}