{"id":241169,"date":"2025-11-17T16:33:13","date_gmt":"2025-11-17T16:33:13","guid":{"rendered":"https:\/\/www.europesays.com\/es\/241169\/"},"modified":"2025-11-17T16:33:13","modified_gmt":"2025-11-17T16:33:13","slug":"el-estremecedor-dato-de-eficacia-que-convierte-a-sinner-en-una-leyenda-en-2024-y-2025-punto-de-break","status":"publish","type":"post","link":"https:\/\/www.europesays.com\/es\/241169\/","title":{"rendered":"El estremecedor dato de eficacia que convierte a Sinner en una leyenda en 2024 y 2025 &#8211; Punto de Break"},"content":{"rendered":"<ol>\n<li><a href=\"https:\/\/news.google.com\/rss\/articles\/CBMiowFBVV95cUxNeWlNX3RMakJFdW0xa3BtLVk2ZWRzV3NLSGJyQmNhZVp4cFpSSmlYandBbE90b0hkMnY0c2tFN0RXWkdFMF9xdExSSnZHeFc3TE5pSFYxcXFQWkhIU2VyYmFGYUd4eEcxZUc1cWdhRDBPOGRoZWRHMDhXR3RTSXhaM0QtZ0ZnR3dfdzdabXBrM3p4T0dyMEpxNk9aTFJJSmFtUHRj?oc=5\" target=\"_blank\" rel=\"nofollow noopener\">El estremecedor dato de eficacia que convierte a Sinner en una leyenda en 2024 y 2025<\/a>&nbsp;&nbsp;Punto de Break<\/li>\n<li><a href=\"https:\/\/news.google.com\/rss\/articles\/CBMiyAFBVV95cUxQbnVUZGZ3WUZaVXZSM3JzUk5HM1JXMTJIQklDeU9VS2lrYlRBWjBfT1FlcEZmZ1JfT1VIVElJbWVRTUJXVXU5NzFYd1VKdzUzNERBWlJrcXNZN3M3YVk5eXF0bE0xYTVFTzhuVzdELVdOLWNna3ZUTmVFVXBBaW5yQmYzclk4UGpUT2pyaENMd2dwZmNTTm8yNlhBd0xqMDQwTklyZk1qQTNvWkprZ2VXN05Dby1hN044VzRJQW03b2c0TnEtVDNqMw?oc=5\" target=\"_blank\" rel=\"nofollow noopener\">Copa de Maestros 2025: El temible e impoluto Jannik Sinner | Tenis | Deportes<\/a>&nbsp;&nbsp;EL PA\u00cdS<\/li>\n<li><a href=\"https:\/\/news.google.com\/rss\/articles\/CBMihAFBVV95cUxOd1Y5SnNObGd5SjYwVl9LdkltWFhwcjZweGJvelFydndLc2VVYXRtRFBwQjZGdmJ1aHYzQmRhZTdCMjVBU3NtZEtESTc5ek01czV4NldadlBaaktyX3R5YzQ5WmctVk9mQVVEQThmZzd5QWdDQnE4dnFVeEFNUjVHbnNVNVbSAYQBQVVfeXFMT0liWkVQSFI5M2Eyc0FpbncyLWY3dWZTbWNVUDg5OElYVTVXd2gydkFmQWZzS29Td2lTSzFXeWY3eENMZWtDX0o2OVJ3SW52ZG0zb0JvalBZVEdkeC1KR2o5a1Q2UGtPY2gwTE5RSEZpb2lBUjdnV2ZVVElFMEhaRnZ5dXBl?oc=5\" target=\"_blank\" rel=\"nofollow noopener\">Sinner ya espera a Alcaraz en la final: vence por decimotercera vez a De Mi\u00f1aur, su v\u00edctima favorita<\/a>&nbsp;&nbsp;El Mundo<\/li>\n<li><a href=\"https:\/\/news.google.com\/rss\/articles\/CBMi7gFBVV95cUxPN3JiazRDZGlvOVpDcFhTNDJqbjFYME5RV2pKV2YtNnNGQ2dheDhVQ2RxRzdjUnhOeG1GQXZaUm0wSXU0TUd2eDJDWjM1UWpmZzBDd2t3TUF2emNKVU1ndTUycFBkX2Q4djhiT3E0NWtBLWVZbE02blVRSnRxbTE2ekNTLWQwWTNaNTNFZFZub1JycXJkQTNObUF1d0FLd3ZJd0RlZ1Fmamx0WkJXb0VmSjA0Y2c0eGpwVHc4aUdKNmVaVHN1cVZtUUtQV3FKcE1iU1ZWbUJOd3l2alR2TlNQU2ltR0N5VFI1b1VSZ25n?oc=5\" target=\"_blank\" rel=\"nofollow noopener\">Los estratosf\u00e9ricos n\u00fameros del &#8216;Maestro&#8217; Sinner en las ATP Finals: a la altura de Federer y Lendl<\/a>&nbsp;&nbsp;Eurosport<\/li>\n<li><a href=\"https:\/\/news.google.com\/rss\/articles\/CBMiqAFBVV95cUxOMXVsb1hwUktZaXBlVm54NjhZRkRBUGdtZlVwR285OGNHYXFxZUQyWk9jUXlONVBrUHNvczJKNkZfZ1RRNXRIbzBHYkNLbzVQYjdSMUFHZkVrdW1XR0ROdE10c1JZM1BHdjZWRjdUNjlIWkMxTEU3TWVKYzM3Q0MzZk8xUHlJZ00yaVVXYXF4VUdPNHVUYjNJSkZmVENJSmRCN09wQ21NWno?oc=5\" target=\"_blank\" rel=\"nofollow noopener\">Sinner bate a De Mi\u00f1aur y encadena su triunfo n\u00famero 30 hacia la final de Tur\u00edn<\/a>&nbsp;&nbsp;ABC<\/li>\n<\/ol>\n","protected":false},"excerpt":{"rendered":"El estremecedor dato de eficacia que convierte a Sinner en una leyenda en 2024 y 2025&nbsp;&nbsp;Punto de Break&hellip;\n","protected":false},"author":2,"featured_media":241170,"comment_status":"","ping_status":"","sticky":false,"template":"","format":"standard","meta":{"footnotes":""},"categories":[274],"tags":[168,25,24,23,167,327,326],"class_list":{"0":"post-241169","1":"post","2":"type-post","3":"status-publish","4":"format-standard","5":"has-post-thumbnail","7":"category-tenis","8":"tag-deportes","9":"tag-es","10":"tag-espana","11":"tag-spain","12":"tag-sports","13":"tag-tenis","14":"tag-tennis"},"share_on_mastodon":{"url":"https:\/\/pubeurope.com\/@es\/115566005773639910","error":""},"_links":{"self":[{"href":"https:\/\/www.europesays.com\/es\/wp-json\/wp\/v2\/posts\/241169","targetHints":{"allow":["GET"]}}],"collection":[{"href":"https:\/\/www.europesays.com\/es\/wp-json\/wp\/v2\/posts"}],"about":[{"href":"https:\/\/www.europesays.com\/es\/wp-json\/wp\/v2\/types\/post"}],"author":[{"embeddable":true,"href":"https:\/\/www.europesays.com\/es\/wp-json\/wp\/v2\/users\/2"}],"replies":[{"embeddable":true,"href":"https:\/\/www.europesays.com\/es\/wp-json\/wp\/v2\/comments?post=241169"}],"version-history":[{"count":0,"href":"https:\/\/www.europesays.com\/es\/wp-json\/wp\/v2\/posts\/241169\/revisions"}],"wp:featuredmedia":[{"embeddable":true,"href":"https:\/\/www.europesays.com\/es\/wp-json\/wp\/v2\/media\/241170"}],"wp:attachment":[{"href":"https:\/\/www.europesays.com\/es\/wp-json\/wp\/v2\/media?parent=241169"}],"wp:term":[{"taxonomy":"category","embeddable":true,"href":"https:\/\/www.europesays.com\/es\/wp-json\/wp\/v2\/categories?post=241169"},{"taxonomy":"post_tag","embeddable":true,"href":"https:\/\/www.europesays.com\/es\/wp-json\/wp\/v2\/tags?post=241169"}],"curies":[{"name":"wp","href":"https:\/\/api.w.org\/{rel}","templated":true}]}}