{"id":241171,"date":"2025-11-17T16:34:13","date_gmt":"2025-11-17T16:34:13","guid":{"rendered":"https:\/\/www.europesays.com\/es\/241171\/"},"modified":"2025-11-17T16:34:13","modified_gmt":"2025-11-17T16:34:13","slug":"aleix-espargaro-cierra-su-etapa-profesional-en-el-ciclismo-para-centrarse-en-su-labor-con-honda","status":"publish","type":"post","link":"https:\/\/www.europesays.com\/es\/241171\/","title":{"rendered":"Aleix Espargar\u00f3 cierra su etapa profesional en el ciclismo para centrarse en su labor con Honda"},"content":{"rendered":"<p>Aleix Espargar\u00f3 ha puesto fin a su breve paso por el ciclismo profesional dentro de la estructura Lidl-Trek. El piloto de pruebas de Honda, que durante esta temporada trat\u00f3 de equilibrar su pasi\u00f3n por la bicicleta con su papel en MotoGP, ha explicado que la marca japonesa le ha pedido enfocarse por completo en el desarrollo de la moto y que esa exigencia marca el final de esta experiencia.<\/p>\n<p><img decoding=\"async\" loading=\"lazy\" width=\"1200\" height=\"1200\" style=\"aspect-ratio: 1200\/1200;\" alt=\"Aleix Espargar\u00f3. Imagen: Instagram\" src=\"https:\/\/www.europesays.com\/es\/wp-content\/uploads\/2025\/11\/aleix-espargaro-despedida-ciclismo-profesional.jpg\"\/>Aleix Espargar\u00f3. Imagen: InstagramUna aventura medi\u00e1tica frenada por las lesiones y el aumento de responsabilidades<\/p>\n<p>Su llegada a Lidl-Trek a comienzos de a\u00f1o gener\u00f3 un notable impacto medi\u00e1tico. El fichaje abr\u00eda una inc\u00f3gnita interesante: descubrir c\u00f3mo pod\u00eda rendir un deportista habituado al motociclismo, pero que desde hace a\u00f1os entrenaba como un ciclista m\u00e1s. Esa transici\u00f3n termin\u00f3 siendo real. Espargar\u00f3 se integr\u00f3 en las concentraciones del equipo, asumi\u00f3 cargas de trabajo propias del WorldTour y debut\u00f3 en la Vuelta a Austria, un estreno hist\u00f3rico para un piloto de MotoGP.<\/p>\n<p>El recorrido, sin embargo, se torci\u00f3 pronto. Una ca\u00edda en carrera le oblig\u00f3 a abandonar y, cuando trataba de recuperar ritmo meses despu\u00e9s, un accidente durante un entrenamiento provoc\u00f3 la fractura de tres v\u00e9rtebras. Esa lesi\u00f3n fue determinante: adem\u00e1s de impedirle competir en el GP de Hungr\u00eda, llev\u00f3 a Honda a pedirle que priorizase su labor como probador.<\/p>\n<p>El propio piloto reconoce que trat\u00f3 de compaginar dos mundos que no son compatibles. Durante las semanas posteriores a la lesi\u00f3n apenas pudo rodar en bicicleta, inmerso en sesiones de test en Malasia y en un calendario exigente dentro de la estructura japonesa.<\/p>\n<p>Aunque deja atr\u00e1s la competici\u00f3n profesional, Espargar\u00f3 seguir\u00e1 vinculado al Lidl-Trek. Mantendr\u00e1 su presencia en entrenamientos y actividades del equipo, sin dorsales ni objetivos deportivos, con la idea de continuar disfrutando de la bicicleta sin interferencias con su rol en MotoGP.<\/p>\n<p>La raz\u00f3n es evidente: Honda quiere que lidere el desarrollo de la moto de 2026 y del prototipo de 2027 (ya con neum\u00e1ticos Pirelli). Esa responsabilidad requiere una dedicaci\u00f3n plena y marca un cambio de etapa en su carrera deportiva.<\/p>\n<p>Para Espargar\u00f3, la experiencia en el pelot\u00f3n ha sido intensa y breve, marcada por la ilusi\u00f3n de competir al m\u00e1ximo nivel y por unas lesiones que han acelerado la decisi\u00f3n. Seguir\u00e1 entrenando como siempre, pero ya sin el compromiso del calendario profesional.<\/p>\n","protected":false},"excerpt":{"rendered":"Aleix Espargar\u00f3 ha puesto fin a su breve paso por el ciclismo profesional dentro de la estructura Lidl-Trek.&hellip;\n","protected":false},"author":2,"featured_media":241172,"comment_status":"","ping_status":"","sticky":false,"template":"","format":"standard","meta":{"footnotes":""},"categories":[273],"tags":[313,312,168,25,24,23,167],"class_list":{"0":"post-241171","1":"post","2":"type-post","3":"status-publish","4":"format-standard","5":"has-post-thumbnail","7":"category-ciclismo","8":"tag-ciclismo","9":"tag-cycling","10":"tag-deportes","11":"tag-es","12":"tag-espana","13":"tag-spain","14":"tag-sports"},"share_on_mastodon":{"url":"https:\/\/pubeurope.com\/@es\/115566010026785751","error":""},"_links":{"self":[{"href":"https:\/\/www.europesays.com\/es\/wp-json\/wp\/v2\/posts\/241171","targetHints":{"allow":["GET"]}}],"collection":[{"href":"https:\/\/www.europesays.com\/es\/wp-json\/wp\/v2\/posts"}],"about":[{"href":"https:\/\/www.europesays.com\/es\/wp-json\/wp\/v2\/types\/post"}],"author":[{"embeddable":true,"href":"https:\/\/www.europesays.com\/es\/wp-json\/wp\/v2\/users\/2"}],"replies":[{"embeddable":true,"href":"https:\/\/www.europesays.com\/es\/wp-json\/wp\/v2\/comments?post=241171"}],"version-history":[{"count":0,"href":"https:\/\/www.europesays.com\/es\/wp-json\/wp\/v2\/posts\/241171\/revisions"}],"wp:featuredmedia":[{"embeddable":true,"href":"https:\/\/www.europesays.com\/es\/wp-json\/wp\/v2\/media\/241172"}],"wp:attachment":[{"href":"https:\/\/www.europesays.com\/es\/wp-json\/wp\/v2\/media?parent=241171"}],"wp:term":[{"taxonomy":"category","embeddable":true,"href":"https:\/\/www.europesays.com\/es\/wp-json\/wp\/v2\/categories?post=241171"},{"taxonomy":"post_tag","embeddable":true,"href":"https:\/\/www.europesays.com\/es\/wp-json\/wp\/v2\/tags?post=241171"}],"curies":[{"name":"wp","href":"https:\/\/api.w.org\/{rel}","templated":true}]}}