{"id":241175,"date":"2025-11-17T16:37:11","date_gmt":"2025-11-17T16:37:11","guid":{"rendered":"https:\/\/www.europesays.com\/es\/241175\/"},"modified":"2025-11-17T16:37:11","modified_gmt":"2025-11-17T16:37:11","slug":"etta-eyong-listo-para-el-derbi-calero-toma-medias-con-arriaga-y-ryan","status":"publish","type":"post","link":"https:\/\/www.europesays.com\/es\/241175\/","title":{"rendered":"Etta Eyong, listo para el derbi, Calero toma medias con Arriaga y Ryan"},"content":{"rendered":"\n<p>M\u00e1s noticias<\/p>\n<p><a class=\"info_masnoticias\" href=\"https:\/\/www.eldesmarque.com\/futbol\/levante-ud\/\" rel=\"nofollow noopener\" target=\"_blank\"><br \/>\nM\u00e1s de<br \/>\nM\u00e1s noticias de<br \/>\nLevante UD<br \/>\n<\/a><\/p>\n<p>El delantero camerun\u00e9s del Levante, <a href=\"https:\/\/www.eldesmarque.com\/futbol\/levante-ud\/20251110\/etta-eyong-convocado-camerun_300806260.html\" rel=\"nofollow noopener\" target=\"_blank\">Etta Eyong, se ejercit\u00f3 este lunes ya con sus compa\u00f1eros<\/a> y est\u00e1 listo <a href=\"https:\/\/www.eldesmarque.com\/resultados\/partido\/2026\/21956-valencia-cf-levante\" rel=\"nofollow noopener\" target=\"_blank\">para participar en el derbi del pr\u00f3ximo viernes<\/a> ante el Valencia en Mestalla.\u00a0 Eyong perdi\u00f3 con Camer\u00fan por 0-1 ante Congo la pasada semana y desperdici\u00f3 la oportunidad de clasificarse para el Mundial del pr\u00f3ximo verano.<\/p>\n<p>El delantero se incorpor\u00f3 con normalidad junto a sus compa\u00f1eros en la sesi\u00f3n de trabajo de este lunes, en la que no participaron los lesionados Pablo Mart\u00ednez ni <strong>Carlos Esp\u00ed<\/strong>.\u00a0<\/p>\n<p><img decoding=\"async\" src=\"https:\/\/www.europesays.com\/es\/wp-content\/uploads\/2025\/11\/etta_eyong_foto_efe_001.png\" width=\"660\" height=\"412.5\" alt=\"Etta Eyong qued\u00f3 eliminado con Camer\u00fan (Foto: EFE)\"\/><br \/>\nEtta Eyong qued\u00f3 eliminado con Camer\u00fan (Foto: EFE)<\/p>\n<p>De esta forma, Etta Eyong a buen seguro es titular en Mestalla mientras que los otros dos jugadores pendientes de sus selecciones son duda y depender\u00e1 de su estado f\u00edsico a su regreso. de los compromisos internacionales que a\u00fan deben disputar.<\/p>\n<p>Juli\u00e1n Calero toma medidas tras recuperar a Etta Eyong<\/p>\n<p>Con todo, el entrenador del Levante, Juli\u00e1n Calero, ha programado la sesi\u00f3n del jueves por la tarde para esperar que lleguen a tiempo los internacionales Kervin Arriaga y Mathew Ryan. En las dos temporadas que lleva al frente del equipo Calero son contadas las ocasiones en las que el equipo se ha entrenado en sesi\u00f3n vespertina, ya que es un m\u00e9todo que el t\u00e9cnico ha confesado que no le gusta.<\/p>\n<p>Sin embargo, <strong>esta semana el entrenador del Levante, con motivo del derbi<\/strong> ante el Valencia del viernes a las 21:00 horas, ha decidido cambiar sus planes para contar con los dos internacionales.<\/p>\n<blockquote><p>\nTanto Arriaga como Ryan jugar\u00e1n en la madrugada espa\u00f1ola del martes al mi\u00e9rcoles con Honduras y Australia, respectivamente\n<\/p><\/blockquote>\n<p>Tanto Arriaga como Ryan jugar\u00e1n en la madrugada espa\u00f1ola del martes al mi\u00e9rcoles con Honduras y Australia, respectivamente, y se espera que lleguen durante la tarde del jueves a Val\u00e8ncia.<\/p>\n<p>De este modo, solo podr\u00edan, en el caso de llegar a tiempo, ejercitarse el jueves por la tarde junto a sus compa\u00f1eros antes de jugar el viernes en Mestalla ante el Valencia.\u00a0<\/p>\n","protected":false},"excerpt":{"rendered":"M\u00e1s noticias M\u00e1s de M\u00e1s noticias de Levante UD El delantero camerun\u00e9s del Levante, Etta Eyong, se ejercit\u00f3&hellip;\n","protected":false},"author":2,"featured_media":241176,"comment_status":"","ping_status":"","sticky":false,"template":"","format":"standard","meta":{"footnotes":""},"categories":[268],"tags":[168,25,24,280,282,281,23,167],"class_list":{"0":"post-241175","1":"post","2":"type-post","3":"status-publish","4":"format-standard","5":"has-post-thumbnail","7":"category-futbol","8":"tag-deportes","9":"tag-es","10":"tag-espana","11":"tag-football","12":"tag-futbol","13":"tag-soccer","14":"tag-spain","15":"tag-sports"},"share_on_mastodon":{"url":"https:\/\/pubeurope.com\/@es\/115566021934131661","error":""},"_links":{"self":[{"href":"https:\/\/www.europesays.com\/es\/wp-json\/wp\/v2\/posts\/241175","targetHints":{"allow":["GET"]}}],"collection":[{"href":"https:\/\/www.europesays.com\/es\/wp-json\/wp\/v2\/posts"}],"about":[{"href":"https:\/\/www.europesays.com\/es\/wp-json\/wp\/v2\/types\/post"}],"author":[{"embeddable":true,"href":"https:\/\/www.europesays.com\/es\/wp-json\/wp\/v2\/users\/2"}],"replies":[{"embeddable":true,"href":"https:\/\/www.europesays.com\/es\/wp-json\/wp\/v2\/comments?post=241175"}],"version-history":[{"count":0,"href":"https:\/\/www.europesays.com\/es\/wp-json\/wp\/v2\/posts\/241175\/revisions"}],"wp:featuredmedia":[{"embeddable":true,"href":"https:\/\/www.europesays.com\/es\/wp-json\/wp\/v2\/media\/241176"}],"wp:attachment":[{"href":"https:\/\/www.europesays.com\/es\/wp-json\/wp\/v2\/media?parent=241175"}],"wp:term":[{"taxonomy":"category","embeddable":true,"href":"https:\/\/www.europesays.com\/es\/wp-json\/wp\/v2\/categories?post=241175"},{"taxonomy":"post_tag","embeddable":true,"href":"https:\/\/www.europesays.com\/es\/wp-json\/wp\/v2\/tags?post=241175"}],"curies":[{"name":"wp","href":"https:\/\/api.w.org\/{rel}","templated":true}]}}