{"id":241178,"date":"2025-11-17T16:39:14","date_gmt":"2025-11-17T16:39:14","guid":{"rendered":"https:\/\/www.europesays.com\/es\/241178\/"},"modified":"2025-11-17T16:39:14","modified_gmt":"2025-11-17T16:39:14","slug":"arquitectura-canarias-premios-fernando-menis-conquista-el-premio-al-mejor-edificio-del-mundo-en-los-waf-2025-con-una-obra-de-tenerife","status":"publish","type":"post","link":"https:\/\/www.europesays.com\/es\/241178\/","title":{"rendered":"ARQUITECTURA CANARIAS PREMIOS | Fernando Menis conquista el premio al Mejor Edificio del Mundo en los WAF 2025 con una obra de Tenerife"},"content":{"rendered":"<p class=\"ft-text\">La <a class=\"ft-link ft-link--decoration\" href=\"https:\/\/www.eldia.es\/la-laguna\/2025\/10\/23\/nueva-plaza-iglesia-las-chumberas-la-laguna-122906913.html\" target=\"_blank\" rel=\"nofollow noopener\">Iglesia del Sant\u00edsimo Redentor de Las Chumberas<\/a>, proyectada por el arquitecto canario Fernando Menis, ha sido galardonada con el\u00a0<strong>Premio al Mejor Edificio del Mundo<\/strong>\u00a0en el\u00a0<strong>Festival Mundial de Arquitectura\u00a0(World Architecture Festival, WAF)<\/strong>, celebrado la semana pasada en el Centro de Convenciones de Miami, Estados Unidos. Adem\u00e1s, el proyecto recibi\u00f3 el\u00a0<strong>Premio Especial al Mejor Edificio Peque\u00f1o<\/strong>\u00a0y el\u00a0<strong>Premio al Mejor Edificio P\u00fablico<\/strong>, convirti\u00e9ndose en la obra m\u00e1s reconocida de la edici\u00f3n.<\/p>\n<p class=\"ft-text\">El jurado<strong>\u00a0<\/strong>destac\u00f3 en su valoraci\u00f3n \u201cla intensidad de la arquitectura y el modo en que se ha utilizado la luz para moldear la calidad y la naturaleza de los espacios interiores, realzando la cualidad t\u00e1ctil de las superficies\u201d. Tambi\u00e9n subray\u00f3 que \u00abel proyecto se convertir\u00e1 en una contribuci\u00f3n esencial a la historia de la arquitectura de <a class=\"ft-link ft-link--decoration\" href=\"https:\/\/www.eldia.es\/tenerife\/\" rel=\"nofollow noopener\" target=\"_blank\">Tenerife<\/a>\u00ab.\u00a0<\/p>\n<p class=\"ft-text\">En su discurso de recogida del premio,\u00a0<strong>Fernando Menis\u00a0<\/strong>se\u00f1al\u00f3 que \u00abla Iglesia del Sant\u00edsimo Redentor de Las Chumberas ha sido posible gracias al compromiso del Obispado de Tenerife y a la implicaci\u00f3n de la parroquia, los feligreses, vecinos y algunos empresarios locales\u00bb. A\u00f1adi\u00f3 que el edificio fue concebido para contribuir a revitalizar el barrio y convertirse en un lugar de referencia, y que el proyecto se hizo realidad \u201cmediante donaciones\u00bb, lo que convierte esta obra en un <strong>\u00abs\u00edmbolo del esfuerzo colectivo\u201d.<\/strong><\/p>\n<p class=\"ft-text\">La arquitectura innovadora y expresiva del templo se inspira en la geolog\u00eda volc\u00e1nica de la isla, jugando con la luz natural, el hormig\u00f3n visto con distintas texturas y la piedra volc\u00e1nica local. El resultado es un espacio austero que combina funcionalidad y belleza, destacando tanto por la calidad de su ac\u00fastica como por su eficiencia energ\u00e9tica.<\/p>\n<p><img decoding=\"async\" src=\"https:\/\/www.europesays.com\/es\/wp-content\/uploads\/2025\/11\/2280dfa5-33ac-406d-941d-0f624c0f73bc_alta-libre-aspect-ratio_default_0.jpg\" width=\"1200\" height=\"800\" alt=\"Iglesia Las Chumberas.\" class=\"ft-helper-img-rd\" loading=\"lazy\"\/><\/p>\n<p class=\"ft-helper-fontColor-quaternary ft-helper-fontSize-body-S ft-helper-spacer-t-xxs\">Iglesia Las Chumberas.  \/ Simona Rota<\/p>\n<p>Trayectoria de los premios<\/p>\n<p class=\"ft-text\">Los\u00a0<strong>Premios WAF<\/strong>, considerados uno de los principales reconocimientos del sector arquitect\u00f3nico a nivel mundial, re\u00fanen cada a\u00f1o a destacados estudios y profesionales en un encuentro de tres d\u00edas que combina presentaciones en vivo, debates y conferencias. Durante el festival, los equipos defienden sus proyectos ante un jurado internacional en sesiones p\u00fablicas, uno de los rasgos distintivos del certamen. La edici\u00f3n de 2024 reuni\u00f3 a m\u00e1s de un millar de profesionales procedentes de m\u00e1s de cincuenta pa\u00edses, consolidando su car\u00e1cter global.<\/p>\n<p class=\"ft-text\">En su 17.\u00aa edici\u00f3n, el jurado estuvo integrado por prestigiosos profesionales del \u00e1mbito <strong>arquitect\u00f3nico y cultural, <\/strong>procedentes de instituciones acad\u00e9micas, museos y publicaciones especializadas. Entre ellos figuraban Mohsen Mostafavi, profesor y exdecano de la Escuela de Arquitectura de Harvard; Sir Peter Cook, arquitecto y cofundador de Archigram; Beatrice Galilee, comisaria de arquitectura y dise\u00f1o del Museo Metropolitan de Nueva York; y Jonathan Glancey, cr\u00edtico y periodista.<\/p>\n<p class=\"ft-text\">Este nuevo reconocimiento se suma a los numerosos premios obtenidos por la obra gracias a su <strong>singularidad arquitect\u00f3nica. <\/strong>Entre ellos destacan el Premio International \u201cFrate Sole\u201d de Arquitectura Sacra 2024, el Premio Internacional de Arquitectura Religiosa 2022 \u2014otorgado por la Asociaci\u00f3n de Arquitectos de Estados Unidos (AIA) y Faith &amp; Form\u2014 y el Premio de Dise\u00f1o ADF 2025 de la Fundaci\u00f3n Aoyama de Jap\u00f3n. Adem\u00e1s, la obra forma parte de la colecci\u00f3n permanente del Museo de Arte Moderno (MoMA) de Nueva York.<\/p>\n<p class=\"ft-text\">Con este galard\u00f3n, esta peque\u00f1a iglesia situada en el barrio tinerfe\u00f1o de Las Chumberas consolida la presencia de <a class=\"ft-link ft-link--decoration\" href=\"https:\/\/www.eldia.es\/canarias\/\" rel=\"nofollow noopener\" target=\"_blank\">Canarias<\/a> en la escena arquitect\u00f3nica internacional, reafirm\u00e1ndose como un referente de innovaci\u00f3n y excelencia en el dise\u00f1o.<\/p>\n","protected":false},"excerpt":{"rendered":"La Iglesia del Sant\u00edsimo Redentor de Las Chumberas, proyectada por el arquitecto canario Fernando Menis, ha sido galardonada&hellip;\n","protected":false},"author":2,"featured_media":241179,"comment_status":"","ping_status":"","sticky":false,"template":"","format":"standard","meta":{"footnotes":""},"categories":[173],"tags":[839,229,233,231,230,3972,209,232,234,146,147,25,24,2421,12034,62067,55320,470,896,4125,843,532,23,1370],"class_list":{"0":"post-241178","1":"post","2":"type-post","3":"status-publish","4":"format-standard","5":"has-post-thumbnail","7":"category-arte-y-diseno","8":"tag-arquitecto","9":"tag-arte","10":"tag-arte-y-diseno","11":"tag-arts","12":"tag-arts-and-design","13":"tag-conquista","14":"tag-cultura","15":"tag-design","16":"tag-diseno","17":"tag-entertainment","18":"tag-entretenimiento","19":"tag-es","20":"tag-espana","21":"tag-fernando","22":"tag-iglesia","23":"tag-las-chumberas","24":"tag-menis","25":"tag-museo","26":"tag-nueva-york","27":"tag-obra","28":"tag-premio","29":"tag-premios","30":"tag-spain","31":"tag-tenerife"},"share_on_mastodon":{"url":"https:\/\/pubeurope.com\/@es\/115566029583500676","error":""},"_links":{"self":[{"href":"https:\/\/www.europesays.com\/es\/wp-json\/wp\/v2\/posts\/241178","targetHints":{"allow":["GET"]}}],"collection":[{"href":"https:\/\/www.europesays.com\/es\/wp-json\/wp\/v2\/posts"}],"about":[{"href":"https:\/\/www.europesays.com\/es\/wp-json\/wp\/v2\/types\/post"}],"author":[{"embeddable":true,"href":"https:\/\/www.europesays.com\/es\/wp-json\/wp\/v2\/users\/2"}],"replies":[{"embeddable":true,"href":"https:\/\/www.europesays.com\/es\/wp-json\/wp\/v2\/comments?post=241178"}],"version-history":[{"count":0,"href":"https:\/\/www.europesays.com\/es\/wp-json\/wp\/v2\/posts\/241178\/revisions"}],"wp:featuredmedia":[{"embeddable":true,"href":"https:\/\/www.europesays.com\/es\/wp-json\/wp\/v2\/media\/241179"}],"wp:attachment":[{"href":"https:\/\/www.europesays.com\/es\/wp-json\/wp\/v2\/media?parent=241178"}],"wp:term":[{"taxonomy":"category","embeddable":true,"href":"https:\/\/www.europesays.com\/es\/wp-json\/wp\/v2\/categories?post=241178"},{"taxonomy":"post_tag","embeddable":true,"href":"https:\/\/www.europesays.com\/es\/wp-json\/wp\/v2\/tags?post=241178"}],"curies":[{"name":"wp","href":"https:\/\/api.w.org\/{rel}","templated":true}]}}