{"id":241181,"date":"2025-11-17T16:42:07","date_gmt":"2025-11-17T16:42:07","guid":{"rendered":"https:\/\/www.europesays.com\/es\/241181\/"},"modified":"2025-11-17T16:42:07","modified_gmt":"2025-11-17T16:42:07","slug":"el-elogio-de-liam-gallagher-al-publico-argentino-tras-el-primer-show-de-oasis-es-especial-minutouno","status":"publish","type":"post","link":"https:\/\/www.europesays.com\/es\/241181\/","title":{"rendered":"El elogio de Liam Gallagher al p\u00fablico argentino tras el primer show de Oasis: &quot;Es especial&quot; &#8211; MinutoUno"},"content":{"rendered":"<ol>\n<li><a href=\"https:\/\/news.google.com\/rss\/articles\/CBMixAFBVV95cUxNNmkwNlRLS3N6R1RxbkRlVGh4eG11MTlRU2pGSHZSUU9WekNNUWdwMGc4eUtza3liR3E1QU5YZGRnX1VLemw0SzlnUmRhQzRXMm93UDhTNEh2YVlMU3haOXdhdnVDQU1QenlsNkZQclNXVy0ySXNSeVlKREFTX2k3X25YTlZXbFhYdm14T0hhNTdwRWxrMEVWZFZkVWpSUGdkTkVDUzY5X1JvVDdndW4yMUdvN3VFbE9lZTY2Z0FubFJhV29Q0gHEAUFVX3lxTE02aTA2VEtLc3pHVHFuRGVUaHh4bXUxOVFTakZIdlJRT1Z6Q01RZ3AwZzh5S3NreWJHcTVBTlhkZGdfVUt6bDRLOWdSZGFDNFcyb3dQOFM0SHZhWUxTeFo5d2F2dUNBTVB6eWw2RlByU1dXLTJJc1J5WUpEQVNfaTdfblhOVldsWFh2bXhPSGE1N3BFbGswRVZkVmRValJQZ2RORUNTNjlfUm9UN2d1bjIxR283dUVsT2VlNjZnQW5sUmFXb1A?oc=5\" target=\"_blank\" rel=\"nofollow noopener\">El elogio de Liam Gallagher al p\u00fablico argentino tras el primer show de Oasis: \u00abEs especial\u00bb<\/a>&nbsp;&nbsp;MinutoUno<\/li>\n<li><a href=\"https:\/\/news.google.com\/rss\/articles\/CBMi-AFBVV95cUxObTctQ0xBbTlfY3NsbnFVYTZpN203SHM0dHdibmc3dlhUbDNXenFUNDUzNUt2R3hhemk2Vkd4NUo1WlotTlZJX2xDeEpYUHh2RlVTZVkxdXF1TEQtQUw2NUF6c1NLbVBJQjJUNnBzTFQzODY5cm5IVzUtRTB1blNRTE5VdmxPZkl2eFNzTWNaUEUwT25BbnB2TnVpalZYSVdjVFo2RWluaVhtNVd3VERSWEVXcE9qZ2t0YXp4UWhSSDBCSEhGMVhGT3MzT2tiY3RpaEs2TGhNODRkMkowajNMajhGUEpTWDR2cDBuVDBLNUx5cjJzRnFJMtIBkwJBVV95cUxNUm5FaEd1WVNTRXlzbWtHelBoeGl3alZfWTVhajdnV25BT2MwLXUyS1JEX1A4R3dYNXRrRjZWaTBabXBTMVhnZ3pLdXdwaFkyRGlpWno4bHRhZXZaMTVuM3A3M3dlbGN6NERoMGx0aGdSVHUydTZWYlZ5bjFOQXhQcll3UUVob056a1JqY3lGRkJUaFI3MDRVbW9QN1FLaVl1dVNVRHgxNjctQ3IzREhQQS1ITnBTbzc2c2RRU2FUMmkzSlk0RFFJdUlqR2dRMTgzbWhvQV9WM01CRmd6Wm11QWw4VlpZMnYtbWFWN0NHMlNFcFZYSV9vVDBpY0dKUUNGaXJlbmxkdExraHRGdlEzVVNQRQ?oc=5\" target=\"_blank\" rel=\"nofollow noopener\">Oasis brill\u00f3 en el estadio Monumental ante 85.000 personas: del abrazo de los hermanos Gallagher al gui\u00f1o a Diego Maradona<\/a>&nbsp;&nbsp;Infobae<\/li>\n<li><a href=\"https:\/\/news.google.com\/rss\/articles\/CBMiowFBVV95cUxPNnpWd0I0eklZUDZGREw4bVVfcTI0TDNIS3p4eXotRVNDaklzWFZCNFp4MGdLQUFFLXlIZ0FGQlE0RGRsaGxZWHF3d1R4R0c4Yk85d3FJMEVwQ19HR1p6bDEwSGNjbmlCTS1zRUpxeXRpdE1mM2RWVGR2ZTc1ZnZMaU1BZmdreksyT3ozcVloWG92eHZZN1k2MlRDdmFjWnVSbllB0gGoAUFVX3lxTFBEU2tLQWZ3emV5VlJSZllIS2N5SEEtX0Q3LU1UeWZUQlk1cWlpSGpSRnpjY1dlZE1pTlp5YTRycFB6ZHhKQ29aUkZKN1ZPbjN2TjYta3FnU2NWa3FGVy1OVFBpMjBmZTA4bUFORUJjNHV6NUdtVnYwbkRGbEdMc1lNRlRZWURUZnlqMTk5M1FxNExodkJtU2d3WlJtOG9kbjdZZkVpMVUtNw?oc=5\" target=\"_blank\" rel=\"nofollow noopener\">Oasis en la Argentina: las mejores fotos de los hermanos Gallagher en River<\/a>&nbsp;&nbsp;Clarin.com<\/li>\n<li><a href=\"https:\/\/news.google.com\/rss\/articles\/CBMiuAFBVV95cUxQTTFFbV9RdnNmcXhaWXRyWGlsYTdkWTdWblFNLWEtT0pnZ0xvY1p5UXVOUGNzdzdJMTZ4WUZsYWJUYm4zbnhtdW9GSS1yaERod2Y3Nkd0eUFDaDdZUmZtc2p2bWtleWNWV1FRUV9OejFOZXhTT2ttLWZManBtU0VWajZsSm9DMGRfbTZQT0hvLXFSZlJoY0hWTkw5em1Sc1VoYjlkR2FsWGdWaThEaGdWWVliRG1Wd0tx?oc=5\" target=\"_blank\" rel=\"nofollow noopener\">La historia del artista de Manchester que le dedic\u00f3 un mural a Oasis en Buenos Aires<\/a>&nbsp;&nbsp;Rolling Stone en Espa\u00f1ol<\/li>\n<li><a href=\"https:\/\/news.google.com\/rss\/articles\/CBMihwFBVV95cUxQQ09WQVBTMVYyTmJaa2UtYTVKQlBFQWJoTnpMVm13aDJTTTJXZnJXRHd5Z2NxMmhFTFFGeG90WXIxcnR2UGh3VXBUb2tKSWZNcTAtNmxpVzVmYkdaVklUeGVTWWhJSXEyam96UC1vamNJcTFmZWpwem00WE9BZ1hYUGZIZ1I0aUk?oc=5\" target=\"_blank\" rel=\"nofollow noopener\">Este fin de semana, la legendaria banda brit\u00e1nica vibrar\u00e1 una vez m\u00e1s en Buenos Aires con un emocionante reencuentro<\/a>&nbsp;&nbsp;facebook.com<\/li>\n<\/ol>\n","protected":false},"excerpt":{"rendered":"El elogio de Liam Gallagher al p\u00fablico argentino tras el primer show de Oasis: \u00abEs especial\u00bb&nbsp;&nbsp;MinutoUno Oasis brill\u00f3&hellip;\n","protected":false},"author":2,"featured_media":233937,"comment_status":"","ping_status":"","sticky":false,"template":"","format":"standard","meta":{"footnotes":""},"categories":[170],"tags":[146,147,25,24,184,185,23],"class_list":{"0":"post-241181","1":"post","2":"type-post","3":"status-publish","4":"format-standard","5":"has-post-thumbnail","7":"category-musica","8":"tag-entertainment","9":"tag-entretenimiento","10":"tag-es","11":"tag-espana","12":"tag-music","13":"tag-musica","14":"tag-spain"},"share_on_mastodon":{"url":"https:\/\/pubeurope.com\/@es\/115566041299687304","error":""},"_links":{"self":[{"href":"https:\/\/www.europesays.com\/es\/wp-json\/wp\/v2\/posts\/241181","targetHints":{"allow":["GET"]}}],"collection":[{"href":"https:\/\/www.europesays.com\/es\/wp-json\/wp\/v2\/posts"}],"about":[{"href":"https:\/\/www.europesays.com\/es\/wp-json\/wp\/v2\/types\/post"}],"author":[{"embeddable":true,"href":"https:\/\/www.europesays.com\/es\/wp-json\/wp\/v2\/users\/2"}],"replies":[{"embeddable":true,"href":"https:\/\/www.europesays.com\/es\/wp-json\/wp\/v2\/comments?post=241181"}],"version-history":[{"count":0,"href":"https:\/\/www.europesays.com\/es\/wp-json\/wp\/v2\/posts\/241181\/revisions"}],"wp:featuredmedia":[{"embeddable":true,"href":"https:\/\/www.europesays.com\/es\/wp-json\/wp\/v2\/media\/233937"}],"wp:attachment":[{"href":"https:\/\/www.europesays.com\/es\/wp-json\/wp\/v2\/media?parent=241181"}],"wp:term":[{"taxonomy":"category","embeddable":true,"href":"https:\/\/www.europesays.com\/es\/wp-json\/wp\/v2\/categories?post=241181"},{"taxonomy":"post_tag","embeddable":true,"href":"https:\/\/www.europesays.com\/es\/wp-json\/wp\/v2\/tags?post=241181"}],"curies":[{"name":"wp","href":"https:\/\/api.w.org\/{rel}","templated":true}]}}