{"id":241182,"date":"2025-11-17T16:43:14","date_gmt":"2025-11-17T16:43:14","guid":{"rendered":"https:\/\/www.europesays.com\/es\/241182\/"},"modified":"2025-11-17T16:43:14","modified_gmt":"2025-11-17T16:43:14","slug":"hace-2-anos-se-estreno-y-ahora-es-numero-1-en-streaming-en-59-paises-por-que-esta-pelicula-de-mark-wahlberg-esta-arrasando-de-nuevo","status":"publish","type":"post","link":"https:\/\/www.europesays.com\/es\/241182\/","title":{"rendered":"Hace 2 a\u00f1os se estren\u00f3 y ahora es n\u00famero 1 en streaming en 59 pa\u00edses. Por qu\u00e9 esta pel\u00edcula de Mark Wahlberg est\u00e1 arrasando de nuevo"},"content":{"rendered":"<p>El ciclo de vida de la pr\u00e1ctica totalidad de pel\u00edculas que se lanzan en streaming es que consigan sus mejores datos durante los d\u00edas posteriores a su estreno y luego poco a poco vayan perdiendo fuerza hasta convertirse en otro titulo m\u00e1s de cat\u00e1logo. Sin embargo, una pel\u00edcula de <strong>Mark Wahlberg<\/strong> estrenada hace dos a\u00f1os ha hecho la proeza de volver a ser ahora mismo n\u00famero 1 en 59 pa\u00edses: <strong>&#8216;Plan en familia&#8217;<\/strong>.<\/p>\n<p>Dirigida por <strong>Simon Cellan Jones<\/strong>, &#8216;Plan en familia&#8217; es una comedia de acci\u00f3n que cuenta la historia de Dan Morgan, un padre de familia muy querido que ha conseguido una buena fama como vendedor de coches. El problema es que antes de todo eso fue un asesino y se ve obligado a hacer frente a fantasmas de su pasado, lo que le lleva a iniciar un viaje por carretera de lo m\u00e1s peculiar junto a su familia.<\/p>\n<p>Secuela a la vista<\/p>\n<p>Si nos fijamos en los datos que ha tenido &#8216;Plan en familia&#8217; en Apple TV+ que proporciona <a rel=\"noopener, noreferrer nofollow\" href=\"https:\/\/flixpatrol.com\/title\/the-family-plan\/\" target=\"_blank\">Flixpatrol<\/a> vemos que ya a principios de la semana pasada estaba en lo m\u00e1s alto en 9 pa\u00edses, pero luego <strong>ha crecido hasta alcanzar el n\u00famero 1 en 59 pa\u00edses<\/strong>. Y hay un motivo bastante claro para ello: la inminente llegada de su secuela, porque obviamente la primera entrega ya lo pet\u00f3 en su momento.<\/p>\n<p>    <a href=\"https:\/\/www.espinof.com\/actores-y-actrices\/intente-leer-guion-no-entendia-mark-wahlberg-se-arrepiente-haber-rechazado-papel-grandes-sagas-ciencia-ficcion-historia\" class=\"pivot-outboundlink\" data-vars-post-title=\"&quot;Intent\u00e9 leer el gui\u00f3n, pero no lo entend\u00eda&quot;. Mark Wahlberg se arrepiente de haber rechazado un papel en una de las grandes sagas de ciencia ficci\u00f3n de la historia\" rel=\"nofollow noopener\" target=\"_blank\"><br \/>\n     <img loading=\"lazy\" decoding=\"async\" alt=\"&quot;Intent\u00e9 leer el gui\u00f3n, pero no lo entend\u00eda&quot;. Mark Wahlberg se arrepiente de haber rechazado un papel en una de las grandes sagas de ciencia ficci\u00f3n de la historia\" width=\"375\" height=\"142\" src=\"https:\/\/www.europesays.com\/es\/wp-content\/uploads\/2025\/11\/1763397794_319_375_142.jpeg\"\/><br \/>\n    <\/a><\/p>\n<p>Ser\u00e1 este viernes 21 de noviembre cuando Apple TV+ lance <strong>&#8216;Plan en familia 2&#8217;<\/strong>, siendo bastante evidente que se va a convertir en todo un bombazo para la plataforma. Es cierto que tener \u00e9xito all\u00ed no tiene tanto m\u00e9rito como en otros servicios de streaming, pero tambi\u00e9n que necesita t\u00edtulos que elevan su importancia de cara al p\u00fablico y con esta inesperada saga parece que han dado en el clavo.<\/p>\n<p>Si todav\u00eda no hab\u00e9is visto &#8216;Plan en familia&#8217;, <strong>tampoco esper\u00e9is ninguna maravilla<\/strong>, ya que apenas consigue un 29% de valoraciones positivas <a rel=\"noopener, noreferrer nofollow\" href=\"https:\/\/www.rottentomatoes.com\/m\/the_family_plan\" target=\"_blank\">en Rotten Tomatoes<\/a>, mientras que el p\u00fablico se muestra m\u00e1s generoso pero sin grandes alardes: un 6,3 <a rel=\"noopener, noreferrer nofollow\" href=\"https:\/\/www.imdb.com\/es-es\/title\/tt16431870\/\" target=\"_blank\">en IMDb<\/a>, mientras que <a rel=\"noopener, noreferrer nofollow\" href=\"https:\/\/letterboxd.com\/film\/the-family-plan\/\" target=\"_blank\">en Letterboxd<\/a> se queda en un 2,61 sobre 5.<\/p>\n<p>En Espinof | <a class=\"text-outboundlink\" href=\"https:\/\/www.espinof.com\/listas\/mejores-peliculas-netflix-2025\" data-vars-post-title=\"Las 10 mejores pel\u00edculas de Netflix en 2025 (por ahora)\" data-vars-post-url=\"https:\/\/www.espinof.com\/listas\/mejores-peliculas-netflix-2025\" rel=\"nofollow noopener\" target=\"_blank\">Las mejores pel\u00edculas de Netflix en 2025<\/a><\/p>\n<p>En Espinof | <a class=\"text-outboundlink\" href=\"https:\/\/www.espinof.com\/listas\/mejores-peliculas-amazon-prime-video-2025\" data-vars-post-title=\"Las 10 mejores pel\u00edculas en Amazon Prime Video de 2025\" data-vars-post-url=\"https:\/\/www.espinof.com\/listas\/mejores-peliculas-amazon-prime-video-2025\" rel=\"nofollow noopener\" target=\"_blank\">Las mejores pel\u00edculas en Prime Video de 2025<\/a><\/p>\n","protected":false},"excerpt":{"rendered":"El ciclo de vida de la pr\u00e1ctica totalidad de pel\u00edculas que se lanzan en streaming es que consigan&hellip;\n","protected":false},"author":2,"featured_media":241183,"comment_status":"","ping_status":"","sticky":false,"template":"","format":"standard","meta":{"footnotes":""},"categories":[169],"tags":[177,146,147,25,24,176,175,23],"class_list":{"0":"post-241182","1":"post","2":"type-post","3":"status-publish","4":"format-standard","5":"has-post-thumbnail","7":"category-cine","8":"tag-cine","9":"tag-entertainment","10":"tag-entretenimiento","11":"tag-es","12":"tag-espana","13":"tag-film","14":"tag-movies","15":"tag-spain"},"share_on_mastodon":{"url":"https:\/\/pubeurope.com\/@es\/115566045664570412","error":""},"_links":{"self":[{"href":"https:\/\/www.europesays.com\/es\/wp-json\/wp\/v2\/posts\/241182","targetHints":{"allow":["GET"]}}],"collection":[{"href":"https:\/\/www.europesays.com\/es\/wp-json\/wp\/v2\/posts"}],"about":[{"href":"https:\/\/www.europesays.com\/es\/wp-json\/wp\/v2\/types\/post"}],"author":[{"embeddable":true,"href":"https:\/\/www.europesays.com\/es\/wp-json\/wp\/v2\/users\/2"}],"replies":[{"embeddable":true,"href":"https:\/\/www.europesays.com\/es\/wp-json\/wp\/v2\/comments?post=241182"}],"version-history":[{"count":0,"href":"https:\/\/www.europesays.com\/es\/wp-json\/wp\/v2\/posts\/241182\/revisions"}],"wp:featuredmedia":[{"embeddable":true,"href":"https:\/\/www.europesays.com\/es\/wp-json\/wp\/v2\/media\/241183"}],"wp:attachment":[{"href":"https:\/\/www.europesays.com\/es\/wp-json\/wp\/v2\/media?parent=241182"}],"wp:term":[{"taxonomy":"category","embeddable":true,"href":"https:\/\/www.europesays.com\/es\/wp-json\/wp\/v2\/categories?post=241182"},{"taxonomy":"post_tag","embeddable":true,"href":"https:\/\/www.europesays.com\/es\/wp-json\/wp\/v2\/tags?post=241182"}],"curies":[{"name":"wp","href":"https:\/\/api.w.org\/{rel}","templated":true}]}}