{"id":241184,"date":"2025-11-17T16:44:11","date_gmt":"2025-11-17T16:44:11","guid":{"rendered":"https:\/\/www.europesays.com\/es\/241184\/"},"modified":"2025-11-17T16:44:11","modified_gmt":"2025-11-17T16:44:11","slug":"barcelona-vuelve-al-camp-nou-el-sabado-ante-el-athletic-club","status":"publish","type":"post","link":"https:\/\/www.europesays.com\/es\/241184\/","title":{"rendered":"Barcelona vuelve al Camp Nou el s\u00e1bado ante el Athletic Club"},"content":{"rendered":"<p>El esperado regreso se dar\u00e1 el pr\u00f3ximo s\u00e1bado 22 de noviembre para recibir al Athletic con un aforo de 45 mil aficionados.<\/p>\n<p>El <a href=\"https:\/\/espndeportes.espn.com\/futbol\/equipo\/_\/id\/83\/barcelona\" rel=\"nofollow noopener\" target=\"_blank\">Barcelona <\/a>regresar\u00e1 este fin de semana al Camp Nou, su estadio, tras confirmarse que el <a href=\"https:\/\/espndeportes.espn.com\/futbol\/numeritos\/_\/juegoId\/748272\" rel=\"nofollow noopener\" target=\"_blank\">partido de LaLiga del s\u00e1bado contra el Athletic Club <\/a>se disputar\u00e1 all\u00ed.<\/p>\n<p>Todo ESPN. Todo en un solo lugar.<\/p>\n<p><a href=\"https:\/\/plus.espn.com\/es-us\/\" target=\"_blank\" rel=\"nofollow noopener\"><img decoding=\"async\" alt=\"\" class=\"imageLoaded\" src=\"https:\/\/www.europesays.com\/es\/wp-content\/uploads\/2025\/08\/r1531432_1296x729_16-9.jpg\" width=\"100%\"\/><\/a><\/p>\n<p>Mira tus eventos favoritos en la app de ESPN, ahora mejorada. Descubre qu\u00e9 plan es el ideal para ti. <b><a href=\"https:\/\/plus.espn.com\/es-us\/\" target=\"_blank\" rel=\"nofollow noopener\">Reg\u00edstrate ahora<\/a><\/b><\/p>\n<p>Las obras de renovaci\u00f3n del estadio contin\u00faan, pero el Bar\u00e7a recibi\u00f3 el lunes una licencia del ayuntamiento que le permite celebrar partidos con un aforo limitado a 45 mil 401 espectadores.<\/p>\n<p>El Camp Nou permanece cerrado por reformas desde 2023. Mientras tanto, el Bar\u00e7a ha estado jugando sus partidos como local en el Estadio Ol\u00edmpico de la ciudad, y el plan original era que el equipo volviera a finales de 2024.<\/p>\n<p>Sin embargo, tras varios aplazamientos, el campe\u00f3n espa\u00f1ol por fin tiene permiso para volver a jugar con p\u00fablico en su emblem\u00e1tico estadio.<\/p>\n<p><img class=\" lazyload lazyload\" data-image-container=\".inline-photo\" height=\"320\" width=\"570\"\/>Aficionados observan la pr\u00e1ctica del Barcelona en el Camp Nou\u00a0EFE<\/p>\n<p>El Bar\u00e7a recibi\u00f3 el permiso para reabrir el estadio en octubre, pero el aforo limitado en ese momento era de 25.991 espectadores, cifra que el club consider\u00f3 insuficiente para justificar un retorno financiero inmediato.<\/p>\n<p>Posteriormente, a principios de noviembre, se celebr\u00f3 un evento de prueba en el Camp Nou, con casi 23.000 aficionados que asistieron a un entrenamiento abierto, el cual el presidente Joan Laporta calific\u00f3 de exitoso.<\/p>\n<p>El Bar\u00e7a present\u00f3 la documentaci\u00f3n la semana pasada solicitando el permiso para ampliar el aforo y finalmente recibi\u00f3 la buena noticia el lunes.<\/p>\n<p>La visita del Athletic el s\u00e1bado marca el inicio de un per\u00edodo intenso para el club catal\u00e1n, con una visita al Chelsea en la Champions League, seguida de dos partidos consecutivos en casa contra el Alav\u00e9s y el Atl\u00e9tico de Madrid, que ahora se podr\u00e1n disputar en el Camp Nou.<\/p>\n<p>Selecciones Editoriales<\/p>\n<p>2 Relacionado<\/p>\n<p>A\u00fan no est\u00e1 claro si el partido de Champions League contra el Eintracht Frankfurt se disputar\u00e1 en el Camp Nou o en el Estadio Ol\u00edmpico el 9 de diciembre.<\/p>\n<p>Las normas de la UEFA difieren ligeramente de las de LaLiga en lo que respecta al cambio de estadio a mitad de temporada, pero Laporta se muestra confiado en que ser\u00e1 posible, afirmando que existen planes para cumplir con todos los requisitos del organismo rector, incluyendo zonas cubiertas para el palco de autoridades.<\/p>\n<p>Actualmente, las dos primeras gradas del estadio est\u00e1n terminadas, pero se est\u00e1 trabajando en la tercera y a\u00fan falta instalar el techo.<\/p>\n<p>Se prev\u00e9 que las obras finalicen por completo en 2027, momento en el que el aforo aumentar\u00e1 a 105 mil espectadores.<\/p>\n","protected":false},"excerpt":{"rendered":"El esperado regreso se dar\u00e1 el pr\u00f3ximo s\u00e1bado 22 de noviembre para recibir al Athletic con un aforo&hellip;\n","protected":false},"author":2,"featured_media":241185,"comment_status":"","ping_status":"","sticky":false,"template":"","format":"standard","meta":{"footnotes":""},"categories":[93],"tags":[168,25,24,23,167],"class_list":{"0":"post-241184","1":"post","2":"type-post","3":"status-publish","4":"format-standard","5":"has-post-thumbnail","7":"category-deportes","8":"tag-deportes","9":"tag-es","10":"tag-espana","11":"tag-spain","12":"tag-sports"},"share_on_mastodon":{"url":"https:\/\/pubeurope.com\/@es\/115566049209128416","error":""},"_links":{"self":[{"href":"https:\/\/www.europesays.com\/es\/wp-json\/wp\/v2\/posts\/241184","targetHints":{"allow":["GET"]}}],"collection":[{"href":"https:\/\/www.europesays.com\/es\/wp-json\/wp\/v2\/posts"}],"about":[{"href":"https:\/\/www.europesays.com\/es\/wp-json\/wp\/v2\/types\/post"}],"author":[{"embeddable":true,"href":"https:\/\/www.europesays.com\/es\/wp-json\/wp\/v2\/users\/2"}],"replies":[{"embeddable":true,"href":"https:\/\/www.europesays.com\/es\/wp-json\/wp\/v2\/comments?post=241184"}],"version-history":[{"count":0,"href":"https:\/\/www.europesays.com\/es\/wp-json\/wp\/v2\/posts\/241184\/revisions"}],"wp:featuredmedia":[{"embeddable":true,"href":"https:\/\/www.europesays.com\/es\/wp-json\/wp\/v2\/media\/241185"}],"wp:attachment":[{"href":"https:\/\/www.europesays.com\/es\/wp-json\/wp\/v2\/media?parent=241184"}],"wp:term":[{"taxonomy":"category","embeddable":true,"href":"https:\/\/www.europesays.com\/es\/wp-json\/wp\/v2\/categories?post=241184"},{"taxonomy":"post_tag","embeddable":true,"href":"https:\/\/www.europesays.com\/es\/wp-json\/wp\/v2\/tags?post=241184"}],"curies":[{"name":"wp","href":"https:\/\/api.w.org\/{rel}","templated":true}]}}