{"id":241186,"date":"2025-11-17T16:45:16","date_gmt":"2025-11-17T16:45:16","guid":{"rendered":"https:\/\/www.europesays.com\/es\/241186\/"},"modified":"2025-11-17T16:45:16","modified_gmt":"2025-11-17T16:45:16","slug":"la-vacunacion-contra-la-gripe-y-covid-19-podria-disminuir-la-incidencia-de-problemas-cardiovasculares-y-tromboembolismos","status":"publish","type":"post","link":"https:\/\/www.europesays.com\/es\/241186\/","title":{"rendered":"La vacunaci\u00f3n contra la gripe y Covid-19 podr\u00eda disminuir la incidencia de problemas cardiovasculares y tromboembolismos"},"content":{"rendered":"<p>La Asociaci\u00f3n Espa\u00f1ola de Vacunolog\u00eda (AEV) ha resaltado los efectos positivos adicionales de las vacunas contra la gripe y el Covid-19 m\u00e1s all\u00e1 de la prevenci\u00f3n directa de estas enfermedades. Espec\u00edficamente, la vacuna de la gripe puede reducir significativamente los casos de ictus e infarto, mientras que la vacuna del Covid-19 contribuye a la reducci\u00f3n de complicaciones tromboemb\u00f3licas.<\/p>\n<p>Con el objetivo de elevar las tasas de vacunaci\u00f3n antes del invierno, la AEV ha lanzado una campa\u00f1a informativa en redes sociales, parte de la iniciativa \u2018El mejor plan para este invierno. Vac\u00fanate\u2019. Jaime P\u00e9rez, presidente de la AEV, ha se\u00f1alado que la vacuna de la gripe puede disminuir el riesgo de eventos cardiovasculares en un 34 por ciento en el a\u00f1o siguiente a su administraci\u00f3n. Adem\u00e1s, otros estudios sugieren que esta vacuna podr\u00eda reducir entre un 12 y un 16 por ciento el riesgo de ictus isqu\u00e9micos en personas mayores, as\u00ed como disminuir la probabilidad de sufrir un infarto.<\/p>\n<p>P\u00e9rez ha destacado que \u00abVacunarse frente a la gripe puede ser tan beneficioso para nuestra salud cardiovascular como dejar de fumar\u00bb, citando investigaciones presentadas en congresos internacionales de cardiolog\u00eda. Por otro lado, adem\u00e1s de prevenir complicaciones arteriales y venosas, la vacuna contra el Covid-19 tambi\u00e9n ayuda a atenuar los riesgos de tromboembolismos.<\/p>\n<p>La AEV tambi\u00e9n ha advertido que infecciones como la Covid-19 y el neumococo pueden aumentar los riesgos de eventos cardiovasculares y decesos. En el \u00e1mbito infantil, m\u00e1s del 80 por ciento de los ni\u00f1os hospitalizados por gripe durante la temporada 2023-2024 eran previamente sanos, subrayando la importancia de la vacunaci\u00f3n en menores de seis a 59 meses. En personas mayores de 65 a\u00f1os, el riesgo de muerte a causa de la gripe aumenta considerablemente en presencia de enfermedades cardiacas o pulmonares cr\u00f3nicas.<\/p>\n<p>Finalmente, la AEV recomienda la vacunaci\u00f3n contra la gripe en mayores de 60 a\u00f1os y aquellos con factores de riesgo, y urge a los profesionales de la salud a vacunarse y promover la vacunaci\u00f3n entre sus pacientes.<\/p>\n","protected":false},"excerpt":{"rendered":"La Asociaci\u00f3n Espa\u00f1ola de Vacunolog\u00eda (AEV) ha resaltado los efectos positivos adicionales de las vacunas contra la gripe&hellip;\n","protected":false},"author":2,"featured_media":135832,"comment_status":"","ping_status":"","sticky":false,"template":"","format":"standard","meta":{"footnotes":""},"categories":[92],"tags":[25,24,165,166,23],"class_list":{"0":"post-241186","1":"post","2":"type-post","3":"status-publish","4":"format-standard","5":"has-post-thumbnail","7":"category-salud","8":"tag-es","9":"tag-espana","10":"tag-health","11":"tag-salud","12":"tag-spain"},"share_on_mastodon":{"url":"https:\/\/pubeurope.com\/@es\/115566052987260958","error":""},"_links":{"self":[{"href":"https:\/\/www.europesays.com\/es\/wp-json\/wp\/v2\/posts\/241186","targetHints":{"allow":["GET"]}}],"collection":[{"href":"https:\/\/www.europesays.com\/es\/wp-json\/wp\/v2\/posts"}],"about":[{"href":"https:\/\/www.europesays.com\/es\/wp-json\/wp\/v2\/types\/post"}],"author":[{"embeddable":true,"href":"https:\/\/www.europesays.com\/es\/wp-json\/wp\/v2\/users\/2"}],"replies":[{"embeddable":true,"href":"https:\/\/www.europesays.com\/es\/wp-json\/wp\/v2\/comments?post=241186"}],"version-history":[{"count":0,"href":"https:\/\/www.europesays.com\/es\/wp-json\/wp\/v2\/posts\/241186\/revisions"}],"wp:featuredmedia":[{"embeddable":true,"href":"https:\/\/www.europesays.com\/es\/wp-json\/wp\/v2\/media\/135832"}],"wp:attachment":[{"href":"https:\/\/www.europesays.com\/es\/wp-json\/wp\/v2\/media?parent=241186"}],"wp:term":[{"taxonomy":"category","embeddable":true,"href":"https:\/\/www.europesays.com\/es\/wp-json\/wp\/v2\/categories?post=241186"},{"taxonomy":"post_tag","embeddable":true,"href":"https:\/\/www.europesays.com\/es\/wp-json\/wp\/v2\/tags?post=241186"}],"curies":[{"name":"wp","href":"https:\/\/api.w.org\/{rel}","templated":true}]}}