{"id":241212,"date":"2025-11-17T17:05:09","date_gmt":"2025-11-17T17:05:09","guid":{"rendered":"https:\/\/www.europesays.com\/es\/241212\/"},"modified":"2025-11-17T17:05:09","modified_gmt":"2025-11-17T17:05:09","slug":"helloween-obus-y-el-tributo-a-motorhead-motorhits-se-unen-a-sting-en-el-cartel-del-concert-music-festival-2026-mariskalrock-com","status":"publish","type":"post","link":"https:\/\/www.europesays.com\/es\/241212\/","title":{"rendered":"Helloween, Ob\u00fas y el tributo a Mot\u00f6rhead Mot\u00f6rhits se unen a Sting en el cartel del Concert Music Festival 2026 &#8211; MariskalRock.com"},"content":{"rendered":"<ol>\n<li><a href=\"https:\/\/news.google.com\/rss\/articles\/CBMi4AFBVV95cUxPNjZGUlJ1YXNOTkJocS1KeG5GbjVwUzhObmZ2dnNZVjJob0h5MXltSWg5Sk9vYnZfcV9SWDQ3T25TRFBWMkhLMDdzaG5ISVlkYU9Xa2dVMmRlWDE1VmkyU2dqcTlFSFluZGlscVZYOGNlMlNaZlZUZEJlaEJSMlZQb3pIY1NVZTZzNG9OLWxYaV9LU3NTUkF2UE5YbnhaZFZ5bEQ3VzZXVGJQcjJMeVZiaUFqY1ZndlBmeWhuREVmTkJTUjRqTXZObHVkaFRmSVJNcVdTNWdhbGlCajZ1alZUVw?oc=5\" target=\"_blank\" rel=\"nofollow noopener\">Helloween, Ob\u00fas y el tributo a Mot\u00f6rhead Mot\u00f6rhits se unen a Sting en el cartel del Concert Music Festival 2026<\/a>&nbsp;&nbsp;MariskalRock.com<\/li>\n<li><a href=\"https:\/\/news.google.com\/rss\/articles\/CBMingFBVV95cUxOZXUwYkZFMDY5T2tiY1hLQmV1OGVGVERxQW9PNnpqYjZERXQxUzRMNVB0S2NKZVRQZlFWSDBOZllIdm13dW1jcjJlYkJDSHljel80QWtyV3J1NXhuUWNZTVlrS0lvSmZvbGZzMko4TlRPUVI5d1ZLbHNYb3BzeUMzYm4yWVl0ZjNlaHVGcHAyTEJkclFjSUt2OEpNSldZUdIBowFBVV95cUxQRXI3ZDFxRHhWeXhwdjBlbEQzdmxpcEw3UGVNUjlEeHRycEdoc2ZNdXVHeExzQUNLMzB4d040d1hvOXRnek81bWRIWTIxRU9qV0pKNjRtTHlERDFwT1U1Wjg3TWJkQjkzYnc3S3NXQUs5SHY1am5ndTlPN1BDZEV5dTB1eXBBcGlOdEFFYjFsb3ViV3Zvck9PcS1tV0FhVy1Fa2Y0?oc=5\" target=\"_blank\" rel=\"nofollow noopener\">Chiclana: Helloween, Ob\u00fas y Mot\u00f6rhits, nuevas incorporaciones en Concert Music Festival 2026<\/a>&nbsp;&nbsp;Diario de C\u00e1diz<\/li>\n<li><a href=\"https:\/\/news.google.com\/rss\/articles\/CBMifEFVX3lxTFBSWnA0bGY2dTJGemRpZ1Q0QkR5Y3dDUnFueGR0bjAyWk5Nc1dlajNFY3hUNUlIbUU2X2xVd1UzMU1RR2psdjhKM0I2UUNuQjdCalhONVFkdVdoanZFYjBFc1IzdjJYRjNhY1pEVTBsTllrQWpkVTh0ejBXQnk?oc=5\" target=\"_blank\" rel=\"nofollow noopener\">HELLOWEEN en C\u00e1diz el pr\u00f3ximo 6 de agosto de 2026<\/a>&nbsp;&nbsp;METALEGUN<\/li>\n<li><a href=\"https:\/\/news.google.com\/rss\/articles\/CBMi8AFBVV95cUxNdHl1VXNUSklsSzFIV3BwdzZ4SkxHYWE4WTM5TFlOdHphbUI0RkQwN04xa3FIZ2hmLWN1bVhCZktOdWIzb21IdEdVVk1OMEx4V3h0Sl9qbFVyMWxzMjl4ekJDQTdTWXM1cUJDd0otTHVRRHFrOU1wWDhFTkJoRUhTSXVPUUN1WnJUMlJtMlNxVm95NU4tT3J2N2kwa0pqajhlbEFYQUdJbWhVUmxKRHptUUxBZjJwYmREN2xROVlkd0pseEYwaHNORmxPNkNmcUxjVldCWlZ5TzJBZ0xBOTRieUVYUGdlZkp2WC1EN0otcnPSAfYBQVVfeXFMT2VYbk5Hb0J4RTU3NktHMnBrdHlZX0Y2Wlh2a0VZYTdyb0l0bnRiNXVSXzAzS28zeFRZNFl1a21vYW41SDY3WDVLd0ZnYUktNElvM0N6T29ELUxUdTQ0OHFpRWVKQ2VUUUNSRFZFRGc4OUloeHBaZTMzS25JNkVzWS14cnFwWTFVZ2JoOER1RVFuNDFuTDZFQ1JhS2hvbDI1aHFROU9LMkdqaUJ2ZlNsUFJuRjc5X0Fsd0V3Z09wYmhRVFQ4dzhaZUtsTkJ5SkdsSmplbzFGM2hXMVJyQVVJRnExUVpGSkdiZHUxSV9fUFRsQUowM1J3?oc=5\" target=\"_blank\" rel=\"nofollow noopener\">Fiesta de heavy metal en Chiclana: tres grandes bandas se suman al Concert Music Festival 2026<\/a>&nbsp;&nbsp;lavozdelsur.es<\/li>\n<\/ol>\n","protected":false},"excerpt":{"rendered":"Helloween, Ob\u00fas y el tributo a Mot\u00f6rhead Mot\u00f6rhits se unen a Sting en el cartel del Concert Music&hellip;\n","protected":false},"author":2,"featured_media":241213,"comment_status":"","ping_status":"","sticky":false,"template":"","format":"standard","meta":{"footnotes":""},"categories":[170],"tags":[62071,146,147,25,24,1500,27208,62072,4622,184,185,36239,23,32284,48843],"class_list":{"0":"post-241212","1":"post","2":"type-post","3":"status-publish","4":"format-standard","5":"has-post-thumbnail","7":"category-musica","8":"tag-concert-music-festival","9":"tag-entertainment","10":"tag-entretenimiento","11":"tag-es","12":"tag-espana","13":"tag-helloween","14":"tag-motorhead","15":"tag-motorhits","16":"tag-mr2022","17":"tag-music","18":"tag-musica","19":"tag-obus","20":"tag-spain","21":"tag-sting","22":"tag-the-police"},"share_on_mastodon":{"url":"https:\/\/pubeurope.com\/@es\/115566131637894186","error":""},"_links":{"self":[{"href":"https:\/\/www.europesays.com\/es\/wp-json\/wp\/v2\/posts\/241212","targetHints":{"allow":["GET"]}}],"collection":[{"href":"https:\/\/www.europesays.com\/es\/wp-json\/wp\/v2\/posts"}],"about":[{"href":"https:\/\/www.europesays.com\/es\/wp-json\/wp\/v2\/types\/post"}],"author":[{"embeddable":true,"href":"https:\/\/www.europesays.com\/es\/wp-json\/wp\/v2\/users\/2"}],"replies":[{"embeddable":true,"href":"https:\/\/www.europesays.com\/es\/wp-json\/wp\/v2\/comments?post=241212"}],"version-history":[{"count":0,"href":"https:\/\/www.europesays.com\/es\/wp-json\/wp\/v2\/posts\/241212\/revisions"}],"wp:featuredmedia":[{"embeddable":true,"href":"https:\/\/www.europesays.com\/es\/wp-json\/wp\/v2\/media\/241213"}],"wp:attachment":[{"href":"https:\/\/www.europesays.com\/es\/wp-json\/wp\/v2\/media?parent=241212"}],"wp:term":[{"taxonomy":"category","embeddable":true,"href":"https:\/\/www.europesays.com\/es\/wp-json\/wp\/v2\/categories?post=241212"},{"taxonomy":"post_tag","embeddable":true,"href":"https:\/\/www.europesays.com\/es\/wp-json\/wp\/v2\/tags?post=241212"}],"curies":[{"name":"wp","href":"https:\/\/api.w.org\/{rel}","templated":true}]}}