{"id":241222,"date":"2025-11-17T17:10:08","date_gmt":"2025-11-17T17:10:08","guid":{"rendered":"https:\/\/www.europesays.com\/es\/241222\/"},"modified":"2025-11-17T17:10:08","modified_gmt":"2025-11-17T17:10:08","slug":"podria-estar-activando-sus-motores","status":"publish","type":"post","link":"https:\/\/www.europesays.com\/es\/241222\/","title":{"rendered":"podr\u00eda estar activando sus motores"},"content":{"rendered":"<p>El cometa 3I\/ATLAS contin\u00faa despertando las teor\u00edas m\u00e1s inveros\u00edmiles durante su traves\u00eda a lo largo del sistema solar. <strong data-start=\"304\" data-end=\"516\">Semanas antes de su m\u00e1ximo acercamiento a la Tierra, <\/strong>el objeto ha reaparecido detr\u00e1s del Sol, permitiendo a los astr\u00f3nomos retomar su estudio y alimentando a\u00fan m\u00e1s las especulaciones en torno a su naturaleza.<\/p>\n<p>El objeto, que los expertos han calificado como un cometa compuesto principalmente de hielo de di\u00f3xido de carbono, ha sobrevivido a su prehelio (m\u00e1ximo acercamiento al Sol) de manera pr\u00e1cticamente intacta, <strong data-start=\"724\" data-end=\"827\">tal y como Avi Loeb, astr\u00f3nomo de Harvard, hab\u00eda adelantado en una publicaci\u00f3n reciente de su blog.<\/strong><\/p>\n<p>Nuevas im\u00e1genes de <a title=\"3I\/ATLAS, tomadas por el Telescopio \u00d3ptico N\u00f3rdico en las Islas Canarias\" href=\"https:\/\/www.larazon.es\/tecnologia\/que-cometa-interestelar-3iatlas-llama-asi_2025111469172dde39b3f1652bedfbe4.html\" target=\"_blank\" rel=\"nofollow noopener\">3I\/ATLAS, tomadas por el Telescopio \u00d3ptico N\u00f3rdico en las Islas Canarias<\/a>, \u00abmuestran un solo cuerpo, sin evidencia de desintegraci\u00f3n tras el paso por el perihelio dos semanas antes\u00bb, admiti\u00f3 Loeb en una publicaci\u00f3n de seguimiento el pasado mi\u00e9rcoles. <strong data-start=\"1098\" data-end=\"1295\">Las im\u00e1genes revelan adem\u00e1s una prominente \u201canticola\u201d, una estructura que apunta hacia el Sol y que estar\u00eda formada por part\u00edculas de polvo m\u00e1s grandes y menos afectadas por la radiaci\u00f3n solar.<\/strong><\/p>\n<p>Una teor\u00eda que apunta a la vida extraterrestre<\/p>\n<p>Ni corto ni perezoso, Loeb, entre varias teor\u00edas, declar\u00f3 ante NBC News que estos chorros avistados podr\u00edan ser en realidad \u00abpropulsores de una nave espacial tecnol\u00f3gica\u00bb. <strong data-start=\"1469\" data-end=\"1657\">Seg\u00fan su interpretaci\u00f3n, 3I\/ATLAS podr\u00eda no ser un cometa convencional, <\/strong>sino un <a title=\"visitante tecnol\u00f3gico de origen desconocido que estar\u00eda acelerando para abandonar nuestro sistema solar.\" href=\"https:\/\/www.larazon.es\/tecnologia\/nueva-teoria-3iatlas-nave-espacial-extraterrestre-sino-parte-exoplaneta_2025101768f29ccade40d8089e143e88.html\" target=\"_blank\" rel=\"nofollow noopener\">visitante tecnol\u00f3gico de origen desconocido que estar\u00eda acelerando para abandonar nuestro sistema solar.<\/a> La teor\u00eda de que el objeto proceda de vida inteligente ha sido repetida por quienes desconf\u00edan de su origen natural.<\/p>\n<p>\u00abLos propulsores tecnol\u00f3gicos que apuntan su escape hacia el Sol acelerar\u00edan alej\u00e1ndose del Sol\u00bb, se\u00f1al\u00f3 Loeb en su \u00faltima publicaci\u00f3n de blog. <strong data-start=\"1920\" data-end=\"2109\">Para el profesor, esta maniobra posterior al perihelio podr\u00eda corresponder a la estrategia de una nave espacial que busca ganar velocidad mediante una asistencia solar no gravitacional.<\/strong><\/p>\n<p>Esta no es la primera vez que el profesor relaciona el cometa con los alien\u00edgenas. A principios de septiembre ya hab\u00eda hablado de la \u201canticola\u201d del cometa, cuando esta se hizo visible en im\u00e1genes captadas por el Telescopio Espacial Hubble de la NASA en agosto. <strong data-start=\"2372\" data-end=\"2459\">Estas observaciones reforzaron, seg\u00fan Loeb, la posibilidad de un origen artificial.<\/strong><\/p>\n<p>Unas suposiciones que no convencen a la comunidad cient\u00edfica<\/p>\n<p>Estas afirmaciones de Loeb han causado <a title=\"confusi\u00f3n en la comunidad cient\u00edfica\" href=\"https:\/\/www.larazon.es\/tecnologia-consumo\/cientifico-desmiente-todo-que-dicho-3iatlas-asegura-que-son-alienigenas-cambiado-color_2025111269144d144d14723b1ecc5d12.html\" target=\"_blank\" rel=\"nofollow noopener\">confusi\u00f3n en la comunidad cient\u00edfica<\/a> acerca de la supuesta veracidad de sus palabras. Uno de ellos ha sido Jason Wright, astr\u00f3nomo de la Universidad Estatal de Pensilvania, que en septiembre refut\u00f3 estas afirmaciones. <strong data-start=\"2718\" data-end=\"2871\">Wright explic\u00f3 que fen\u00f3menos similares ya hab\u00edan sido observados y estaban asociados a grandes granos de polvo eyectados, no a actividad tecnol\u00f3gica.<\/strong><\/p>\n<p>Pese a todo, Loeb no parece dispuesto a arrojar la toalla en su esperanza de que 3I\/ATLAS sea la primera demostraci\u00f3n conocida de que la vida inteligente en otros planetas realmente existe. Seg\u00fan sus c\u00e1lculos, 3I\/ATLAS podr\u00eda ser mucho m\u00e1s enorme de lo que se pensaba, <strong data-start=\"3142\" data-end=\"3255\">pues la gran cantidad de masa perdida sugiere un tama\u00f1o equivalente a una esfera de 23 kil\u00f3metros de di\u00e1metro<\/strong>, cuatro veces m\u00e1s grande que sus estimaciones anteriores.<\/p>\n<p>\u00abLos propulsores de tecnolog\u00eda alien\u00edgena podr\u00edan emplear velocidades de escape a\u00fan mayores, reduciendo la p\u00e9rdida de masa necesaria en varios \u00f3rdenes de magnitud y haciendo que el combustible requerido sea una peque\u00f1a fracci\u00f3n de la masa de la nave espacial\u00bb, determin\u00f3 en una publicaci\u00f3n anterior de su blog. <strong data-start=\"3626\" data-end=\"3714\">\u201cLa base de la ciencia es la curiosidad, la humildad para aprender\u201d, dijo a NBC News<\/strong>, antes de concluir: \u00abEsperemos unas semanas m\u00e1s, lo averiguaremos y esperemos que no haya regalos de este objeto para las fiestas en la Tierra\u00bb.<\/p>\n","protected":false},"excerpt":{"rendered":"El cometa 3I\/ATLAS contin\u00faa despertando las teor\u00edas m\u00e1s inveros\u00edmiles durante su traves\u00eda a lo largo del sistema solar.&hellip;\n","protected":false},"author":2,"featured_media":102064,"comment_status":"","ping_status":"","sticky":false,"template":"","format":"standard","meta":{"footnotes":""},"categories":[81],"tags":[119,123,124,25,24,117,121,122,23,118,120],"class_list":{"0":"post-241222","1":"post","2":"type-post","3":"status-publish","4":"format-standard","5":"has-post-thumbnail","7":"category-ciencia-y-tecnologia","8":"tag-ciencia","9":"tag-ciencia-y-tecnologia","10":"tag-cienciaytecnologia","11":"tag-es","12":"tag-espana","13":"tag-science","14":"tag-science-and-technology","15":"tag-scienceandtechnology","16":"tag-spain","17":"tag-technology","18":"tag-tecnologia"},"share_on_mastodon":{"url":"https:\/\/pubeurope.com\/@es\/115566151262595596","error":""},"_links":{"self":[{"href":"https:\/\/www.europesays.com\/es\/wp-json\/wp\/v2\/posts\/241222","targetHints":{"allow":["GET"]}}],"collection":[{"href":"https:\/\/www.europesays.com\/es\/wp-json\/wp\/v2\/posts"}],"about":[{"href":"https:\/\/www.europesays.com\/es\/wp-json\/wp\/v2\/types\/post"}],"author":[{"embeddable":true,"href":"https:\/\/www.europesays.com\/es\/wp-json\/wp\/v2\/users\/2"}],"replies":[{"embeddable":true,"href":"https:\/\/www.europesays.com\/es\/wp-json\/wp\/v2\/comments?post=241222"}],"version-history":[{"count":0,"href":"https:\/\/www.europesays.com\/es\/wp-json\/wp\/v2\/posts\/241222\/revisions"}],"wp:featuredmedia":[{"embeddable":true,"href":"https:\/\/www.europesays.com\/es\/wp-json\/wp\/v2\/media\/102064"}],"wp:attachment":[{"href":"https:\/\/www.europesays.com\/es\/wp-json\/wp\/v2\/media?parent=241222"}],"wp:term":[{"taxonomy":"category","embeddable":true,"href":"https:\/\/www.europesays.com\/es\/wp-json\/wp\/v2\/categories?post=241222"},{"taxonomy":"post_tag","embeddable":true,"href":"https:\/\/www.europesays.com\/es\/wp-json\/wp\/v2\/tags?post=241222"}],"curies":[{"name":"wp","href":"https:\/\/api.w.org\/{rel}","templated":true}]}}