{"id":241223,"date":"2025-11-17T17:11:09","date_gmt":"2025-11-17T17:11:09","guid":{"rendered":"https:\/\/www.europesays.com\/es\/241223\/"},"modified":"2025-11-17T17:11:09","modified_gmt":"2025-11-17T17:11:09","slug":"indra-pone-los-cimientos-de-una-empresa-espanola-especializada-en-guerra-electronica-con-emiratos-arabes","status":"publish","type":"post","link":"https:\/\/www.europesays.com\/es\/241223\/","title":{"rendered":"Indra pone los cimientos de una empresa espa\u00f1ola especializada en &#8216;guerra electr\u00f3nica&#8217; con Emiratos \u00c1rabes"},"content":{"rendered":"<p class=\"voc-p\" style=\"\">Indra se prepara para el sector del futuro que ya est\u00e1 aqu\u00ed: la guerra electr\u00f3nica. La compa\u00f1\u00eda acaba de firmar un acuerdo preliminar con Edge Group, el conglomerado de tecnolog\u00eda de defensa de Emiratos \u00c1rabes Unidos (EAU), para crear una empresa conjunta en Espa\u00f1a centrada  &#8230; en el desarrollo y fabricaci\u00f3n de municiones merodeadoras y armas inteligentes, as\u00ed como para la cooperaci\u00f3n en programas clave en Europa.<\/p>\n<p class=\"voc-p\" style=\"\">La alianza de la compa\u00f1\u00eda espa\u00f1ola presidida por \u00c1ngel Escribano y la \u00e1rabe con sede en Abu Dabi viene de lejos, tras crear el a\u00f1o pasado Pulse Nova con Edge Group de socio. El reto es convertir a la empresa conjunta en especialista en capacidades avanzadas de guerra electr\u00f3nica (EW).<\/p>\n<p class=\"voc-p\" style=\"\">Escribano, junto a su consejero delegado, Jos\u00e9 Vicente de los Mozos, han aprovechado su viaje al evento para profesionales de la industria aeroespacial y de defensa que se celebra en Dubai -Dubai Airshow- , para firmar sendos Memorando de Entendimiento (MoU) como paso preliminar hacia la creaci\u00f3n de esta empresa en Espa\u00f1a dedicada al desarrollo, producci\u00f3n y mantenimiento de municiones y armas inteligentes para los mercados espa\u00f1ol, europeo y determinadas \u00e1reas internacionales; adem\u00e1s de para la posible cooperaci\u00f3n en programas de defensa en el Viejo Continente, am\u00e9n de incluir en una segunda etapa capacidades avanzadas de guerra electr\u00f3nica y permitir que \u00e9sta aproveche las capacidades combinadas de ambas empresas, a trav\u00e9s de SIGN4L, la entidad de radares y guerra electr\u00f3nica de la empresa de Emiratos.<\/p>\n<p class=\"voc-p\" style=\"\">(SEGUIR\u00c1 AMPLIACI\u00d3N)<\/p>\n<p><img loading=\"lazy\" decoding=\"async\" width=\"530\" height=\"64\" class=\"logo-premium\" src=\"data:image\/gif;base64,R0lGODlhAQABAAAAACH5BAEKAAEALAAAAAABAAEAAAICTAEAOw==\" alt=\"ABC Premium\"\/><br \/>\nL\u00edmite de sesiones alcanzadas<\/p>\n<ul class=\"listado\">\n<li>El acceso al contenido Premium est\u00e1 abierto por cortes\u00eda del establecimiento donde te encuentras, pero ahora mismo hay demasiados usuarios conectados a la vez. Por favor, int\u00e9ntalo pasados unos minutos.<\/li>\n<\/ul>\n<p>Volver a intentar<\/p>\n<p><img loading=\"lazy\" decoding=\"async\" width=\"530\" height=\"64\" class=\"logo-premium\" src=\"data:image\/gif;base64,R0lGODlhAQABAAAAACH5BAEKAAEALAAAAAABAAEAAAICTAEAOw==\" alt=\"ABC Premium\"\/><br \/>\nHas superado el l\u00edmite de sesiones<\/p>\n<ul class=\"listado\">\n<li>S\u00f3lo puedes tener tres sesiones iniciadas a la vez. Hemos cerrado la sesi\u00f3n m\u00e1s antigua para que sigas navegando sin l\u00edmites en el resto.<\/li>\n<\/ul>\n<p>Sigue navegando<\/p>\n<p>\nArt\u00edculo solo para suscriptores\n<\/p>\n<p>Reportar un error<\/p>\n","protected":false},"excerpt":{"rendered":"Indra se prepara para el sector del futuro que ya est\u00e1 aqu\u00ed: la guerra electr\u00f3nica. La compa\u00f1\u00eda acaba&hellip;\n","protected":false},"author":2,"featured_media":241224,"comment_status":"","ping_status":"","sticky":false,"template":"","format":"standard","meta":{"footnotes":""},"categories":[80],"tags":[25447,82,62073,95,94,1003,62075,4269,25,24,2501,62074,69,7834,1150,23],"class_list":{"0":"post-241223","1":"post","2":"type-post","3":"status-publish","4":"format-standard","5":"has-post-thumbnail","7":"category-economia","8":"tag-arabes","9":"tag-business","10":"tag-cimientos","11":"tag-economia","12":"tag-economy","13":"tag-electronica","14":"tag-emiratos","15":"tag-empresa","16":"tag-es","17":"tag-espana","18":"tag-espanola","19":"tag-especializada","20":"tag-guerra","21":"tag-indra","22":"tag-pone","23":"tag-spain"},"share_on_mastodon":{"url":"https:\/\/pubeurope.com\/@es\/115566155213126503","error":""},"_links":{"self":[{"href":"https:\/\/www.europesays.com\/es\/wp-json\/wp\/v2\/posts\/241223","targetHints":{"allow":["GET"]}}],"collection":[{"href":"https:\/\/www.europesays.com\/es\/wp-json\/wp\/v2\/posts"}],"about":[{"href":"https:\/\/www.europesays.com\/es\/wp-json\/wp\/v2\/types\/post"}],"author":[{"embeddable":true,"href":"https:\/\/www.europesays.com\/es\/wp-json\/wp\/v2\/users\/2"}],"replies":[{"embeddable":true,"href":"https:\/\/www.europesays.com\/es\/wp-json\/wp\/v2\/comments?post=241223"}],"version-history":[{"count":0,"href":"https:\/\/www.europesays.com\/es\/wp-json\/wp\/v2\/posts\/241223\/revisions"}],"wp:featuredmedia":[{"embeddable":true,"href":"https:\/\/www.europesays.com\/es\/wp-json\/wp\/v2\/media\/241224"}],"wp:attachment":[{"href":"https:\/\/www.europesays.com\/es\/wp-json\/wp\/v2\/media?parent=241223"}],"wp:term":[{"taxonomy":"category","embeddable":true,"href":"https:\/\/www.europesays.com\/es\/wp-json\/wp\/v2\/categories?post=241223"},{"taxonomy":"post_tag","embeddable":true,"href":"https:\/\/www.europesays.com\/es\/wp-json\/wp\/v2\/tags?post=241223"}],"curies":[{"name":"wp","href":"https:\/\/api.w.org\/{rel}","templated":true}]}}