{"id":241225,"date":"2025-11-17T17:12:13","date_gmt":"2025-11-17T17:12:13","guid":{"rendered":"https:\/\/www.europesays.com\/es\/241225\/"},"modified":"2025-11-17T17:12:13","modified_gmt":"2025-11-17T17:12:13","slug":"que-esta-pasando-entre-china-y-japon-y-por-que-ha-aumentado-la-tension-en-torno-a-taiwan","status":"publish","type":"post","link":"https:\/\/www.europesays.com\/es\/241225\/","title":{"rendered":"Qu\u00e9 est\u00e1 pasando entre China y Jap\u00f3n y por qu\u00e9 ha aumentado la tensi\u00f3n en torno a Taiw\u00e1n"},"content":{"rendered":"<p class=\"article-text\">\n        Tokio y Pek\u00edn se encuentran inmersos en una creciente disputa en torno a Taiw\u00e1n despu\u00e9s de que <a href=\"https:\/\/www.eldiario.es\/internacional\/sanae-takaichi-convierte-primera-mujer-primera-ministra-japon_1_12700408.html\" data-mrf-recirculation=\"links-noticia\" class=\"link\" rel=\"nofollow noopener\" target=\"_blank\">la primera ministra japonesa, Sanae Takaichi,<\/a> sugiriera que su pa\u00eds podr\u00eda involucrarse militarmente en caso de un intento de invasi\u00f3n china de la isla autogobernada.\n    <\/p>\n<p class=\"article-text\">\n        \u00bfPor qu\u00e9 Taiw\u00e1n se ha convertido en un punto de fricci\u00f3n entre estos vecinos del noreste asi\u00e1tico y principales socios comerciales? \u00bfExiste el riesgo de que la guerra de palabras vaya a m\u00e1s?\n    <\/p>\n<p>    \u00bfC\u00f3mo ha empezado la disputa?<\/p>\n<p class=\"article-text\">\n        La disputa se desat\u00f3 despu\u00e9s de que la primera ministra japonesa sugiriera en su primer discurso ante el Parlamento tras asumir el cargo en octubre que Jap\u00f3n podr\u00eda involucrarse militarmente en un conflicto entre China y Taiw\u00e1n.\n    <\/p>\n<p class=\"article-text\">\n        La Constituci\u00f3n japonesa de posguerra proh\u00edbe al pa\u00eds nip\u00f3n el uso de la fuerza para resolver disputas internacionales, pero una ley de 2015 \u2014aprobada durante el mandato del primer ministro y mentor de Takaichi, Shinzo Abe\u2014 permite ejercer la leg\u00edtima defensa colectiva en ciertas situaciones, incluso si Jap\u00f3n no est\u00e1 siendo atacado directamente.\n    <\/p>\n<p class=\"article-text\">\n        El Partido Comunista Chino que gobierna el pa\u00eds afirma que Taiw\u00e1n es una provincia y ha prometido anexionarla, incluso por la fuerza militar, si no logra convencer o coaccionar a Taiw\u00e1n para que acepte lo que denomina \u201creunificaci\u00f3n\u201d. Sin embargo, Taiw\u00e1n se opone de forma contundente y un intento de invasi\u00f3n china podr\u00eda desencadenar un conflicto regional o global.\n    <\/p>\n<p class=\"article-text\">\n        \u201cLa llamada contingencia de Taiw\u00e1n se ha vuelto tan grave que debemos anticipar el peor escenario posible\u201d, declar\u00f3 Takaichi. La primera ministra agreg\u00f3 que un ataque de China contra Taiw\u00e1n podr\u00eda provocar el despliegue de las fuerzas de autodefensa de su pa\u00eds, si el conflicto representara una amenaza existencial para Jap\u00f3n, que posee territorio a tan solo 110 km de la isla principal de Taiw\u00e1n.\n    <\/p>\n<p class=\"article-text\">\n        Pek\u00edn reaccion\u00f3 con furia, calificando las palabras de la primera ministra como una \u201camenaza militar\u201d contra China.\n    <\/p>\n<p>    \u00bfPor qu\u00e9 Jap\u00f3n ha tomado esta postura?<\/p>\n<p class=\"article-text\">\n        Takaichi, quien asumi\u00f3 el cargo de primera ministra el mes pasado, pertenece al ala derechista del gobernante Partido Liberal Democr\u00e1tico (PLD) y comparte la postura beligerante hacia China que en su momento defendi\u00f3 Shinzo Abe.\n    <\/p>\n<p class=\"article-text\">\n        Durante su breve mandato, Takaichi ha priorizado el fortalecimiento de las defensas de Jap\u00f3n para contrarrestar la creciente asertividad de China, con especial atenci\u00f3n a las islas perif\u00e9ricas japonesas en el Mar de China Oriental, donde se ubican las islas Senkaku.\n    <\/p>\n<p class=\"article-text\">\n        En su discurso, la primera ministra tambi\u00e9n prometi\u00f3 aumentar el gasto en defensa \u2014una pol\u00edtica impulsada por Donald Trump, quien busca que los aliados estadounidenses del noreste asi\u00e1tico incrementen su inversi\u00f3n militar\u2014 hasta el 2% del PIB para finales de marzo de 2026, dos a\u00f1os antes de lo previsto.\n    <\/p>\n<p>    \u00bfC\u00f3mo ha respondido China?<\/p>\n<p class=\"article-text\">\n        La respuesta de China comenz\u00f3 con una publicaci\u00f3n (ahora eliminada) en la red social X del c\u00f3nsul general chino en Osaka, Xue Jian, en la que amenazaba con \u201ccortarle el cuello a un sucio sin dudarlo un instante\u201d, lo que algunos interpretaron como una amenaza a Takaichi.\n    <\/p>\n<p class=\"article-text\">\n        Lin Jian, portavoz del Ministerio de Exteriores de China, defendi\u00f3 la publicaci\u00f3n de Xue e inst\u00f3 a Jap\u00f3n a \u201cdejar de enviar se\u00f1ales equivocadas a las fuerzas separatistas independentistas de Taiw\u00e1n\u201d.\n    <\/p>\n<p class=\"article-text\">\n        Desde entonces, ambos pa\u00edses han convocado a sus respectivos embajadores y Pek\u00edn ha emitido advertencias formales a viajeros y estudiantes sobre los riesgos de visitar Jap\u00f3n \u2013afirmando, sin pruebas, que la seguridad p\u00fablica se hab\u00eda deteriorado en Jap\u00f3n, y que ciudadanos chinos hab\u00edan sido blanco de \u201cactos criminales\u201d\u2013.\n    <\/p>\n<p class=\"article-text\">\n        Los medios estatales chinos han dedicado titulares de primera plana y una amplia cobertura editorial a la disputa, calificando las declaraciones de Takaichi de \u201cpeligrosamente provocativas\u201d.\n    <\/p>\n<p class=\"article-text\">\n        El Ej\u00e9rcito chino advirti\u00f3 a Jap\u00f3n que sufrir\u00eda una derrota aplastante si se atrev\u00eda a intervenir militarmente en un conflicto en el estrecho de Taiw\u00e1n. El domingo, envi\u00f3 un buque guardacostas a trav\u00e9s de las islas Senkaku, administradas por Jap\u00f3n pero reclamadas por China como islas Diaoyu. Tambi\u00e9n sobrevol\u00f3 Yonaguni, la isla m\u00e1s occidental del archipi\u00e9lago japon\u00e9s, con drones militares.\n    <\/p>\n<p class=\"article-text\">\n        Este lunes, la Embajada china en Jap\u00f3n public\u00f3 en sus redes sociales un recordatorio de que no hab\u00eda renunciado al uso de la fuerza para tomar Taiw\u00e1n y advirti\u00f3 que cualquier intervenci\u00f3n de Jap\u00f3n ser\u00eda considerada un acto de agresi\u00f3n al que China responder\u00eda con firmeza.\n    <\/p>\n<p>    \u00bfCu\u00e1les son los antecedentes? <\/p>\n<p class=\"article-text\">\n        Taiw\u00e1n estuvo bajo dominio colonial japon\u00e9s durante aproximadamente 50 a\u00f1os, hasta que Tokio se vio obligado a ceder el control a la entonces Rep\u00fablica de China (ROC) tras su rendici\u00f3n en la Segunda Guerra Mundial. En aquel momento, el Gobierno de la ROC luchaba una guerra civil con las fuerzas comunistas. La ROC fue derrotada en el territorio continental y se repleg\u00f3 a Taiw\u00e1n, donde se constituy\u00f3 como la ROC (Taiw\u00e1n), mientras que los comunistas establecieron la Rep\u00fablica Popular China (RPC) en el territorio continental.\n    <\/p>\n<p class=\"article-text\">\n        Hoy en d\u00eda, el Partido Comunista de la RPC, en el poder, reclama Taiw\u00e1n como una provincia, a pesar de no haberla gobernado nunca.\n    <\/p>\n<p class=\"article-text\">\n        Si la RPC intentara anexionar Taiw\u00e1n y Estados Unidos interviniera en su defensa, el conflicto probablemente involucrar\u00eda a pa\u00edses vecinos como Jap\u00f3n, donde hay una importante presencia militar estadounidense. Jap\u00f3n tampoco desea que un vecino hostil controle parte de la llamada Primera Cadena de Islas, situada entre China y el Oc\u00e9ano Pac\u00edfico.\n    <\/p>\n<p>    \u00bfHay riesgo de que la tensi\u00f3n aumente?<\/p>\n<p class=\"article-text\">\n        S\u00ed. Si bien una confrontaci\u00f3n militar es altamente improbable, los analistas llevan tiempo advirtiendo que el aumento de la actividad en zonas disputadas como las islas Senkaku y la zona de identificaci\u00f3n de defensa a\u00e9rea (ADIZ) de Taiw\u00e1n incrementa el riesgo de accidentes que podr\u00edan desencadenar enfrentamientos directos.\n    <\/p>\n<p class=\"article-text\">\n        A corto plazo, es m\u00e1s probable que la disputa tenga un impacto en las relaciones econ\u00f3micas bilaterales y entre los pueblos de estos socios comerciales clave. Las advertencias de Pek\u00edn a viajeros y estudiantes para que eviten Jap\u00f3n provocaron un desplome de las acciones de los sectores minorista y tur\u00edstico japoneses en la apertura del lunes.\n    <\/p>\n<p class=\"article-text\">\n        En mayo de 2024, hab\u00eda m\u00e1s de 120.000 estudiantes chinos en Jap\u00f3n y m\u00e1s de 6,7 millones de turistas chinos visitaron el pa\u00eds en los primeros ocho meses de este a\u00f1o. Takahide Kiuchi, economista ejecutivo del Instituto de Investigaci\u00f3n Nomura, estim\u00f3 que la \u00faltima alerta de viaje de China continental podr\u00eda causar da\u00f1os econ\u00f3micos a Jap\u00f3n por valor de 2,2 billones de yenes (unos 12.000 millones de euros).\n    <\/p>\n<p>    <a href=\"https:\/\/www.eldiario.es\/internacional\/theguardian\/dilema-primera-ministra-japon-desafiar-veto-mujeres-sumo-no-intervenir-clasico-deporte-nipon_1_12760729.html\" data-mrf-recirculation=\"saber-mas-abajo\" data-dl-event=\"saber-mas-abajo\" rel=\"nofollow noopener\" target=\"_blank\"><\/p>\n<p class=\"know-more__title\">El dilema de la primera ministra de Jap\u00f3n: desafiar el veto a las mujeres en el sumo o no intervenir en el cl\u00e1sico deporte nip\u00f3n<\/p>\n<p>            <img decoding=\"async\" class=\"lazy\" loading=\"lazy\" data-src=\"https:\/\/static.eldiario.es\/clip\/cb5e82c0-dc1b-4e00-8470-49c1d01baac8_16-9-aspect-ratio_default_0.jpg\" src=\"data:image\/svg+xml,%3Csvg xmlns=\" http:=\"\" viewbox=\"0 0 880 495\" alt=\"El dilema de la primera ministra de Jap\u00f3n: desafiar el veto a las mujeres en el sumo o no intervenir en el cl\u00e1sico deporte nip\u00f3n\"\/><\/p>\n<p>                        <\/a><\/p>\n<p class=\"article-text\">\n        Takaichi no ha cedido, pero los medios japoneses han informado este lunes de que un enviado de alto nivel se dirig\u00eda a Pek\u00edn en un intento de calmar la situaci\u00f3n.\n    <\/p>\n","protected":false},"excerpt":{"rendered":"Tokio y Pek\u00edn se encuentran inmersos en una creciente disputa en torno a Taiw\u00e1n despu\u00e9s de que la&hellip;\n","protected":false},"author":2,"featured_media":241226,"comment_status":"","ping_status":"","sticky":false,"template":"","format":"standard","meta":{"footnotes":""},"categories":[42],"tags":[5404,889,1237,17,18,700,13,14,11,61,62,63,64,19,20,3013,9,10,15,16,5403,2151,952,12,21,22,65,66,67],"class_list":{"0":"post-241225","1":"post","2":"type-post","3":"status-publish","4":"format-standard","5":"has-post-thumbnail","7":"category-internacional","8":"tag-africa","9":"tag-america","10":"tag-asia","11":"tag-breaking-news","12":"tag-breakingnews","13":"tag-europa","14":"tag-featured-news","15":"tag-featurednews","16":"tag-headlines","17":"tag-internacional","18":"tag-international","19":"tag-international-news","20":"tag-internationalnews","21":"tag-latest-news","22":"tag-latestnews","23":"tag-mundo","24":"tag-news","25":"tag-noticias","26":"tag-noticias-destacadas","27":"tag-noticiasdestacadas","28":"tag-oriente-medio","29":"tag-periodismo","30":"tag-politica","31":"tag-titulares","32":"tag-ultimas-noticias","33":"tag-ultimasnoticias","34":"tag-world","35":"tag-world-news","36":"tag-worldnews"},"share_on_mastodon":{"url":"https:\/\/pubeurope.com\/@es\/115566159153174054","error":""},"_links":{"self":[{"href":"https:\/\/www.europesays.com\/es\/wp-json\/wp\/v2\/posts\/241225","targetHints":{"allow":["GET"]}}],"collection":[{"href":"https:\/\/www.europesays.com\/es\/wp-json\/wp\/v2\/posts"}],"about":[{"href":"https:\/\/www.europesays.com\/es\/wp-json\/wp\/v2\/types\/post"}],"author":[{"embeddable":true,"href":"https:\/\/www.europesays.com\/es\/wp-json\/wp\/v2\/users\/2"}],"replies":[{"embeddable":true,"href":"https:\/\/www.europesays.com\/es\/wp-json\/wp\/v2\/comments?post=241225"}],"version-history":[{"count":0,"href":"https:\/\/www.europesays.com\/es\/wp-json\/wp\/v2\/posts\/241225\/revisions"}],"wp:featuredmedia":[{"embeddable":true,"href":"https:\/\/www.europesays.com\/es\/wp-json\/wp\/v2\/media\/241226"}],"wp:attachment":[{"href":"https:\/\/www.europesays.com\/es\/wp-json\/wp\/v2\/media?parent=241225"}],"wp:term":[{"taxonomy":"category","embeddable":true,"href":"https:\/\/www.europesays.com\/es\/wp-json\/wp\/v2\/categories?post=241225"},{"taxonomy":"post_tag","embeddable":true,"href":"https:\/\/www.europesays.com\/es\/wp-json\/wp\/v2\/tags?post=241225"}],"curies":[{"name":"wp","href":"https:\/\/api.w.org\/{rel}","templated":true}]}}