{"id":241227,"date":"2025-11-17T17:13:10","date_gmt":"2025-11-17T17:13:10","guid":{"rendered":"https:\/\/www.europesays.com\/es\/241227\/"},"modified":"2025-11-17T17:13:10","modified_gmt":"2025-11-17T17:13:10","slug":"descubren-en-el-mar-menor-una-nueva-fuente-de-mercurio-hasta-ahora-ignorada","status":"publish","type":"post","link":"https:\/\/www.europesays.com\/es\/241227\/","title":{"rendered":"Descubren en el Mar Menor una nueva fuente de mercurio \u00abhasta ahora ignorada\u00bb"},"content":{"rendered":"<p><img fetchpriority=\"high\" class=\"v-a-img\" src=\"https:\/\/www.europesays.com\/es\/wp-content\/uploads\/2025\/11\/marmenor-kU8E-U24025793075773B-1200x840@La Verdad.jpg\" loading=\"eager\" decoding=\"async\" alt=\"Panor\u00e1mica del Mar Menor tomada por sat\u00e9lite el pasado 30 de marzo.\"  width=\"1200\" height=\"840\"\/><\/p>\n<p>Panor\u00e1mica del Mar Menor tomada por sat\u00e9lite el pasado 30 de marzo.          Copernicus        <\/p>\n<p>Los resultados muestran que esta v\u00eda aporta alrededor de 1 kilo de mercurio al a\u00f1o, una cantidad equivalente a la que llega desde la atm\u00f3sfera y unas 70 veces superior a la que aporta el r\u00edo Albuj\u00f3n<\/p>\n<p class=\"v-mdl-ath__p v-mdl-ath__p--6\">\nLunes, 17 de noviembre 2025, 15:36<\/p>\n<p class=\"v-p\">Un equipo cient\u00edfico liderado por el Institut de Ci\u00e8ncies del Mar (ICM-CSIC) ha identificado una nueva y \u00abhasta ahora ignorada\u00bb fuente de mercurio en el Mar Menor, en la Regi\u00f3n de Murcia, seg\u00fan inform\u00f3 el centro en un comunicado este lunes.<\/p>\n<p class=\"v-p\">El hallazgo, publicado en &#8216;Environmental Science &amp; Technology&#8217;, demuestra que esta descarga subterr\u00e1nea de agua \u00abno solo transporta mercurio, sino que, adem\u00e1s, a su llegada a la zona costera, crea las condiciones adecuadas\u00bb para la formaci\u00f3n de metilmercurio, la forma m\u00e1s t\u00f3xica de este metal.<\/p>\n<p class=\"v-p\">Los resultados muestran que esta v\u00eda aporta alrededor de 1 kilo de mercurio al a\u00f1o, una cantidad equivalente a la que llega desde la atm\u00f3sfera y unas 70 veces superior a la que aporta el r\u00edo Albuj\u00f3n.<\/p>\n<p class=\"v-p\">Tambi\u00e9n descubrieron que buena parte de este mercurio fue emitido en el pasado: se trata de lo que los cient\u00edficos denominan &#8216;mercurio heredado, es decir, residuos acumulados durante d\u00e9cadas en los sedimentos por la actividad minera y agr\u00edcola de la zona, que ahora est\u00e1n siendo liberados nuevamente al agua por el flujo subterr\u00e1neo.<\/p>\n<p class=\"v-p\">Aunque los niveles actuales de mercurio en el agua del Mar Menor \u00abno son preocupantes\u00bb, el equipo advierte que el proceso podr\u00eda intensificarse con el aumento de la temperatura y la desoxigenaci\u00f3n del agua, efectos asociados al cambio clim\u00e1tico que agravan la vulnerabilidad de las lagunas costeras mediterr\u00e1neas.<\/p>\n<p class=\"v-p\">El aumento de metilmercurio en las aguas del Mar Menor podr\u00eda conllevar a un aumento de este contaminante en las redes tr\u00f3ficas, y subraya que este fen\u00f3meno ocurre en numerosos ecosistemas costeros de todo el mundo, \u00ablo que podr\u00eda tener implicaciones globales para la gesti\u00f3n ambiental y la seguridad alimentaria\u00bb.<\/p>\n<p>Reporta un error<\/p>\n","protected":false},"excerpt":{"rendered":"Panor\u00e1mica del Mar Menor tomada por sat\u00e9lite el pasado 30 de marzo. Copernicus Los resultados muestran que esta&hellip;\n","protected":false},"author":2,"featured_media":241228,"comment_status":"","ping_status":"","sticky":false,"template":"","format":"standard","meta":{"footnotes":""},"categories":[8],"tags":[17,18,5213,25,24,13,14,6865,11,62077,19,20,195,2126,62076,9,10,15,16,795,23,12,21,22],"class_list":{"0":"post-241227","1":"post","2":"type-post","3":"status-publish","4":"format-standard","5":"has-post-thumbnail","7":"category-espana","8":"tag-breaking-news","9":"tag-breakingnews","10":"tag-descubren","11":"tag-es","12":"tag-espana","13":"tag-featured-news","14":"tag-featurednews","15":"tag-fuente","16":"tag-headlines","17":"tag-ignorada","18":"tag-latest-news","19":"tag-latestnews","20":"tag-mar","21":"tag-menor","22":"tag-mercurio","23":"tag-news","24":"tag-noticias","25":"tag-noticias-destacadas","26":"tag-noticiasdestacadas","27":"tag-nueva","28":"tag-spain","29":"tag-titulares","30":"tag-ultimas-noticias","31":"tag-ultimasnoticias"},"share_on_mastodon":{"url":"https:\/\/pubeurope.com\/@es\/115566163585842778","error":""},"_links":{"self":[{"href":"https:\/\/www.europesays.com\/es\/wp-json\/wp\/v2\/posts\/241227","targetHints":{"allow":["GET"]}}],"collection":[{"href":"https:\/\/www.europesays.com\/es\/wp-json\/wp\/v2\/posts"}],"about":[{"href":"https:\/\/www.europesays.com\/es\/wp-json\/wp\/v2\/types\/post"}],"author":[{"embeddable":true,"href":"https:\/\/www.europesays.com\/es\/wp-json\/wp\/v2\/users\/2"}],"replies":[{"embeddable":true,"href":"https:\/\/www.europesays.com\/es\/wp-json\/wp\/v2\/comments?post=241227"}],"version-history":[{"count":0,"href":"https:\/\/www.europesays.com\/es\/wp-json\/wp\/v2\/posts\/241227\/revisions"}],"wp:featuredmedia":[{"embeddable":true,"href":"https:\/\/www.europesays.com\/es\/wp-json\/wp\/v2\/media\/241228"}],"wp:attachment":[{"href":"https:\/\/www.europesays.com\/es\/wp-json\/wp\/v2\/media?parent=241227"}],"wp:term":[{"taxonomy":"category","embeddable":true,"href":"https:\/\/www.europesays.com\/es\/wp-json\/wp\/v2\/categories?post=241227"},{"taxonomy":"post_tag","embeddable":true,"href":"https:\/\/www.europesays.com\/es\/wp-json\/wp\/v2\/tags?post=241227"}],"curies":[{"name":"wp","href":"https:\/\/api.w.org\/{rel}","templated":true}]}}