{"id":241239,"date":"2025-11-17T17:25:26","date_gmt":"2025-11-17T17:25:26","guid":{"rendered":"https:\/\/www.europesays.com\/es\/241239\/"},"modified":"2025-11-17T17:25:26","modified_gmt":"2025-11-17T17:25:26","slug":"renovacion-del-estadio-del-club-deportivo-universidad-catolica-en-santiago-de-chile-idom","status":"publish","type":"post","link":"https:\/\/www.europesays.com\/es\/241239\/","title":{"rendered":"Renovaci\u00f3n del estadio del Club Deportivo Universidad Cat\u00f3lica en Santiago de Chile &#8211; IDOM\u00a0"},"content":{"rendered":"<p class=\"mdm_block\">Inaugurado en 1988 y situado en la comuna de Las Condes en Santiago de Chile, el estadio San Carlos de Apoquindo \u2014hoy Claro Arena\u2014 ha sido ampliado para aumentar su aforo de 12.000 a 20.000 espectadores. Sede del equipo de f\u00fatbol Universidad Cat\u00f3lica, el club impuls\u00f3 un concurso que deriv\u00f3 en un proyecto firmado por IDOM \u2014Borja G\u00f3mez y C\u00e9sar Azc\u00e1rate\u2014, enfocado en la sostenibilidad, la eficiencia y la experiencia integral para el p\u00fablico.<\/p>\n<p class=\"mdm_block\">Se preserva gran parte del car\u00e1cter original, como la estructura de hormig\u00f3n. El grader\u00edo existente se mantiene casi intacto y sobre \u00e9l se construye un bulevar perimetral a cota de la banda oriente (Fouilloux), que articula los accesos y conecta todas las \u00e1reas. Bajo este nivel permanece el estadio antiguo, anclado en la tierra, mientras que sobre \u00e9l se levanta una estructura ligera y permeable que aloja la ampliaci\u00f3n. La cubierta de luces de hasta 31 metros combina madera y acero para responder a las exigencias s\u00edsmicas. <\/p>\n<p class=\"mdm_block\">La intervenci\u00f3n respeta el 95% de las visuales del grader\u00edo original e incorpora nuevas galer\u00edas y palcos. En el sector Livingstone, a poniente, se integran salas de prensa, espacios t\u00e9cnicos y zonas de hospitalidad. La envolvente, compuesta por lamas verticales de madera laminada de pino con iluminaci\u00f3n LED, var\u00eda seg\u00fan la orientaci\u00f3n e incluye bastidores solares y paneles ac\u00fasticos.<\/p>\n<p class=\"mdm_block\">El proyecto aplica estrategias integrales de circularidad, reutiliza hormig\u00f3n, recicla acero y pl\u00e1stico, y emplea 1.600 m\u00b3 de madera chilena que capturan m\u00e1s de 1.500 toneladas de CO\u2082.<\/p>\n<p><img decoding=\"async\" class=\"graf-image\" src=\"https:\/\/www.europesays.com\/es\/wp-content\/uploads\/2025\/11\/av_medium__av_304107.jpeg\" data-db-id=\"304107\" src-normal=\"\/assets\/uploads\/obras\/58318\/av_medium__av_304107.jpeg\" src-full=\"\/assets\/uploads\/obras\/58318\/av_304107.jpeg\" data-fotografo=\"Crist\u00f3bal Palma\" title=\"Renovaci\u00f3n del estadio de la Universidad Cat\u00f3lica en Santiago de Chile\"\/><img decoding=\"async\" class=\"graf-image\" src=\"https:\/\/www.europesays.com\/es\/wp-content\/uploads\/2025\/11\/av_medium__av_304108.jpeg\" data-db-id=\"304108\" src-normal=\"\/assets\/uploads\/obras\/58318\/av_medium__av_304108.jpeg\" src-full=\"\/assets\/uploads\/obras\/58318\/av_304108.jpeg\" style=\"\" data-fotografo=\"Crist\u00f3bal Palma\" title=\"Renovaci\u00f3n del estadio de la Universidad Cat\u00f3lica en Santiago de Chile\"\/><img decoding=\"async\" class=\"graf-image\" src=\"https:\/\/www.europesays.com\/es\/wp-content\/uploads\/2025\/11\/av_medium__av_304110.jpeg\" data-db-id=\"304110\" src-normal=\"\/assets\/uploads\/obras\/58318\/av_medium__av_304110.jpeg\" src-full=\"\/assets\/uploads\/obras\/58318\/av_304110.jpeg\" data-fotografo=\"Crist\u00f3bal Palma\" title=\"Renovaci\u00f3n del estadio de la Universidad Cat\u00f3lica en Santiago de Chile\"\/><img decoding=\"async\" class=\"graf-image\" src=\"https:\/\/www.europesays.com\/es\/wp-content\/uploads\/2025\/11\/av_medium__av_304112.jpeg\" data-db-id=\"304112\" src-normal=\"\/assets\/uploads\/obras\/58318\/av_medium__av_304112.jpeg\" src-full=\"\/assets\/uploads\/obras\/58318\/av_304112.jpeg\" style=\"\" data-fotografo=\"Crist\u00f3bal Palma\" title=\"Renovaci\u00f3n del estadio de la Universidad Cat\u00f3lica en Santiago de Chile\"\/><img decoding=\"async\" class=\"graf-image\" src=\"https:\/\/www.europesays.com\/es\/wp-content\/uploads\/2025\/11\/av_medium__av_304111.jpeg\" data-db-id=\"304111\" src-normal=\"\/assets\/uploads\/obras\/58318\/av_medium__av_304111.jpeg\" src-full=\"\/assets\/uploads\/obras\/58318\/av_304111.jpeg\" data-fotografo=\"Crist\u00f3bal Palma\" title=\"Renovaci\u00f3n del estadio de la Universidad Cat\u00f3lica en Santiago de Chile\"\/><img decoding=\"async\" class=\"graf-image\" src=\"https:\/\/www.europesays.com\/es\/wp-content\/uploads\/2025\/11\/av_medium__av_304109.jpeg\" data-db-id=\"304109\" src-normal=\"\/assets\/uploads\/obras\/58318\/av_medium__av_304109.jpeg\" src-full=\"\/assets\/uploads\/obras\/58318\/av_304109.jpeg\" data-fotografo=\"Crist\u00f3bal Palma\" title=\"Renovaci\u00f3n del estadio de la Universidad Cat\u00f3lica en Santiago de Chile\"\/><img decoding=\"async\" class=\"graf-image\" src=\"https:\/\/www.europesays.com\/es\/wp-content\/uploads\/2025\/11\/av_medium__av_304120.jpeg\" data-db-id=\"304120\" src-normal=\"\/assets\/uploads\/obras\/58318\/av_medium__av_304120.jpeg\" src-full=\"\/assets\/uploads\/obras\/58318\/av_304120.jpeg\" style=\"\" data-fotografo=\"Crist\u00f3bal Palma\" title=\"Renovaci\u00f3n del estadio de la Universidad Cat\u00f3lica en Santiago de Chile\"\/><img decoding=\"async\" class=\"graf-image\" src=\"https:\/\/www.europesays.com\/es\/wp-content\/uploads\/2025\/11\/av_medium__av_304115.jpeg\" data-db-id=\"304115\" src-normal=\"\/assets\/uploads\/obras\/58318\/av_medium__av_304115.jpeg\" src-full=\"\/assets\/uploads\/obras\/58318\/av_304115.jpeg\" style=\"\" data-fotografo=\"Crist\u00f3bal Palma\" title=\"Renovaci\u00f3n del estadio de la Universidad Cat\u00f3lica en Santiago de Chile\"\/><img decoding=\"async\" class=\"graf-image\" src=\"https:\/\/www.europesays.com\/es\/wp-content\/uploads\/2025\/11\/av_medium__av_304117.jpeg\" data-db-id=\"304117\" src-normal=\"\/assets\/uploads\/obras\/58318\/av_medium__av_304117.jpeg\" src-full=\"\/assets\/uploads\/obras\/58318\/av_304117.jpeg\" style=\"\" data-fotografo=\"Crist\u00f3bal Palma\" title=\"Renovaci\u00f3n del estadio de la Universidad Cat\u00f3lica en Santiago de Chile\"\/><img decoding=\"async\" class=\"graf-image\" src=\"https:\/\/www.europesays.com\/es\/wp-content\/uploads\/2025\/11\/av_medium__av_304118.jpeg\" data-db-id=\"304118\" src-normal=\"\/assets\/uploads\/obras\/58318\/av_medium__av_304118.jpeg\" src-full=\"\/assets\/uploads\/obras\/58318\/av_304118.jpeg\" style=\"\" data-fotografo=\"Crist\u00f3bal Palma\" title=\"Renovaci\u00f3n del estadio de la Universidad Cat\u00f3lica en Santiago de Chile\"\/><img decoding=\"async\" class=\"graf-image\" src=\"https:\/\/www.europesays.com\/es\/wp-content\/uploads\/2025\/11\/av_medium__av_304119.jpeg\" data-db-id=\"304119\" src-normal=\"\/assets\/uploads\/obras\/58318\/av_medium__av_304119.jpeg\" src-full=\"\/assets\/uploads\/obras\/58318\/av_304119.jpeg\" style=\"\" data-fotografo=\"Crist\u00f3bal Palma\" title=\"Renovaci\u00f3n del estadio de la Universidad Cat\u00f3lica en Santiago de Chile\"\/><img decoding=\"async\" class=\"graf-image\" src=\"https:\/\/www.europesays.com\/es\/wp-content\/uploads\/2025\/11\/av_medium__av_304116.jpeg\" data-db-id=\"304116\" src-normal=\"\/assets\/uploads\/obras\/58318\/av_medium__av_304116.jpeg\" src-full=\"\/assets\/uploads\/obras\/58318\/av_304116.jpeg\" style=\"\" data-fotografo=\"Crist\u00f3bal Palma\" title=\"Renovaci\u00f3n del estadio de la Universidad Cat\u00f3lica en Santiago de Chile\"\/><img decoding=\"async\" class=\"graf-image\" src=\"https:\/\/www.europesays.com\/es\/wp-content\/uploads\/2025\/11\/av_medium__av_304114.jpeg\" data-db-id=\"304114\" src-normal=\"\/assets\/uploads\/obras\/58318\/av_medium__av_304114.jpeg\" src-full=\"\/assets\/uploads\/obras\/58318\/av_304114.jpeg\" style=\"\" data-fotografo=\"Crist\u00f3bal Palma\" title=\"Renovaci\u00f3n del estadio de la Universidad Cat\u00f3lica en Santiago de Chile\"\/><img decoding=\"async\" class=\"graf-image\" src=\"https:\/\/www.europesays.com\/es\/wp-content\/uploads\/2025\/11\/av_medium__av_304113.jpeg\" data-db-id=\"304113\" src-normal=\"\/assets\/uploads\/obras\/58318\/av_medium__av_304113.jpeg\" src-full=\"\/assets\/uploads\/obras\/58318\/av_304113.jpeg\" style=\"\" data-fotografo=\"Crist\u00f3bal Palma\" title=\"Renovaci\u00f3n del estadio de la Universidad Cat\u00f3lica en Santiago de Chile\"\/><img decoding=\"async\" class=\"graf-image\" src=\"https:\/\/www.europesays.com\/es\/wp-content\/uploads\/2025\/11\/av_medium__av_304129.jpeg\" data-db-id=\"304129\" src-normal=\"\/assets\/uploads\/obras\/58318\/av_medium__av_304129.jpeg\" src-full=\"\/assets\/uploads\/obras\/58318\/av_304129.jpeg\" title=\"Renovaci\u00f3n del estadio de la Universidad Cat\u00f3lica en Santiago de Chile\"\/><img decoding=\"async\" class=\"graf-image\" src=\"https:\/\/www.europesays.com\/es\/wp-content\/uploads\/2025\/11\/av_medium__av_304123.jpeg\" data-db-id=\"304123\" src-normal=\"\/assets\/uploads\/obras\/58318\/av_medium__av_304123.jpeg\" src-full=\"\/assets\/uploads\/obras\/58318\/av_304123.jpeg\" title=\"Renovaci\u00f3n del estadio de la Universidad Cat\u00f3lica en Santiago de Chile\"\/><img decoding=\"async\" class=\"graf-image\" src=\"https:\/\/www.europesays.com\/es\/wp-content\/uploads\/2025\/11\/av_medium__av_304121.jpeg\" data-db-id=\"304121\" src-normal=\"\/assets\/uploads\/obras\/58318\/av_medium__av_304121.jpeg\" src-full=\"\/assets\/uploads\/obras\/58318\/av_304121.jpeg\" title=\"Renovaci\u00f3n del estadio de la Universidad Cat\u00f3lica en Santiago de Chile\"\/><img decoding=\"async\" class=\"graf-image\" src=\"https:\/\/www.europesays.com\/es\/wp-content\/uploads\/2025\/11\/av_medium__av_304124.jpeg\" data-db-id=\"304124\" src-normal=\"\/assets\/uploads\/obras\/58318\/av_medium__av_304124.jpeg\" src-full=\"\/assets\/uploads\/obras\/58318\/av_304124.jpeg\" title=\"Renovaci\u00f3n del estadio de la Universidad Cat\u00f3lica en Santiago de Chile\"\/><img decoding=\"async\" class=\"graf-image\" src=\"https:\/\/www.europesays.com\/es\/wp-content\/uploads\/2025\/11\/av_medium__av_304128.jpeg\" data-db-id=\"304128\" src-normal=\"\/assets\/uploads\/obras\/58318\/av_medium__av_304128.jpeg\" src-full=\"\/assets\/uploads\/obras\/58318\/av_304128.jpeg\" style=\"\" title=\"Renovaci\u00f3n del estadio de la Universidad Cat\u00f3lica en Santiago de Chile\"\/><img decoding=\"async\" class=\"graf-image\" src=\"https:\/\/www.europesays.com\/es\/wp-content\/uploads\/2025\/11\/av_medium__av_304125.jpeg\" data-db-id=\"304125\" src-normal=\"\/assets\/uploads\/obras\/58318\/av_medium__av_304125.jpeg\" src-full=\"\/assets\/uploads\/obras\/58318\/av_304125.jpeg\" style=\"\" title=\"Renovaci\u00f3n del estadio de la Universidad Cat\u00f3lica en Santiago de Chile\"\/><img decoding=\"async\" class=\"graf-image\" src=\"https:\/\/www.europesays.com\/es\/wp-content\/uploads\/2025\/11\/av_medium__av_304133.jpeg\" data-db-id=\"304133\" src-normal=\"\/assets\/uploads\/obras\/58318\/av_medium__av_304133.jpeg\" src-full=\"\/assets\/uploads\/obras\/58318\/av_304133.jpeg\" title=\"Renovaci\u00f3n del estadio de la Universidad Cat\u00f3lica en Santiago de Chile\"\/><img decoding=\"async\" class=\"graf-image\" src=\"https:\/\/www.europesays.com\/es\/wp-content\/uploads\/2025\/11\/av_medium__av_304131.jpeg\" data-db-id=\"304131\" src-normal=\"\/assets\/uploads\/obras\/58318\/av_medium__av_304131.jpeg\" src-full=\"\/assets\/uploads\/obras\/58318\/av_304131.jpeg\" title=\"Renovaci\u00f3n del estadio de la Universidad Cat\u00f3lica en Santiago de Chile\"\/><img decoding=\"async\" class=\"graf-image\" src=\"https:\/\/www.europesays.com\/es\/wp-content\/uploads\/2025\/11\/av_medium__av_304130.jpeg\" data-db-id=\"304130\" src-normal=\"\/assets\/uploads\/obras\/58318\/av_medium__av_304130.jpeg\" src-full=\"\/assets\/uploads\/obras\/58318\/av_304130.jpeg\" title=\"Renovaci\u00f3n del estadio de la Universidad Cat\u00f3lica en Santiago de Chile\"\/><img decoding=\"async\" class=\"graf-image\" src=\"https:\/\/www.europesays.com\/es\/wp-content\/uploads\/2025\/11\/av_medium__av_304132.jpeg\" data-db-id=\"304132\" src-normal=\"\/assets\/uploads\/obras\/58318\/av_medium__av_304132.jpeg\" src-full=\"\/assets\/uploads\/obras\/58318\/av_304132.jpeg\" title=\"Renovaci\u00f3n del estadio de la Universidad Cat\u00f3lica en Santiago de Chile\"\/><img decoding=\"async\" class=\"graf-image\" src=\"https:\/\/www.europesays.com\/es\/wp-content\/uploads\/2025\/11\/av_medium__av_304127.jpeg\" data-db-id=\"304127\" src-normal=\"\/assets\/uploads\/obras\/58318\/av_medium__av_304127.jpeg\" src-full=\"\/assets\/uploads\/obras\/58318\/av_304127.jpeg\" style=\"\" title=\"Renovaci\u00f3n del estadio de la Universidad Cat\u00f3lica en Santiago de Chile\"\/><img decoding=\"async\" class=\"graf-image\" src=\"https:\/\/www.europesays.com\/es\/wp-content\/uploads\/2025\/11\/av_medium__av_304126.jpeg\" data-db-id=\"304126\" src-normal=\"\/assets\/uploads\/obras\/58318\/av_medium__av_304126.jpeg\" src-full=\"\/assets\/uploads\/obras\/58318\/av_304126.jpeg\" title=\"Renovaci\u00f3n del estadio de la Universidad Cat\u00f3lica en Santiago de Chile\"\/><\/p>\n","protected":false},"excerpt":{"rendered":"Inaugurado en 1988 y situado en la comuna de Las Condes en Santiago de Chile, el estadio San&hellip;\n","protected":false},"author":2,"featured_media":241240,"comment_status":"","ping_status":"","sticky":false,"template":"","format":"standard","meta":{"footnotes":""},"categories":[173],"tags":[229,233,231,230,232,234,146,147,25,24,23],"class_list":{"0":"post-241239","1":"post","2":"type-post","3":"status-publish","4":"format-standard","5":"has-post-thumbnail","7":"category-arte-y-diseno","8":"tag-arte","9":"tag-arte-y-diseno","10":"tag-arts","11":"tag-arts-and-design","12":"tag-design","13":"tag-diseno","14":"tag-entertainment","15":"tag-entretenimiento","16":"tag-es","17":"tag-espana","18":"tag-spain"},"share_on_mastodon":{"url":"https:\/\/pubeurope.com\/@es\/115566211495003397","error":""},"_links":{"self":[{"href":"https:\/\/www.europesays.com\/es\/wp-json\/wp\/v2\/posts\/241239","targetHints":{"allow":["GET"]}}],"collection":[{"href":"https:\/\/www.europesays.com\/es\/wp-json\/wp\/v2\/posts"}],"about":[{"href":"https:\/\/www.europesays.com\/es\/wp-json\/wp\/v2\/types\/post"}],"author":[{"embeddable":true,"href":"https:\/\/www.europesays.com\/es\/wp-json\/wp\/v2\/users\/2"}],"replies":[{"embeddable":true,"href":"https:\/\/www.europesays.com\/es\/wp-json\/wp\/v2\/comments?post=241239"}],"version-history":[{"count":0,"href":"https:\/\/www.europesays.com\/es\/wp-json\/wp\/v2\/posts\/241239\/revisions"}],"wp:featuredmedia":[{"embeddable":true,"href":"https:\/\/www.europesays.com\/es\/wp-json\/wp\/v2\/media\/241240"}],"wp:attachment":[{"href":"https:\/\/www.europesays.com\/es\/wp-json\/wp\/v2\/media?parent=241239"}],"wp:term":[{"taxonomy":"category","embeddable":true,"href":"https:\/\/www.europesays.com\/es\/wp-json\/wp\/v2\/categories?post=241239"},{"taxonomy":"post_tag","embeddable":true,"href":"https:\/\/www.europesays.com\/es\/wp-json\/wp\/v2\/tags?post=241239"}],"curies":[{"name":"wp","href":"https:\/\/api.w.org\/{rel}","templated":true}]}}