{"id":241247,"date":"2025-11-17T17:30:14","date_gmt":"2025-11-17T17:30:14","guid":{"rendered":"https:\/\/www.europesays.com\/es\/241247\/"},"modified":"2025-11-17T17:30:14","modified_gmt":"2025-11-17T17:30:14","slug":"el-barcelona-vuelve-al-camp-nou-ante-el-athletic-este-sabado-tras-mas-de-dos-anos-y-medio-fuera-de-su-estadio-futbol-deportes","status":"publish","type":"post","link":"https:\/\/www.europesays.com\/es\/241247\/","title":{"rendered":"El Barcelona vuelve al Camp Nou ante el Athletic este s\u00e1bado tras m\u00e1s de dos a\u00f1os y medio fuera de su estadio | F\u00fatbol | Deportes"},"content":{"rendered":"<p class=\"\">El Spotify Camp Nou vuelve a abrir sus puertas para disputar un partido. El Barcelona ha recibido este lunes el visto bueno para reabrir su estadio a 45.401 aficionados repartidos entre Lateral, Tribuna y Gol Sur el pr\u00f3ximo s\u00e1bado 22 de noviembre ante el Athletic Club (16. 15h), primer partido tras el par\u00f3n de selecciones. \u201cVolvemos a casa\u201d, <a href=\"https:\/\/elpais.com\/deportes\/futbol\/2025-11-07\/el-barcelona-vuelve-con-jubilo-al-camp-nou-para-un-entrenamiento-la-espera-ha-merecido-la-pena.html\" target=\"_self\" rel=\"nofollow noopener\" title=\"https:\/\/elpais.com\/deportes\/futbol\/2025-11-07\/el-barcelona-vuelve-con-jubilo-al-camp-nou-para-un-entrenamiento-la-espera-ha-merecido-la-pena.html\">ha anunciado el Bar\u00e7a<\/a> en sus redes. La semana pasada el club remiti\u00f3 al consistorio toda la documentaci\u00f3n necesaria, que finalmente ha validado la licencia de primera ocupaci\u00f3n de la fase 1B. De este modo, el Bar\u00e7a regresa a su feudo tras el entrenamiento a puertas abiertas del 7 de noviembre que reuni\u00f3 a m\u00e1s de 23.000 personas y sirvi\u00f3 como ensayo general y prueba piloto. El estadio, que ya pod\u00eda acoger un partido oficial con un aforo m\u00e1ximo de 27.000 asientos, reabre un a\u00f1o m\u00e1s tarde de lo inicialmente previsto y con la obra menos avanzada de lo que se anunci\u00f3 entonces. Tras fechas pospuestas, demoras y algunas pol\u00e9micas, el Barcelona regresa por fin a Les Corts.<\/p>\n<p class=\"\">Ser\u00e1 una vuelta cargada tambi\u00e9n de simbolismo. El Bar\u00e7a volver\u00e1 a jugar en casa 909 d\u00edas despu\u00e9s de aquel 28 de mayo de 2023. Entonces, el equipo de Xavi Hern\u00e1ndez venci\u00f3 3-0 al Mallorca, con doblete de Ansu Fati y un gol de Gavi. Fue la tarde de despedida de Sergio Busquets y Jordi Alba, y la foto final de una era diferente. <a href=\"https:\/\/elpais.com\/deportes\/futbol\/2025-11-06\/solo-lamine-vuelve-a-ser-lamine-en-el-barca-de-flick-recuperado-fisicamente-y-calmado-en-lo-emocional.html\" target=\"_self\" rel=\"nofollow noopener\" title=\"https:\/\/elpais.com\/deportes\/futbol\/2025-11-06\/solo-lamine-vuelve-a-ser-lamine-en-el-barca-de-flick-recuperado-fisicamente-y-calmado-en-lo-emocional.html\">Ahora el tim\u00f3n lo lleva Hansi Flick<\/a>, Ter Stegen, por entonces indiscutible, ahora tiene la puerta abierta. Ansu, que segu\u00eda generando ilusi\u00f3n, ahora renace y se apaga cedido en el M\u00f3naco, y Demb\u00e9l\u00e9, que se march\u00f3 ese verano tras cr\u00edticas, ahora es la gran estrella del PSG.<\/p>\n<p class=\"\">Para otros ser\u00e1 un estreno absoluto. Jugadores que nunca hab\u00edan pisado el Camp Nou en un partido oficial, como Joan Garc\u00eda, y otros que lo hicieron como rivales, con otras camisetas, como Szcz\u0119sny y Rashford. Tampoco los m\u00e1s j\u00f3venes, los de la cantera, la generaci\u00f3n Montju\u00efc: Pau Cubars\u00ed, Gerard Mart\u00edn, Ferm\u00edn L\u00f3pez, Marc Casad\u00f3 o Dani Olmo. <a href=\"https:\/\/elpais.com\/deportes\/futbol\/2025-11-05\/el-barcelona-enfada-incluso-al-mejor-lamine-yamal-ante-el-brujas.html\" target=\"_self\" rel=\"nofollow noopener\" title=\"https:\/\/elpais.com\/deportes\/futbol\/2025-11-05\/el-barcelona-enfada-incluso-al-mejor-lamine-yamal-ante-el-brujas.html\">Lamine Yamal s\u00ed sabe lo que es debutar en el feudo azulgrana<\/a>, aunque apenas fueron siete minutos con 15 a\u00f1os.<\/p>\n<p class=\"\">Las obras seguir\u00e1n avanzando mientras se abra el estadio para acoger los partidos y seguir mientras con la reapertura progresiva. \u201cEl club contin\u00faa trabajando en la fase 1C para garantizar la reanudaci\u00f3n de la actividad en el Gol Norte\u201d, ha compartido el club. Esta siguiente fase habilitar\u00e1 60.000 espectadores, y m\u00e1s adelante la definitiva en cuanto a aforo: el nuevo Camp Nou con 105.000 asientos y su tercera grader\u00eda finalizada. M\u00e1s adelante, ser\u00e1 el momento de colocar la cubierta.<\/p>\n<p class=\"\">El club <a href=\"https:\/\/elpais.com\/deportes\/futbol\/2025-10-31\/el-barcelona-volvera-al-camp-nou-para-un-entrenamiento-abierto-el-7-de-noviembre.html\" target=\"_self\" rel=\"nofollow noopener\" title=\"https:\/\/elpais.com\/deportes\/futbol\/2025-10-31\/el-barcelona-volvera-al-camp-nou-para-un-entrenamiento-abierto-el-7-de-noviembre.html\">se despedir\u00e1 as\u00ed de Montju\u00efc<\/a>, su hogar provisional durante dos a\u00f1os y un alquiler de medio mill\u00f3n de euros por partido de media. Queda por resolver, eso s\u00ed, el cap\u00edtulo europeo: la UEFA deber\u00e1 autorizar que el Bar\u00e7a cambie de estadio en plena liguilla de la Champions. \u201cHemos iniciado gestiones para intentar jugar parte de la fase liga. Hay un buen di\u00e1logo con la UEFA\u201d, <a href=\"https:\/\/elpais.com\/deportes\/futbol\/2025-11-12\/laporta-no-sabia-que-messi-vendria-pero-el-camp-nou-es-su-casa.html\" target=\"_self\" rel=\"nofollow noopener\" title=\"https:\/\/elpais.com\/deportes\/futbol\/2025-11-12\/laporta-no-sabia-que-messi-vendria-pero-el-camp-nou-es-su-casa.html\">adelant\u00f3 Joan Laporta<\/a>, presidente azulgrana. \u201cSe est\u00e1 trabajando conjuntamente con la UEFA para poder disputar el partido contra el Eintracht Frankfurt en el Spotify Camp Nou, ya que se cumplen los requisitos necesarios, aunque todav\u00eda se est\u00e1 a la espera de recibir la confirmaci\u00f3n definitiva\u201d, explic\u00f3 el club azulgrana.<\/p>\n<p class=\"\">De conseguirlo, Montju\u00efc cerrar\u00eda sus noches europeas y el Bar\u00e7a impulsar\u00eda los ingresos de su remodelado coliseo que, dos a\u00f1os y medio despu\u00e9s, vuelve a disfrutar del f\u00fatbol.<\/p>\n","protected":false},"excerpt":{"rendered":"El Spotify Camp Nou vuelve a abrir sus puertas para disputar un partido. El Barcelona ha recibido este&hellip;\n","protected":false},"author":2,"featured_media":241248,"comment_status":"","ping_status":"","sticky":false,"template":"","format":"standard","meta":{"footnotes":""},"categories":[93],"tags":[2182,15927,1540,168,1539,25,24,881,282,1538,4467,23,167],"class_list":{"0":"post-241247","1":"post","2":"type-post","3":"status-publish","4":"format-standard","5":"has-post-thumbnail","7":"category-deportes","8":"tag-athletic","9":"tag-camp-nou","10":"tag-competiciones","11":"tag-deportes","12":"tag-entrenadores","13":"tag-es","14":"tag-espana","15":"tag-fc-barcelona","16":"tag-futbol","17":"tag-futbolistas","18":"tag-joan-laporta","19":"tag-spain","20":"tag-sports"},"share_on_mastodon":{"url":"https:\/\/pubeurope.com\/@es\/115566229889798171","error":""},"_links":{"self":[{"href":"https:\/\/www.europesays.com\/es\/wp-json\/wp\/v2\/posts\/241247","targetHints":{"allow":["GET"]}}],"collection":[{"href":"https:\/\/www.europesays.com\/es\/wp-json\/wp\/v2\/posts"}],"about":[{"href":"https:\/\/www.europesays.com\/es\/wp-json\/wp\/v2\/types\/post"}],"author":[{"embeddable":true,"href":"https:\/\/www.europesays.com\/es\/wp-json\/wp\/v2\/users\/2"}],"replies":[{"embeddable":true,"href":"https:\/\/www.europesays.com\/es\/wp-json\/wp\/v2\/comments?post=241247"}],"version-history":[{"count":0,"href":"https:\/\/www.europesays.com\/es\/wp-json\/wp\/v2\/posts\/241247\/revisions"}],"wp:featuredmedia":[{"embeddable":true,"href":"https:\/\/www.europesays.com\/es\/wp-json\/wp\/v2\/media\/241248"}],"wp:attachment":[{"href":"https:\/\/www.europesays.com\/es\/wp-json\/wp\/v2\/media?parent=241247"}],"wp:term":[{"taxonomy":"category","embeddable":true,"href":"https:\/\/www.europesays.com\/es\/wp-json\/wp\/v2\/categories?post=241247"},{"taxonomy":"post_tag","embeddable":true,"href":"https:\/\/www.europesays.com\/es\/wp-json\/wp\/v2\/tags?post=241247"}],"curies":[{"name":"wp","href":"https:\/\/api.w.org\/{rel}","templated":true}]}}