{"id":241249,"date":"2025-11-17T17:31:12","date_gmt":"2025-11-17T17:31:12","guid":{"rendered":"https:\/\/www.europesays.com\/es\/241249\/"},"modified":"2025-11-17T17:31:12","modified_gmt":"2025-11-17T17:31:12","slug":"neumologo-subraya-que-los-cribados-de-cancer-de-pulmon-pueden-marcar-la-diferencia-para-reducir-su-mortalidad","status":"publish","type":"post","link":"https:\/\/www.europesays.com\/es\/241249\/","title":{"rendered":"Neum\u00f3logo subraya que los cribados de c\u00e1ncer de pulm\u00f3n pueden \u00abmarcar la diferencia\u00bb para reducir su mortalidad"},"content":{"rendered":"<p>    MADRID 17 Nov. (EUROPA PRESS) &#8211; <\/p>\n<p>   El miembro del \u00c1rea de Oncolog\u00eda Tor\u00e1cica de la Sociedad Espa\u00f1ola de Neumolog\u00eda y Cirug\u00eda Tor\u00e1cica (SEPAR), el doctor Luis Seijo, ha subrayado que los cribados de c\u00e1ncer de pulm\u00f3n son herramientas que pueden \u00abmarcar la diferencia\u00bb a la hora de reducir la mortalidad de esta patolog\u00eda.<\/p>\n<p>   \u00abLa detecci\u00f3n temprana marca la diferencia. El cribado con tomograf\u00eda computarizada (TC) de baja dosis permite identificar tumores en fases iniciales, cuando la cirug\u00eda o los tratamientos curativos son realmente eficaces\u00bb, ha explicado Seijo.<\/p>\n<p>   Tras ello, ha subrayado que los \u00abgrandes estudios internacionales\u00bb han demostrado que esta estrategia puede reducir de forma \u00absignificativa\u00bb la mortalidad, motivo por el que su implementaci\u00f3n es ya una realidad en varios pa\u00edses europeos, como Polonia, Rep\u00fablica Checa o Croacia, quienes cuentan con resultados \u00abalentadores\u00bb en la detecci\u00f3n de tumores tempranos, as\u00ed como una reducci\u00f3n de la mortalidad en poblaci\u00f3n de riesgo.<\/p>\n<p>   \u00abEl objetivo es detectar la enfermedad antes de que aparezcan los s\u00edntomas, en un momento en el que a\u00fan es posible ofrecer un tratamiento curativo\u00bb, ha incidido el tambi\u00e9n miembro de este \u00e1rea, el doctor Juan Trujillo Reyes, tras lo que ha destacado que el cribado no solo salva vidas, sino que tambi\u00e9n contribuye a un uso \u00abm\u00e1s eficiente\u00bb de los recursos sanitarios.<\/p>\n<p>   Por todo ello, SEPAR ha impulsado el Proyecto Cassandra, una iniciativa colaborativa que busca establecer las bases para un programa nacional de cribado de c\u00e1ncer de pulm\u00f3n dentro del Sistema Nacional de Salud (SNS) que combine la TC de baja dosis con acciones de deshabituaci\u00f3n tab\u00e1quica, la creaci\u00f3n de un registro nacional y banco de im\u00e1genes y el desarrollo de una seroteca de biomarcadores, con el objetivo de personalizar la detecci\u00f3n y generar evidencia cient\u00edfica que respalde su implantaci\u00f3n.<\/p>\n","protected":false},"excerpt":{"rendered":"MADRID 17 Nov. (EUROPA PRESS) &#8211; El miembro del \u00c1rea de Oncolog\u00eda Tor\u00e1cica de la Sociedad Espa\u00f1ola de&hellip;\n","protected":false},"author":2,"featured_media":241250,"comment_status":"","ping_status":"","sticky":false,"template":"","format":"standard","meta":{"footnotes":""},"categories":[92],"tags":[25,24,165,166,23],"class_list":{"0":"post-241249","1":"post","2":"type-post","3":"status-publish","4":"format-standard","5":"has-post-thumbnail","7":"category-salud","8":"tag-es","9":"tag-espana","10":"tag-health","11":"tag-salud","12":"tag-spain"},"share_on_mastodon":{"url":"https:\/\/pubeurope.com\/@es\/115566233992235089","error":""},"_links":{"self":[{"href":"https:\/\/www.europesays.com\/es\/wp-json\/wp\/v2\/posts\/241249","targetHints":{"allow":["GET"]}}],"collection":[{"href":"https:\/\/www.europesays.com\/es\/wp-json\/wp\/v2\/posts"}],"about":[{"href":"https:\/\/www.europesays.com\/es\/wp-json\/wp\/v2\/types\/post"}],"author":[{"embeddable":true,"href":"https:\/\/www.europesays.com\/es\/wp-json\/wp\/v2\/users\/2"}],"replies":[{"embeddable":true,"href":"https:\/\/www.europesays.com\/es\/wp-json\/wp\/v2\/comments?post=241249"}],"version-history":[{"count":0,"href":"https:\/\/www.europesays.com\/es\/wp-json\/wp\/v2\/posts\/241249\/revisions"}],"wp:featuredmedia":[{"embeddable":true,"href":"https:\/\/www.europesays.com\/es\/wp-json\/wp\/v2\/media\/241250"}],"wp:attachment":[{"href":"https:\/\/www.europesays.com\/es\/wp-json\/wp\/v2\/media?parent=241249"}],"wp:term":[{"taxonomy":"category","embeddable":true,"href":"https:\/\/www.europesays.com\/es\/wp-json\/wp\/v2\/categories?post=241249"},{"taxonomy":"post_tag","embeddable":true,"href":"https:\/\/www.europesays.com\/es\/wp-json\/wp\/v2\/tags?post=241249"}],"curies":[{"name":"wp","href":"https:\/\/api.w.org\/{rel}","templated":true}]}}