{"id":241255,"date":"2025-11-17T17:34:09","date_gmt":"2025-11-17T17:34:09","guid":{"rendered":"https:\/\/www.europesays.com\/es\/241255\/"},"modified":"2025-11-17T17:34:09","modified_gmt":"2025-11-17T17:34:09","slug":"bolsa-e-ibex-35-hoy-en-directo-40","status":"publish","type":"post","link":"https:\/\/www.europesays.com\/es\/241255\/","title":{"rendered":"Bolsa e Ibex 35 hoy, en directo"},"content":{"rendered":"<p>     IBEX 35<\/p>\n<p> Mal arranque semanal en los mercados. Las\u00a0<strong>bolsas europeas<\/strong>\u00a0se ti\u00f1en de rojo, siguiendo la senda negativa de las \u00faltimas jornadas. La semana pasada, los \u00edndices encajaron un rev\u00e9s que golpe\u00f3 especialmente a\u00a0<strong>Wall Street,<\/strong>\u00a0ante\u00a0el temor a una posible burbuja en el sector tecnol\u00f3gico y, sobre todo, en torno a la inteligencia artificial (IA).  <\/p>\n<p> As\u00ed, este lunes, los principales \u00edndices europeos extienden la ca\u00edda, que se ha visto agravada con el transcurso de la sesi\u00f3n. El <strong>Dax alem\u00e1n<\/strong> pierde un 1,2% y cierra como el m\u00e1s castigado de Europa, ante la ca\u00edda de Siemens Health (-4,7%) y Siemens (-3%), mientras que el <strong>Cac franc\u00e9s<\/strong> desciende un 0,6% lastrado por el sector del lujo y el <strong>Mib italiano<\/strong> cede medio punto porcentual. <\/p>\n<p> En cuanto al Ibex, el indicador de referencia espa\u00f1ol <strong>retrocede un 1,06%<\/strong> hasta los 16.172,6 puntos. De esta forma, el Ibex enlaza ya <strong>tres descensos consecutivos<\/strong>, despu\u00e9s de haber vivido una semana en la que encaden\u00f3 tres m\u00e1ximos hist\u00f3ricos. <\/p>\n<p> \u00bfY qu\u00e9 valores han arrastrado al selectivo nacional? Dos de sus pesos pesados han sido los principales culpables de hoy: <strong>Inditex <\/strong>(-3,45%) y <strong>Santander <\/strong>(-2,06%). Junto a ellos, se han colocado <strong>Puig<\/strong> (-2,24%), <strong>Amadeus <\/strong>(-1,97%) e <strong>IAG <\/strong>(-1,25%), as\u00ed como otros bancos como <strong>BBVA<\/strong> (-1,5%) y <strong>Bankinter <\/strong>(-0,85%) tambi\u00e9n cierran en terreno rojo. <\/p>\n<p> En cambio, en verde, ha destacado con mucha diferencia <strong>Solaria<\/strong>, que vuela un 15,72% tras <a href=\"https:\/\/www.elconfidencial.com\/empresas\/2025-11-17\/cotizacion-solaria-bolsa-beneficios-pronosticar-ebitda-previsto-record_4248656\/\" target=\"_self\" rel=\"nofollow noopener\">rendir cuentas<\/a>, disparar su beneficio un 148% y pronosticar que superar\u00e1 su gu\u00eda de ebitda tras un fuerte crecimiento operativo en 2025. Le han seguido <strong>Enag\u00e1s <\/strong>(+0,67%), <strong>Merlin Properties<\/strong> (+0,63%) e <strong>Iberdrola <\/strong>(+0,61%). <\/p>\n<p> Frente al tono negativo de Europa, EEUU parece resistir a las ca\u00eddas. Los principales \u00edndices de <strong>Wall Street<\/strong> cotizan sin cambios significativos, con el Nasdaq instalado en el color verde, al inicio de una semana crucial dado el retorno del calendario de datos macroecon\u00f3micos y la presentaci\u00f3n de resultados de la gigante de los chips Nvidia. <\/p>\n<ul class=\"bodyList bodyList--unordered\">\n<li class=\"bodyList__item\"><strong>Santander<\/strong> ha anunciado su intenci\u00f3n de amortizar anticipadamente la emisi\u00f3n de unas participaciones preferentes Tier 1 Contingentemente Convertibles (tambi\u00e9n conocido como &#8216;<strong>CoCo<\/strong>&#8216;) de <strong>1.033 millones de euros<\/strong> y emitido en 2020.<\/li>\n<li class=\"bodyList__item\">El fondo de cobertura de Peter Thiel, <strong>Thiel Macro<\/strong>, liquid\u00f3 sus participaciones en Nvidia durante el tercer trimestre, seg\u00fan un informe. El fondo se deshizo de su posici\u00f3n completa de <strong>537.742 acciones<\/strong> del principal fabricante mundial de chips de IA, que habr\u00eda tenido un valor de cerca de <strong>100 millones de d\u00f3lares<\/strong> seg\u00fan el precio de cierre del 30 de septiembre.<\/li>\n<li class=\"bodyList__item\">Las acciones de <strong>Alphabet<\/strong> (Google) suben m\u00e1s de un 4% en Wall Street despu\u00e9s de que <strong>Berkshire Hathaway<\/strong>, fondo dirigido por <strong>Warren Buffett<\/strong>, haya aflorado una participaci\u00f3n en la tecnol\u00f3gica valorada en 4.930 millones de d\u00f3lares (4.251 millones de euros).<\/li>\n<li class=\"bodyList__item\">El principal \u00edndice burs\u00e1til de <strong>Chile<\/strong>, el <strong>S&amp;P IPSA<\/strong>, ha llegado a subir m\u00e1s de un<strong> <\/strong>3%, hasta los 9.860 puntos, despu\u00e9s de conocerse que la candidata <strong>Jeannette Jara<\/strong>, del Partido Comunista de Chile, y <strong>Jos\u00e9 Antonio Kast,<\/strong> del Partido Republicano, competir\u00e1n en una<a href=\"https:\/\/www.elconfidencial.com\/mundo\/2025-11-17\/vuelta-resultados-chile_4248591\/\" target=\"_self\" rel=\"nofollow noopener\"> segunda vuelta <\/a>electoral para escoger al nuevo presidente del pa\u00eds el pr\u00f3ximo 14 de diciembre.<\/li>\n<li class=\"bodyList__item\">La liquidaci\u00f3n del mercado de criptomonedas no muestra se\u00f1ales de amainar, y los tokens m\u00e1s peque\u00f1os y con m\u00e1s riesgo son los que m\u00e1s sufren las consecuencias. El \u00edndice <strong>MarketVector Digital Assets 100 Small-Cap<\/strong>, que sigue a los 50 activos digitales m\u00e1s peque\u00f1os en una cesta de 100, cay\u00f3 el domingo a <strong>su nivel m\u00e1s bajo desde 2020<\/strong>. Este m\u00ednimo se produjo cuando bitcoin, la criptomoneda m\u00e1s grande, borr\u00f3 lo que hasta hace poco era<strong> una ganancia del 30%<\/strong> en lo que va del a\u00f1o.<\/li>\n<\/ul>\n","protected":false},"excerpt":{"rendered":"IBEX 35 Mal arranque semanal en los mercados. Las\u00a0bolsas europeas\u00a0se ti\u00f1en de rojo, siguiendo la senda negativa de&hellip;\n","protected":false},"author":2,"featured_media":233356,"comment_status":"","ping_status":"","sticky":false,"template":"","format":"standard","meta":{"footnotes":""},"categories":[80],"tags":[82,95,94,25,24,23],"class_list":{"0":"post-241255","1":"post","2":"type-post","3":"status-publish","4":"format-standard","5":"has-post-thumbnail","7":"category-economia","8":"tag-business","9":"tag-economia","10":"tag-economy","11":"tag-es","12":"tag-espana","13":"tag-spain"},"share_on_mastodon":{"url":"https:\/\/pubeurope.com\/@es\/115566245722947323","error":""},"_links":{"self":[{"href":"https:\/\/www.europesays.com\/es\/wp-json\/wp\/v2\/posts\/241255","targetHints":{"allow":["GET"]}}],"collection":[{"href":"https:\/\/www.europesays.com\/es\/wp-json\/wp\/v2\/posts"}],"about":[{"href":"https:\/\/www.europesays.com\/es\/wp-json\/wp\/v2\/types\/post"}],"author":[{"embeddable":true,"href":"https:\/\/www.europesays.com\/es\/wp-json\/wp\/v2\/users\/2"}],"replies":[{"embeddable":true,"href":"https:\/\/www.europesays.com\/es\/wp-json\/wp\/v2\/comments?post=241255"}],"version-history":[{"count":0,"href":"https:\/\/www.europesays.com\/es\/wp-json\/wp\/v2\/posts\/241255\/revisions"}],"wp:featuredmedia":[{"embeddable":true,"href":"https:\/\/www.europesays.com\/es\/wp-json\/wp\/v2\/media\/233356"}],"wp:attachment":[{"href":"https:\/\/www.europesays.com\/es\/wp-json\/wp\/v2\/media?parent=241255"}],"wp:term":[{"taxonomy":"category","embeddable":true,"href":"https:\/\/www.europesays.com\/es\/wp-json\/wp\/v2\/categories?post=241255"},{"taxonomy":"post_tag","embeddable":true,"href":"https:\/\/www.europesays.com\/es\/wp-json\/wp\/v2\/tags?post=241255"}],"curies":[{"name":"wp","href":"https:\/\/api.w.org\/{rel}","templated":true}]}}