{"id":241258,"date":"2025-11-17T17:36:25","date_gmt":"2025-11-17T17:36:25","guid":{"rendered":"https:\/\/www.europesays.com\/es\/241258\/"},"modified":"2025-11-17T17:36:25","modified_gmt":"2025-11-17T17:36:25","slug":"una-pelea-por-unas-galletas-y-un-red-bull-desato-el-crimen-de-asturias-en-el-que-una-menor-asesino-a-su-cunada","status":"publish","type":"post","link":"https:\/\/www.europesays.com\/es\/241258\/","title":{"rendered":"Una pelea por \u00abunas galletas y un Red Bull\u00bb desat\u00f3 el crimen de Asturias en el que una menor asesin\u00f3 a su cu\u00f1ada"},"content":{"rendered":"<p class=\"c-paragraph\"><b>Una discusi\u00f3n por \u00abunas galletas y un Red Bull\u00bb fue el detonante<\/b> del crimen ocurrido este s\u00e1bado en Aces (Candamo), donde una menor de 17 a\u00f1os<a href=\"https:\/\/www.20minutos.es\/asturias\/chica-mata-punalada-cunada-asturias-rina-familiar_6898399_0.html\" title=\"Una chica de 17 a\u00f1os mata de una pu\u00f1alada a su cu\u00f1ada, de 20, en una ri\u00f1a familiar\" rel=\"nofollow noopener\" target=\"_blank\"> acab\u00f3 con la vida de Natalia tras asestarle una pu\u00f1alada en el vientre.<\/a> As\u00ed lo ha confirmado a medios locales el hermano de la v\u00edctima y pareja de la agresora, Luis Men\u00e9ndez. El joven, que tambi\u00e9n fue agredido por su novia, nunca se imagin\u00f3 que una disputa tan trivial pudiese terminar en una tragedia de esta magnitud.\u00a0<\/p>\n<p class=\"c-paragraph\">El ataque se produjo en torno a las cuatro de la tarde en una vivienda de Aces, una parroquia asturiana con menos de un centenar de habitantes. La joven se alter\u00f3 y comenz\u00f3 a golpear a toda la familia. Primero le dio un <b>rodillazo a su novio y le peg\u00f3 a sus suegros<\/b>. Todos trataron de reducirla, pero no eran capaces. Por eso, decidieron llamar a los servicios de emergencias. Sin embargo, durante el forcejeo, la menor apu\u00f1al\u00f3 a su cu\u00f1ada, de 20 a\u00f1os, con un cuchillo de cocina.<\/p>\n<p>Una \u00fanica pu\u00f1alada y una hemorragia interna<\/p>\n<p class=\"c-paragraph\">La autopsia practicada este domingo ha revelado que Natalia sufri\u00f3 una \u00fanica pu\u00f1alada de grandes dimensiones que le provoc\u00f3 una hemorragia interna fatal. La joven <b>apenas pudo dar unos pasos fuera de casa y se desplom\u00f3 en el suelo. <\/b>Entr\u00f3 en parada cardiorrespiratoria y, tras varios intentos de reanimaci\u00f3n por parte de los servicios m\u00e9dicos desplazados al lugar, a las cinco de la tarde se certific\u00f3 su fallecimiento.<\/p>\n<p class=\"c-paragraph\">Tras la agresi\u00f3n, la menor<b> huy\u00f3 de la vivienda y fue detenida media hora despu\u00e9s <\/b>en las inmediaciones de una estaci\u00f3n de FEVE. Antes, hab\u00eda arrojado el cuchillo al tejado de una casa pr\u00f3xima, lo que oblig\u00f3 a solicitar la intervenci\u00f3n de los bomberos para recuperar el arma. Tambi\u00e9n habr\u00eda pinchado las cuatro ruedas de un coche y causado destrozos en otro veh\u00edculo de la familia pol\u00edtica, seg\u00fan medios regionales.<\/p>\n<p>Varios incidentes previos<\/p>\n<p class=\"c-paragraph\">Natalia viv\u00eda con sus padres y su hermano en la vivienda en la que se produjo el asesinato. Hab\u00eda trabajado en una cafeter\u00eda y actualmente se encontraba en el paro. La presunta agresora, <b>que tiene un beb\u00e9 de pocos meses con el hermano de la v\u00edctima<\/b>, se hab\u00eda trasladado a vivir a la casa familiar hace apenas unos meses. Desde entonces, se hab\u00edan producido algunos incidentes. El \u00faltimo ocurri\u00f3 d\u00edas antes del crimen, cuando la joven tuvo que ser trasladada al hospital tras una alteraci\u00f3n psiqui\u00e1trica.<\/p>\n<p class=\"c-paragraph\">La menor tuvo que ser trasladada desde los calabozos del cuartel de Piedras Blancas al\u00a0Hospital San Agust\u00edn de Avil\u00e9s por el estado de alteraci\u00f3n que presentaba.<b> Se encuentra ingresada bajo custodia de la Guardia Civil<\/b> y, una vez reciba el alta m\u00e9dica, est\u00e1 previsto que pase a disposici\u00f3n de la Fiscal\u00eda de Menores de Asturias.<\/p>\n","protected":false},"excerpt":{"rendered":"Una discusi\u00f3n por \u00abunas galletas y un Red Bull\u00bb fue el detonante del crimen ocurrido este s\u00e1bado en&hellip;\n","protected":false},"author":2,"featured_media":241259,"comment_status":"","ping_status":"","sticky":false,"template":"","format":"standard","meta":{"footnotes":""},"categories":[8],"tags":[17,18,25,24,13,14,14628,11,19,20,9,10,15,16,3968,5043,23,12,21,22,20877,62080],"class_list":{"0":"post-241258","1":"post","2":"type-post","3":"status-publish","4":"format-standard","5":"has-post-thumbnail","7":"category-espana","8":"tag-breaking-news","9":"tag-breakingnews","10":"tag-es","11":"tag-espana","12":"tag-featured-news","13":"tag-featurednews","14":"tag-galletas","15":"tag-headlines","16":"tag-latest-news","17":"tag-latestnews","18":"tag-news","19":"tag-noticias","20":"tag-noticias-destacadas","21":"tag-noticiasdestacadas","22":"tag-pelea","23":"tag-por","24":"tag-spain","25":"tag-titulares","26":"tag-ultimas-noticias","27":"tag-ultimasnoticias","28":"tag-una","29":"tag-unas"},"share_on_mastodon":{"url":"https:\/\/pubeurope.com\/@es\/115566253504429969","error":""},"_links":{"self":[{"href":"https:\/\/www.europesays.com\/es\/wp-json\/wp\/v2\/posts\/241258","targetHints":{"allow":["GET"]}}],"collection":[{"href":"https:\/\/www.europesays.com\/es\/wp-json\/wp\/v2\/posts"}],"about":[{"href":"https:\/\/www.europesays.com\/es\/wp-json\/wp\/v2\/types\/post"}],"author":[{"embeddable":true,"href":"https:\/\/www.europesays.com\/es\/wp-json\/wp\/v2\/users\/2"}],"replies":[{"embeddable":true,"href":"https:\/\/www.europesays.com\/es\/wp-json\/wp\/v2\/comments?post=241258"}],"version-history":[{"count":0,"href":"https:\/\/www.europesays.com\/es\/wp-json\/wp\/v2\/posts\/241258\/revisions"}],"wp:featuredmedia":[{"embeddable":true,"href":"https:\/\/www.europesays.com\/es\/wp-json\/wp\/v2\/media\/241259"}],"wp:attachment":[{"href":"https:\/\/www.europesays.com\/es\/wp-json\/wp\/v2\/media?parent=241258"}],"wp:term":[{"taxonomy":"category","embeddable":true,"href":"https:\/\/www.europesays.com\/es\/wp-json\/wp\/v2\/categories?post=241258"},{"taxonomy":"post_tag","embeddable":true,"href":"https:\/\/www.europesays.com\/es\/wp-json\/wp\/v2\/tags?post=241258"}],"curies":[{"name":"wp","href":"https:\/\/api.w.org\/{rel}","templated":true}]}}