{"id":241264,"date":"2025-11-17T17:45:11","date_gmt":"2025-11-17T17:45:11","guid":{"rendered":"https:\/\/www.europesays.com\/es\/241264\/"},"modified":"2025-11-17T17:45:11","modified_gmt":"2025-11-17T17:45:11","slug":"dani-diez-tras-la-sexta-derrota-del-san-pablo-burgos-no-es-suficiente-ya-se-esta-viendo","status":"publish","type":"post","link":"https:\/\/www.europesays.com\/es\/241264\/","title":{"rendered":"Dani D\u00edez, tras la sexta derrota del San Pablo Burgos: \u00abNo es suficiente, ya se est\u00e1 viendo\u00bb"},"content":{"rendered":"<p>El regreso de Dani D\u00edez a las pistas despu\u00e9s de dos partidos ausente por una lesi\u00f3n en un dedo de una mano fue una de las mejores noticias para un Recoletas Salud San Pablo Burgos que <a href=\"https:\/\/www.diariodeburgos.es\/noticia\/z0bfc17ce-80b0-4394-84d39f681146d979\/202511\/un-minuto-de-desconexion-condena-al-san-pablo-ante-el-andorra\" target=\"_blank\" rel=\"nofollow noopener\">cay\u00f3 ante el Andorra en un partido que doli\u00f3 mucho<\/a>. El propio ala-p\u00edvot repiti\u00f3 tras el partido que \u00abhay que hacer autocr\u00edtica\u00bb porque \u00abno es suficiente, ya se est\u00e1 viendo\u00bb, asegur\u00f3 herido.<\/p>\n<p>\u00abSab\u00edamos que nos jug\u00e1bamos mucho, era un partido importante en casa, pero la ACBes as\u00ed de dura, ya lo sabemos. Tenemos que estar m\u00e1s preparados, hay que hacer autocr\u00edtica todos porque debemos de ganar en intensidad al rival y no ha sido as\u00ed. En un cara o cruz ha salido cruz. Felicito al rival pero hay que hacer autocr\u00edtica para los siguientes partidos\u00bb, repiti\u00f3 Dani D\u00edez, que termin\u00f3 el duelo con 21 puntos (3\/4 en tiros de dos y 5\/9 en triples) en la que fue, sin lugar a duda, su mejor actuaci\u00f3n de la temporada.<\/p>\n<p>En su an\u00e1lisis, el veterano jugador se\u00f1al\u00f3 que \u00abdebemos de salir mejor y ser m\u00e1s fuertes con el apoyo de nuestra gente\u00bb, aunque record\u00f3 que \u00abqueda mucho y no hay que bajar los brazos\u00bb. Por ello, se propuso \u00abvolver el lunes a trabajar al m\u00e1ximo\u00bb antes de visitar al Breog\u00e1n el s\u00e1bado.<\/p>\n<p>Siguiendo esa l\u00ednea de tranquilidad y confianza, afirm\u00f3 que \u00abesto lo vamos a sacar todos juntos\u00bb y que \u00abhay que hacer m\u00e1s equipo que nunca para que llegue la segunda victoria cuanto antes\u00bb. Y de nuevo reconoci\u00f3 que el \u00faltimo partido antes del par\u00f3n internacional es de suma importancia:\u00abYa lo eran hasta ahora, pero con esta derrota cada partido es una final. Breog\u00e1n es otro equipo que juega bien en casa y que se est\u00e1 jugando mucho, pero tenemos que ir all\u00ed con otra mentalidad. Vamos a trabajar bien fuerte\u00bb, cerr\u00f3.<\/p>\n<p><strong>Su lesi\u00f3n.<\/strong> Respecto a la inflamaci\u00f3n en la c\u00e1psula articular del dedo me\u00f1ique que le impidi\u00f3 jugar ante Valencia y Tenerife, D\u00edez asegur\u00f3 que est\u00e1 mucho mejor:\u00abEs una lesi\u00f3n fastidiada porque el dedo me duele en cada contacto, pero es mucho menor que al principio y me permite jugar. Poco a poco se curar\u00e1 por completo\u00bb, expres\u00f3.<\/p>\n","protected":false},"excerpt":{"rendered":"El regreso de Dani D\u00edez a las pistas despu\u00e9s de dos partidos ausente por una lesi\u00f3n en un&hellip;\n","protected":false},"author":2,"featured_media":241265,"comment_status":"","ping_status":"","sticky":false,"template":"","format":"standard","meta":{"footnotes":""},"categories":[269],"tags":[10098,299,298,36908,168,25,24,3919,23,167,1370,235],"class_list":{"0":"post-241264","1":"post","2":"type-post","3":"status-publish","4":"format-standard","5":"has-post-thumbnail","7":"category-baloncesto","8":"tag-andorra","9":"tag-baloncesto","10":"tag-basketball","11":"tag-dani-diez","12":"tag-deportes","13":"tag-es","14":"tag-espana","15":"tag-san-pablo-burgos","16":"tag-spain","17":"tag-sports","18":"tag-tenerife","19":"tag-valencia"},"share_on_mastodon":{"url":"https:\/\/pubeurope.com\/@es\/115566288848483301","error":""},"_links":{"self":[{"href":"https:\/\/www.europesays.com\/es\/wp-json\/wp\/v2\/posts\/241264","targetHints":{"allow":["GET"]}}],"collection":[{"href":"https:\/\/www.europesays.com\/es\/wp-json\/wp\/v2\/posts"}],"about":[{"href":"https:\/\/www.europesays.com\/es\/wp-json\/wp\/v2\/types\/post"}],"author":[{"embeddable":true,"href":"https:\/\/www.europesays.com\/es\/wp-json\/wp\/v2\/users\/2"}],"replies":[{"embeddable":true,"href":"https:\/\/www.europesays.com\/es\/wp-json\/wp\/v2\/comments?post=241264"}],"version-history":[{"count":0,"href":"https:\/\/www.europesays.com\/es\/wp-json\/wp\/v2\/posts\/241264\/revisions"}],"wp:featuredmedia":[{"embeddable":true,"href":"https:\/\/www.europesays.com\/es\/wp-json\/wp\/v2\/media\/241265"}],"wp:attachment":[{"href":"https:\/\/www.europesays.com\/es\/wp-json\/wp\/v2\/media?parent=241264"}],"wp:term":[{"taxonomy":"category","embeddable":true,"href":"https:\/\/www.europesays.com\/es\/wp-json\/wp\/v2\/categories?post=241264"},{"taxonomy":"post_tag","embeddable":true,"href":"https:\/\/www.europesays.com\/es\/wp-json\/wp\/v2\/tags?post=241264"}],"curies":[{"name":"wp","href":"https:\/\/api.w.org\/{rel}","templated":true}]}}