{"id":241268,"date":"2025-11-17T17:47:11","date_gmt":"2025-11-17T17:47:11","guid":{"rendered":"https:\/\/www.europesays.com\/es\/241268\/"},"modified":"2025-11-17T17:47:11","modified_gmt":"2025-11-17T17:47:11","slug":"pido-perdon-a-la-hija-de-encarnita-polo-por-mis-palabras-se-me-calento-la-boca","status":"publish","type":"post","link":"https:\/\/www.europesays.com\/es\/241268\/","title":{"rendered":"Pido perd\u00f3n a la hija de Encarnita Polo por mis palabras, se me calent\u00f3 la boca"},"content":{"rendered":"<p><img loading=\"lazy\" decoding=\"async\" src=\"https:\/\/www.europesays.com\/es\/wp-content\/uploads\/2025\/08\/cortazar-beatriz.jpg\" itemtype=\"\/\/schema.org\/ImageObject\" itemprop=\"url\" alt=\"Beatriz Cort\u00e1zar\" width=\"64\" height=\"64\" pinger-seen=\"true\"\/><\/p>\n<p><a href=\"https:\/\/www.eleconomista.es\/informalia\/famosos\/noticias\/13646544\/11\/25\/rappel-estalla-contra-la-hija-de-encarnita-polo-sobra-en-el-funeral-despues-de-abandonar-a-su-madre.html\" title=\"Rappel estalla contra la hija de Encarnita Polo: &quot;Sobra en el funeral despu\u00e9s de abandonar a su madre&quot;\" rel=\"nofollow noopener\" target=\"_blank\">Duras palabras fueron las que pronunci\u00f3 Rappel<\/a> cuando el pasado domingo le preguntaron su opini\u00f3n tras <b>la tr\u00e1gica muerte de su amiga Encarnita Polo en una residencia de \u00c1vila<\/b>. El conocido vidente se encontraba firmando libros en el Rastrillo de Nuevo Futuro y no se hab\u00eda enterado de la desgracia hasta que una reportera se lo cont\u00f3 en ese momento y su reacci\u00f3n fue dur\u00edsima.<\/p>\n<p><b>Rappel acus\u00f3 a la hija de Encarnita Polo, Raquel Waitzman, de haber ingresado a su madre en una residencia y abandonarla ah\u00ed \u00abcomo un perro\u00bb<\/b>, seg\u00fan dijo muy airado. Consideraba que Encarnita no ten\u00eda necesidad de pasar el resto de su vida en un centro de mayores y estaba impresionado tras o\u00edr que le hab\u00edan asesinado esa misma noche.<\/p>\n<p>                            <img decoding=\"async\" src=\"https:\/\/www.europesays.com\/es\/wp-content\/uploads\/2025\/11\/770x_encarnita-polo-raquel.jpg\" loading=\"lazy\"\/><\/p>\n<p>                            Encarnita Polo y su hija Raquel<\/p>\n<p>Han pasado 24 horas de esas declaraciones y hoy quiere pedir perd\u00f3n. \u00ab<b>Pido perd\u00f3n a Raquel <\/b>por si le han herido mis palabras. <b>Reconozco que son fruto de un calent\u00f3n y que no ten\u00eda que haber dicho lo que dije<\/b>. Me enter\u00e9 en ese instante que hab\u00edan matado Encarnita y me impresion\u00f3 much\u00edsimo. <b>Me enfad\u00e9 y solt\u00e9 esas palabras tan desafortunadas<\/b>, de las que me quiero excusar\u00bb, aclara el propio Rappel, con quien recordamos a la pobre Encarnita, a quien vio por \u00faltima vez cuando acudi\u00f3 al estreno de una obra de teatro suya en el Rialto hace ya cinco a\u00f1os.<\/p>\n<p>\u00abEra una mujer simpatiqu\u00edsima y con la que me he llevado muy bien. Las \u00faltimas veces que hablamos me coment\u00f3 que estaba muy feliz viviendo con sus gatitos. Quiero pensar que la decisi\u00f3n de ingresar en una residencia fue consensuada con su hija y<b> lo que nadie se podr\u00eda imaginar era que fueran a matarla<\/b>\u00ab. Aunque admite que hay excepciones por una enfermedad grave o cronificada que justifiquen el ingreso en una residencia, Rappel no es amigo de que las familias dejen a sus mayores en estos centros.<\/p>\n<p>\u00abConsidero que si has cuidado bien a tus hijos y les has ayudado siempre, <b>cuando te haces mayor es el momento de que ellos se ocupen de ti<\/b>. Yo no quiero que me ingresen en una residencia simplemente por el hecho de hacerme mayor. <b>Mis palabras fueron muy duras<\/b>, pero tambi\u00e9n es verdad que esa misma tarde hab\u00eda tenido varios casos en mi consulta de personas mayores que me contaron preocupadas c\u00f3mo sus hijos quer\u00edan llevarles a esos centros para manejar as\u00ed sus bienes. Seguramente estaba enfurecido por esas conversaciones y todo se junt\u00f3\u00bb, insiste Rappel, que reincide en su petici\u00f3n de perd\u00f3n a la hija de Encarnita. Tambi\u00e9n muestra todo el dolor que le ha producido esta muerte, que permanece bajo investigaci\u00f3n y en la que presuntamente otro residente habr\u00eda acabado con la vida de la cantante de temas tan populares como Paco, Paco, Paco.<\/p>\n<p>En los pr\u00f3ximos d\u00edas, <b>Rappel tendr\u00e1 ocasi\u00f3n de poder abrazar y dar su p\u00e9same a la hija de Encarnita<\/b>, dado que se va a celebrar <a href=\"https:\/\/www.eleconomista.es\/informalia\/famosos\/noticias\/13646933\/11\/25\/la-hija-de-encarnita-polo-se-cierra-en-banda-y-prepara-funeral-en-la-milagrosa-los-detalles-por-beatriz-cortazar.html\" title=\"La hija de Encarnita Polo se cierra en banda y prepara funeral en La Milagrosa: los detalles, por Beatriz Cort\u00e1zar\" rel=\"nofollow noopener\" target=\"_blank\">un funeral en la iglesia de La Milagrosa<\/a>, muy cercana al domicilio de la calle Garc\u00eda de Paredes, donde la artista vivi\u00f3 parte de su vida. Domicilio que tuvo que desalojar tras un divorcio muy conflictivo con su exmarido, el compositor Adolfo Waitzman.<\/p>\n<p>WhatsApp<a href=\"https:\/\/api.whatsapp.com\/send?text=https:\/\/www.eleconomista.es\/informalia\/famosos\/noticias\/13647871\/11\/25\/rappel-habla-con-beatriz-cortazar-pido-perdon-a-la-hija-de-encarnita-por-mis-palabras-se-me-calento-la-boca.html?utm_source%3Dwhatsapp%26utm_medium%3Dshare_button&amp;id=1648118629957_whatsapp\" target=\"_blank\" data-action=\"share\/whatsapp\/share\" aria-label=\"Compartir en Whatsapp\" rel=\"nofollow noopener\"><\/a>Facebook<a id=\"fb-share\" href=\"#\" target=\"_blank\" rel=\"noopener noreferrer\" aria-label=\"Compartir en Facebook\"><\/a>Twitter<a href=\"https:\/\/twitter.com\/share?text=Rappel+habla+con+Beatriz+Cort%C3%A1zar%3A+%22Pido+perd%C3%B3n+a+la+hija+de+Encarnita+Polo+por+mis+palabras%2C+se+me+calent%C3%B3+la+boca%22&amp;url=https:\/\/www.eleconomista.es\/informalia\/famosos\/noticias\/13647871\/11\/25\/rappel-habla-con-beatriz-cortazar-pido-perdon-a-la-hija-de-encarnita-por-mis-palabras-se-me-calento-la-boca.html&amp;via=Informalia&amp;id=1648118839245_twitter\" target=\"_blank\" aria-label=\"Compartir en Twitter\" rel=\"nofollow noopener\"><\/a>Linkedin<a onclick=\"return abrirLinkedin();\" href=\"https:\/\/www.linkedin.com\/shareArticle?text=Rappel+habla+con+Beatriz+Cort%C3%A1zar%3A+%22Pido+perd%C3%B3n+a+la+hija+de+Encarnita+Polo+por+mis+palabras%2C+se+me+calent%C3%B3+la+boca%22&amp;url=https:\/\/www.eleconomista.es\/informalia\/famosos\/noticias\/13647871\/11\/25\/rappel-habla-con-beatriz-cortazar-pido-perdon-a-la-hija-de-encarnita-por-mis-palabras-se-me-calento-la-boca.html&amp;mini=true\" target=\"_blank\" aria-label=\"Compartir en linkedin\" rel=\"nofollow noopener\"><\/a>Beloud<a href=\"https:\/\/beloud.com\/share?text=Rappel+habla+con+Beatriz+Cort%C3%A1zar%3A+%22Pido+perd%C3%B3n+a+la+hija+de+Encarnita+Polo+por+mis+palabras%2C+se+me+calent%C3%B3+la+boca%22&amp;url=https:\/\/www.eleconomista.es\/informalia\/famosos\/noticias\/13647871\/11\/25\/rappel-habla-con-beatriz-cortazar-pido-perdon-a-la-hija-de-encarnita-por-mis-palabras-se-me-calento-la-boca.html&amp;via=Informalia&amp;id=1648118839245_beloud\" target=\"_blank\" aria-label=\"Compartir en beloud\" rel=\"nofollow noopener\"><\/a>Bluesky<a href=\"https:\/\/bsky.app\/intent\/compose?text=https:\/\/bsky.app\/intent\/compose?text=https:\/\/www.eleconomista.es\/informalia\/famosos\/noticias\/13647871\/11\/25\/rappel-habla-con-beatriz-cortazar-pido-perdon-a-la-hija-de-encarnita-por-mis-palabras-se-me-calento-la-boca.html&amp;url=https:\/\/www.eleconomista.es\/informalia\/famosos\/noticias\/13647871\/11\/25\/rappel-habla-con-beatriz-cortazar-pido-perdon-a-la-hija-de-encarnita-por-mis-palabras-se-me-calento-la-boca.html&amp;via=elEconomistaes&amp;id=1648118839245_bluesky\" target=\"_blank\" aria-label=\"Compartir en bluesky\" rel=\"nofollow noopener\"><\/a><\/p>\n<p><script async src=\"https:\/\/platform.twitter.com\/widgets.js\" charset=\"utf-8\"><\/script><\/p>\n","protected":false},"excerpt":{"rendered":"Duras palabras fueron las que pronunci\u00f3 Rappel cuando el pasado domingo le preguntaron su opini\u00f3n tras la tr\u00e1gica&hellip;\n","protected":false},"author":2,"featured_media":241269,"comment_status":"","ping_status":"","sticky":false,"template":"","format":"standard","meta":{"footnotes":""},"categories":[174],"tags":[255,146,147,25,24,256,260,23],"class_list":{"0":"post-241268","1":"post","2":"type-post","3":"status-publish","4":"format-standard","5":"has-post-thumbnail","7":"category-famosos","8":"tag-celebrities","9":"tag-entertainment","10":"tag-entretenimiento","11":"tag-es","12":"tag-espana","13":"tag-famosos","14":"tag-gente","15":"tag-spain"},"share_on_mastodon":{"url":"https:\/\/pubeurope.com\/@es\/115566298186335749","error":""},"_links":{"self":[{"href":"https:\/\/www.europesays.com\/es\/wp-json\/wp\/v2\/posts\/241268","targetHints":{"allow":["GET"]}}],"collection":[{"href":"https:\/\/www.europesays.com\/es\/wp-json\/wp\/v2\/posts"}],"about":[{"href":"https:\/\/www.europesays.com\/es\/wp-json\/wp\/v2\/types\/post"}],"author":[{"embeddable":true,"href":"https:\/\/www.europesays.com\/es\/wp-json\/wp\/v2\/users\/2"}],"replies":[{"embeddable":true,"href":"https:\/\/www.europesays.com\/es\/wp-json\/wp\/v2\/comments?post=241268"}],"version-history":[{"count":0,"href":"https:\/\/www.europesays.com\/es\/wp-json\/wp\/v2\/posts\/241268\/revisions"}],"wp:featuredmedia":[{"embeddable":true,"href":"https:\/\/www.europesays.com\/es\/wp-json\/wp\/v2\/media\/241269"}],"wp:attachment":[{"href":"https:\/\/www.europesays.com\/es\/wp-json\/wp\/v2\/media?parent=241268"}],"wp:term":[{"taxonomy":"category","embeddable":true,"href":"https:\/\/www.europesays.com\/es\/wp-json\/wp\/v2\/categories?post=241268"},{"taxonomy":"post_tag","embeddable":true,"href":"https:\/\/www.europesays.com\/es\/wp-json\/wp\/v2\/tags?post=241268"}],"curies":[{"name":"wp","href":"https:\/\/api.w.org\/{rel}","templated":true}]}}