{"id":241270,"date":"2025-11-17T17:48:17","date_gmt":"2025-11-17T17:48:17","guid":{"rendered":"https:\/\/www.europesays.com\/es\/241270\/"},"modified":"2025-11-17T17:48:17","modified_gmt":"2025-11-17T17:48:17","slug":"premio-pritzker-de-arquitectura-2025-se-publica-el-video-de-la-ceremonia-de-entrega-honrando-a-liu-jiakun","status":"publish","type":"post","link":"https:\/\/www.europesays.com\/es\/241270\/","title":{"rendered":"Premio Pritzker de Arquitectura 2025: se publica el video de la ceremonia de entrega honrando a Liu Jiakun"},"content":{"rendered":"<p><a class=\"js-image-size__link \" href=\"https:\/\/www.archdaily.cl\/cl\/1035932\/premio-pritzker-de-arquitectura-2025-se-publica-el-video-de-la-ceremonia-de-entrega-honrando-a-liu-jiakun\/69132183ff9154017e690c84-2025-pritzker-architecture-prize-ceremony-video-released-honoring-liu-jiakun-photo\" rel=\"attachment nofollow noopener\" style=\"width: 100%; height: 100%;\" target=\"_blank\"><img decoding=\"async\" alt=\"Premio Pritzker de Arquitectura 2025: se publica el video de la ceremonia de entrega honrando a Liu Jiakun - Imagen 1 de 8\" data-nr-picture-id=\"69132183ff9154017e690c84\" fetchpriority=\"high\" height=\"424\" itemprop=\"image\" loading=\"eager\" longdesc=\"https:\/\/www.archdaily.cl\/cl\/1035932\/premio-pritzker-de-arquitectura-2025-se-publica-el-video-de-la-ceremonia-de-entrega-honrando-a-liu-jiakun\/69132183ff9154017e690c84-2025-pritzker-architecture-prize-ceremony-video-released-honoring-liu-jiakun-photo\" src=\"https:\/\/www.europesays.com\/es\/wp-content\/uploads\/2025\/11\/2025-pritzker-architecture-prize-ceremony-video-released-honoring-liu-jiakun_1.jpg\" style=\"min-height: var(--featured-height, auto); aspect-ratio: auto 640 \/ 424\" width=\"640\"\/><\/a>Luyeyuan Stone Sculpture Art Museum. Imagen \u00a9 Bi Kejian<\/p>\n<p>    Compartir<\/p>\n<p>Compartir<\/p>\n<ul class=\"afd-share__networks clearfix\">\n<li class=\"afd-share__social\"><a aria-label=\"Facebook\" class=\"afd-share__button\" data-insights-category=\"share\" data-insights-label=\"facebook_sharing_options\" data-insights-value=\"1035932\" data-social=\"facebook\" href=\"https:\/\/www.facebook.com\/sharer\/sharer.php?u=https:\/\/www.archdaily.cl\/cl\/1035932\/premio-pritzker-de-arquitectura-2025-se-publica-el-video-de-la-ceremonia-de-entrega-honrando-a-liu-jiakun\" rel=\"nofollow noopener\" target=\"_blank\"><\/a>\n<p>Facebook<\/p>\n<\/li>\n<li class=\"afd-share__social\"><a aria-label=\"Twitter\" class=\"afd-share__button\" data-insights-category=\"share\" data-insights-label=\"twitter_sharing_options\" data-insights-value=\"1035932\" data-social=\"twitter\" href=\"https:\/\/twitter.com\/intent\/tweet?text=Premio%20Pritzker%20de%20Arquitectura%202025%3A%20se%20publica%20el%20video%20de%20la%20ceremonia%20de%20entrega%20honrando%20a%20Liu%20Jiakun&amp;url=https:\/\/www.archdaily.cl\/cl\/1035932\/premio-pritzker-de-arquitectura-2025-se-publica-el-video-de-la-ceremonia-de-entrega-honrando-a-liu-jiakun&amp;via=parq\" rel=\"nofollow noopener\" target=\"_blank\"><\/a>\n<p>Twitter<\/p>\n<\/li>\n<li class=\"afd-share__social\"><a class=\"afd-share__button\" data-insights-category=\"share\" data-insights-label=\"email_sharing_options\" data-insights-value=\"1035932\" data-social=\"email\" href=\"mailto:?subject=Premio Pritzker de Arquitectura 2025: se publica el video de la ceremonia de entrega honrando a Liu Jiakun&amp;body=https:\/\/www.archdaily.cl\/cl\/1035932\/premio-pritzker-de-arquitectura-2025-se-publica-el-video-de-la-ceremonia-de-entrega-honrando-a-liu-jiakun\"><\/a>\n<p>Mail<\/p>\n<\/li>\n<li class=\"afd-share__social\"><a aria-label=\"Pinterest\" class=\"afd-share__button\" data-insights-category=\"share\" data-insights-label=\"pinterest_sharing_options\" data-insights-value=\"1035932\" data-social=\"pinterest\" href=\"https:\/\/pinterest.com\/pin\/create\/button\/?url=https%3A%2F%2Fwww.archdaily.cl%2Fcl%2F1035932%2Fpremio-pritzker-de-arquitectura-2025-se-publica-el-video-de-la-ceremonia-de-entrega-honrando-a-liu-jiakun&amp;media=https%3A%2F%2Fimages.adsttc.com%2Fmedia%2Fimages%2F6913%2F2183%2Fff91%2F5401%2F7e69%2F0c84%2Flarge_jpg%2F2025-pritzker-architecture-prize-ceremony-video-released-honoring-liu-jiakun_1.jpg%3F1762861481&amp;description=Premio%20Pritzker%20de%20Arquitectura%202025%3A%20se%20publica%20el%20video%20de%20la%20ceremonia%20de%20entrega%20honrando%20a%20Liu%20Jiakun\" rel=\"nofollow noopener\" target=\"_blank\"><\/a>\n<p>Pinterest<\/p>\n<\/li>\n<li class=\"afd-share__social\"><a aria-label=\"Whatsapp\" class=\"afd-share__button\" data-action=\"share\/whatsapp\/share\" data-insights-category=\"share\" data-insights-label=\"whatsapp_sharing_options\" data-insights-value=\"1035932\" data-social=\"whatsapp\" href=\"whatsapp:\/\/send?text=Premio+Pritzker+de+Arquitectura+2025%3A+se+publica+el+video+de+la+ceremonia+de+entrega+honrando+a+Liu+Jiakun+%7C+https%3A%2F%2Fwww.archdaily.cl%2Fcl%2F1035932%2Fpremio-pritzker-de-arquitectura-2025-se-publica-el-video-de-la-ceremonia-de-entrega-honrando-a-liu-jiakun%3Futm_source%3DWhatsapp%26utm_medium%3DIM%26utm_campaign%3Dshare-button\" rel=\"nofollow\"><\/a>\n<p>Whatsapp<\/p>\n<\/li>\n<\/ul>\n<p>O<\/p>\n<p>https:\/\/www.archdaily.cl\/cl\/1035932\/premio-pritzker-de-arquitectura-2025-se-publica-el-video-de-la-ceremonia-de-entrega-honrando-a-liu-jiakun<\/p>\n<p>  Portapapeles<\/p>\n<p>              \u00abCOPY\u00bb<\/p>\n<p>Copiar<\/p>\n<p><a href=\"https:\/\/www.archdaily.cl\/cl\/tag\/premio-pritzker\" target=\"_blank\" rel=\"noopener nofollow\">El Premio Pritzker de Arquitectura<\/a> ha lanzado un <a href=\"https:\/\/www.archdaily.cl\/cl\/tag\/video\" rel=\"nofollow noopener\" target=\"_blank\">video<\/a> especial en honor a <a href=\"https:\/\/www.archdaily.cl\/cl\/1027595\/el-arquitecto-chino-liu-jiakun-recibe-el-premio-pritzker-de-arquitectura-2025\" target=\"_blank\" rel=\"noopener nofollow\">Liu Jiakun<\/a>, el 54\u00ba ganador del premio. Filmada en el <a href=\"https:\/\/www.archdaily.cl\/cl\/883186\/louvre-abu-dhabi-ateliers-jean-nouvel\" target=\"_blank\" rel=\"noopener nofollow\">Louvre Abu Dhabi<\/a>, la ceremonia celebra la visi\u00f3n arquitect\u00f3nica de <a href=\"https:\/\/www.archdaily.cl\/cl\/tag\/liu-jiakun\" target=\"_blank\" rel=\"noopener nofollow\">Liu<\/a>, caracterizada por un profundo compromiso con la vida c\u00edvica, la continuidad cultural y la condici\u00f3n humana. La pel\u00edcula captura momentos del evento y ofrece una visi\u00f3n de la pr\u00e1ctica m\u00e1s amplia de <a href=\"https:\/\/www.archdaily.cl\/cl\/tag\/liu-jiakun\" target=\"_blank\" rel=\"noopener nofollow\">Liu<\/a>, enfatizando en la capacidad de la <a href=\"https:\/\/www.archdaily.cl\/cl\/tag\/arquitectura\" target=\"_blank\" rel=\"noopener nofollow\">arquitectura<\/a> para reconciliar tradici\u00f3n y modernidad mientras aborda desaf\u00edos sociales y ambientales. La publicaci\u00f3n del video de la ceremonia marca la culminaci\u00f3n de la 47\u00aa edici\u00f3n del <a href=\"https:\/\/www.archdaily.cl\/cl\/tag\/premio-pritzker\" target=\"_blank\" rel=\"noopener nofollow\">Premio Pritzker de Arquitectura<\/a>. El galardonado de 2026 se anunciar\u00e1 en marzo, continuando el legado del premio de reconocer a arquitectos y arquitectas cuyo trabajo hace avanzar la disciplina y su papel en la configuraci\u00f3n de la experiencia humana.<\/p>\n<p class=\"thumbs afd-desktop-e clearfix\"><a class=\"thumbs__link\" data-nr-picture-id=\"691323c1ff9154017e690c91\" href=\"https:\/\/www.archdaily.cl\/cl\/1035932\/premio-pritzker-de-arquitectura-2025-se-publica-el-video-de-la-ceremonia-de-entrega-honrando-a-liu-jiakun\/691323c1ff9154017e690c91-2025-pritzker-architecture-prize-ceremony-video-released-honoring-liu-jiakun-photo\" rel=\"attachment nofollow noopener\" target=\"_blank\"><img loading=\"lazy\" decoding=\"async\" alt=\"Premio Pritzker de Arquitectura 2025: se publica el video de la ceremonia de entrega honrando a Liu Jiakun - Imagen 2 de 8\" class=\"thumbs__img b-lazy\" data-nr-picture-id=\"691323c1ff9154017e690c91\" data-pin-nopin=\"true\" src=\"https:\/\/www.europesays.com\/es\/wp-content\/uploads\/2025\/11\/2025-pritzker-architecture-prize-ceremony-video-released-honoring-liu-jiakun_4.jpg\" height=\"125\" longdesc=\"https:\/\/www.archdaily.cl\/cl\/1035932\/premio-pritzker-de-arquitectura-2025-se-publica-el-video-de-la-ceremonia-de-entrega-honrando-a-liu-jiakun\/691323c1ff9154017e690c91-2025-pritzker-architecture-prize-ceremony-video-released-honoring-liu-jiakun-photo\" title=\"\" width=\"125\"\/><\/a><a class=\"thumbs__link\" data-nr-picture-id=\"69132340f3234f018a737d32\" href=\"https:\/\/www.archdaily.cl\/cl\/1035932\/premio-pritzker-de-arquitectura-2025-se-publica-el-video-de-la-ceremonia-de-entrega-honrando-a-liu-jiakun\/69132340f3234f018a737d32-2025-pritzker-architecture-prize-ceremony-video-released-honoring-liu-jiakun-photo\" rel=\"attachment nofollow noopener\" target=\"_blank\"><img loading=\"lazy\" decoding=\"async\" alt=\"Premio Pritzker de Arquitectura 2025: se publica el video de la ceremonia de entrega honrando a Liu Jiakun - Imagen 3 de 8\" class=\"thumbs__img b-lazy\" data-nr-picture-id=\"69132340f3234f018a737d32\" data-pin-nopin=\"true\" src=\"https:\/\/www.europesays.com\/es\/wp-content\/uploads\/2025\/11\/2025-pritzker-architecture-prize-ceremony-video-released-honoring-liu-jiakun_6.jpg\" height=\"125\" longdesc=\"https:\/\/www.archdaily.cl\/cl\/1035932\/premio-pritzker-de-arquitectura-2025-se-publica-el-video-de-la-ceremonia-de-entrega-honrando-a-liu-jiakun\/69132340f3234f018a737d32-2025-pritzker-architecture-prize-ceremony-video-released-honoring-liu-jiakun-photo\" title=\"The Renovation of Tianbao Cave District of Erlang Town. Imagen \u00a9 Arch-Exist\" width=\"125\"\/><\/a><a class=\"thumbs__link\" data-nr-picture-id=\"69132248f3234f018a737d2f\" href=\"https:\/\/www.archdaily.cl\/cl\/1035932\/premio-pritzker-de-arquitectura-2025-se-publica-el-video-de-la-ceremonia-de-entrega-honrando-a-liu-jiakun\/69132248f3234f018a737d2f-2025-pritzker-architecture-prize-ceremony-video-released-honoring-liu-jiakun-photo\" rel=\"attachment nofollow noopener\" target=\"_blank\"><img loading=\"lazy\" decoding=\"async\" alt=\"Premio Pritzker de Arquitectura 2025: se publica el video de la ceremonia de entrega honrando a Liu Jiakun - Imagen 4 de 8\" class=\"thumbs__img b-lazy\" data-nr-picture-id=\"69132248f3234f018a737d2f\" data-pin-nopin=\"true\" src=\"https:\/\/www.europesays.com\/es\/wp-content\/uploads\/2025\/11\/2025-pritzker-architecture-prize-ceremony-video-released-honoring-liu-jiakun_2.jpg\" height=\"125\" longdesc=\"https:\/\/www.archdaily.cl\/cl\/1035932\/premio-pritzker-de-arquitectura-2025-se-publica-el-video-de-la-ceremonia-de-entrega-honrando-a-liu-jiakun\/69132248f3234f018a737d2f-2025-pritzker-architecture-prize-ceremony-video-released-honoring-liu-jiakun-photo\" title=\"West Village. Imagen \u00a9 Arch-Exist\" width=\"125\"\/><\/a><a class=\"thumbs__link\" data-nr-picture-id=\"691322cc11d9560188bae897\" href=\"https:\/\/www.archdaily.cl\/cl\/1035932\/premio-pritzker-de-arquitectura-2025-se-publica-el-video-de-la-ceremonia-de-entrega-honrando-a-liu-jiakun\/691322cc11d9560188bae897-2025-pritzker-architecture-prize-ceremony-video-released-honoring-liu-jiakun-photo\" rel=\"attachment nofollow noopener\" target=\"_blank\"><img loading=\"lazy\" decoding=\"async\" alt=\"Premio Pritzker de Arquitectura 2025: se publica el video de la ceremonia de entrega honrando a Liu Jiakun - Imagen 5 de 8\" class=\"thumbs__img b-lazy\" data-nr-picture-id=\"691322cc11d9560188bae897\" data-pin-nopin=\"true\" src=\"https:\/\/www.europesays.com\/es\/wp-content\/uploads\/2025\/11\/2025-pritzker-architecture-prize-ceremony-video-released-honoring-liu-jiakun_3.jpg\" height=\"125\" longdesc=\"https:\/\/www.archdaily.cl\/cl\/1035932\/premio-pritzker-de-arquitectura-2025-se-publica-el-video-de-la-ceremonia-de-entrega-honrando-a-liu-jiakun\/691322cc11d9560188bae897-2025-pritzker-architecture-prize-ceremony-video-released-honoring-liu-jiakun-photo\" title=\"Design Department on new campus, Sichuan Fine Arts Institute. Imagen \u00a9 Jiakun Architects\" width=\"125\"\/><\/a><a class=\"gallery-link afd-desktop-e\" href=\"https:\/\/www.archdaily.cl\/cl\/1035932\/premio-pritzker-de-arquitectura-2025-se-publica-el-video-de-la-ceremonia-de-entrega-honrando-a-liu-jiakun\/69132183ff9154017e690c84-2025-pritzker-architecture-prize-ceremony-video-released-honoring-liu-jiakun-photo\" rel=\"nofollow noopener\" target=\"_blank\"><img decoding=\"async\" alt=\"Premio Pritzker de Arquitectura 2025: se publica el video de la ceremonia de entrega honrando a Liu Jiakun - M\u00e1s Im\u00e1genes\" class=\"thumbs__img b-lazy\" src=\"https:\/\/www.europesays.com\/es\/wp-content\/uploads\/2025\/11\/2025-pritzker-architecture-prize-ceremony-video-released-honoring-liu-jiakun_1.jpg\" itemprop=\"image\" bad-src=\"data:image\/gif;base64,R0lGODlhAQABAIAAAAUEBAAAACwAAAAAAQABAAACAkQBADs=\"\/>+ 3<\/a><\/p>\n<p>Nacido en Chengdu, China, en 1956, <a href=\"https:\/\/www.archdaily.cl\/cl\/tag\/liu-jiakun\" target=\"_blank\" rel=\"noopener nofollow\">Liu Jiakun<\/a> fund\u00f3 <a href=\"https:\/\/www.archdaily.cl\/cl\/office\/jiakun-architects\" target=\"_blank\" rel=\"noopener nofollow\">Jiakun Architects<\/a> en 1999. Su obra abarca proyectos culturales, c\u00edvicos y residenciales, distingui\u00e9ndose por su sensibilidad al contexto local y la honestidad material. Rechazando un estilo est\u00e9tico singular, <a href=\"https:\/\/www.archdaily.cl\/cl\/tag\/liu-jiakun\" target=\"_blank\" rel=\"noopener nofollow\">Liu<\/a> emplea estrategias adaptables que responden a las condiciones sociales y ambientales espec\u00edficas de cada sitio. Su arquitectura busca armonizar la experiencia colectiva e individual, creando espacios que fomentan la conexi\u00f3n, la reflexi\u00f3n y la resiliencia dentro de los paisajes urbanos en r\u00e1pida transformaci\u00f3n de la <a href=\"https:\/\/www.archdaily.cl\/cl\/tag\/arquitectura-china\" target=\"_blank\" rel=\"noopener nofollow\">China<\/a> contempor\u00e1nea.<\/p>\n<p><a class=\"js-image-size__link lazy-anchor\" href=\"https:\/\/www.archdaily.cl\/cl\/1035932\/premio-pritzker-de-arquitectura-2025-se-publica-el-video-de-la-ceremonia-de-entrega-honrando-a-liu-jiakun\/69132340f3234f018a737d32-2025-pritzker-architecture-prize-ceremony-video-released-honoring-liu-jiakun-photo\" rel=\"nofollow noopener\" target=\"_blank\"><img decoding=\"async\" alt=\"Premio Pritzker de Arquitectura 2025: se publica el video de la ceremonia de entrega honrando a Liu Jiakun - Imagen 3 de 8\" data-nr-picture-id=\"69132340f3234f018a737d32\" height=\"427\" itemprop=\"image\" loading=\"lazy\" longdesc=\"https:\/\/www.archdaily.cl\/cl\/1035932\/premio-pritzker-de-arquitectura-2025-se-publica-el-video-de-la-ceremonia-de-entrega-honrando-a-liu-jiakun\/69132340f3234f018a737d32-2025-pritzker-architecture-prize-ceremony-video-released-honoring-liu-jiakun-photo\" src=\"https:\/\/www.europesays.com\/es\/wp-content\/uploads\/2025\/11\/1763401697_452_2025-pritzker-architecture-prize-ceremony-video-released-honoring-liu-jiakun_6.jpg\" width=\"640\"\/>The Renovation of Tianbao Cave District of Erlang Town. Imagen \u00a9 Arch-Exist<\/a><\/p>\n<p>La ceremonia de este a\u00f1o marca la primera celebrada desde el fallecimiento de Cindy Pritzker, quien cofund\u00f3 el premio con Jay A. Pritzker en 1979. El evento reuni\u00f3 a miembros del jurado, anteriores galardonados e invitados internacionales bajo la c\u00fapula del museo, dise\u00f1ada por <a href=\"https:\/\/www.archdaily.cl\/cl\/tag\/jean-nouvel\" target=\"_blank\" rel=\"noopener nofollow\">Jean Nouvel<\/a>, el ganador de 2008. El reconocimiento a Liu subraya un enfoque fundamentado en la comunidad y el equilibrio, reflejando una comprensi\u00f3n de la arquitectura como una expresi\u00f3n personal y un acto colectivo.<\/p>\n<p>  Art\u00edculo relacionado <a class=\"rel-article__link\" data-insights-category=\"related-article\" data-insights-label=\"3\" data-insights-value=\"1035932\" href=\"https:\/\/www.archdaily.cl\/cl\/1027583\/quien-es-liu-jiakun-10-cosas-que-debes-saber-sobre-el-premio-pritzker-2025?ad_medium=widget&amp;ad_name=related-article&amp;ad_content=1035932\" rel=\"nofollow noopener\" target=\"_blank\">\u00bfQui\u00e9n es Liu Jiakun? 10 cosas que debes saber sobre el Premio Pritzker 2025<\/a>  <\/p>\n<blockquote wp_automatic_readability=\"9\"><p>&#13;<\/p>\n<p>La arquitectura est\u00e1 estrechamente entrelazada con el destino de la humanidad\u2014evolucionar\u00e1 y se renovar\u00e1, como siempre lo ha hecho. Mientras la humanidad no perezca, la arquitectura tampoco lo har\u00e1. &#8211; Liu Jiakun<\/p>\n<p>&#13;\n<\/p><\/blockquote>\n<p><a class=\"js-image-size__link lazy-anchor\" href=\"https:\/\/www.archdaily.cl\/cl\/1035932\/premio-pritzker-de-arquitectura-2025-se-publica-el-video-de-la-ceremonia-de-entrega-honrando-a-liu-jiakun\/691322cc11d9560188bae897-2025-pritzker-architecture-prize-ceremony-video-released-honoring-liu-jiakun-photo\" rel=\"nofollow noopener\" target=\"_blank\"><img decoding=\"async\" alt=\"Premio Pritzker de Arquitectura 2025: se publica el video de la ceremonia de entrega honrando a Liu Jiakun - Imagen 5 de 8\" data-nr-picture-id=\"691322cc11d9560188bae897\" height=\"427\" itemprop=\"image\" loading=\"lazy\" longdesc=\"https:\/\/www.archdaily.cl\/cl\/1035932\/premio-pritzker-de-arquitectura-2025-se-publica-el-video-de-la-ceremonia-de-entrega-honrando-a-liu-jiakun\/691322cc11d9560188bae897-2025-pritzker-architecture-prize-ceremony-video-released-honoring-liu-jiakun-photo\" src=\"https:\/\/www.europesays.com\/es\/wp-content\/uploads\/2025\/11\/1763401697_774_2025-pritzker-architecture-prize-ceremony-video-released-honoring-liu-jiakun_3.jpg\" width=\"640\"\/>Design Department on new campus, Sichuan Fine Arts Institute. Imagen \u00a9 Jiakun Architects<\/a><\/p>\n<p>En conjunto con la ceremonia, se organiz\u00f3 la Conferencia y Mesa Redonda del Laureado 2025, titulada \u00abEn Tierra: Un Modelo para la Comunidad\u00bb, en la Fundaci\u00f3n Cultural en asociaci\u00f3n con el Departamento de Cultura y Turismo de <a href=\"https:\/\/www.archdaily.cl\/cl\/tag\/abu-dhabi\" target=\"_blank\" rel=\"noopener nofollow\">Abu Dhabi<\/a>. El programa explor\u00f3 temas centrales en el trabajo de Liu, incluyendo la integraci\u00f3n del paisaje, la memoria y el espacio compartido. El <a href=\"https:\/\/www.archdaily.cl\/cl\/tag\/video\" rel=\"nofollow noopener\" target=\"_blank\">video<\/a> incluye reflexiones del Jurado 2025, con la participaci\u00f3n de <a href=\"https:\/\/www.archdaily.cl\/cl\/tag\/barry-bergdoll\" target=\"_blank\" rel=\"noopener nofollow\">Barry Bergdoll<\/a>, <a href=\"https:\/\/www.archdaily.com\/tag\/deborah-berke\/page\/1\" rel=\"nofollow noopener\" target=\"_blank\">Deborah Berke<\/a>, Andr\u00e9 Corr\u00eaa do Lago, <a href=\"https:\/\/www.archdaily.cl\/cl\/tag\/kazuyo-sejima\" target=\"_blank\" rel=\"noopener nofollow\">Kazuyo Sejima<\/a>, <a href=\"https:\/\/www.archdaily.cl\/cl\/tag\/anne-lacaton\" target=\"_blank\" rel=\"noopener nofollow\">Anne Lacaton<\/a> y la Directora Ejecutiva <a href=\"https:\/\/www.archdaily.cl\/cl\/tag\/manuela-luca-dazio\" target=\"_blank\" rel=\"noopener nofollow\">Manuela Luc\u00e1-Dazio<\/a>, as\u00ed como apariciones de anteriores premiados como <a href=\"https:\/\/www.archdaily.cl\/cl\/tag\/jean-nouvel\" target=\"_blank\" rel=\"noopener nofollow\">Jean Nouvel<\/a>, <a href=\"https:\/\/www.archdaily.cl\/cl\/tag\/rafael-aranda\" target=\"_blank\" rel=\"noopener nofollow\">Rafael Aranda<\/a>, <a href=\"https:\/\/www.archdaily.cl\/cl\/tag\/carme-pigem\" target=\"_blank\" rel=\"noopener nofollow\">Carme Pigem<\/a>, <a href=\"https:\/\/www.archdaily.cl\/cl\/tag\/ramon-vilalta\" target=\"_blank\" rel=\"noopener nofollow\">Ramon Vilalta<\/a>, <a href=\"https:\/\/www.archdaily.cl\/cl\/tag\/jean-philippe-vassal\" target=\"_blank\" rel=\"noopener nofollow\">Jean-Philippe Vassal<\/a>, <a href=\"https:\/\/www.archdaily.cl\/cl\/tag\/david-chipperfield\" target=\"_blank\" rel=\"noopener nofollow\">David Chipperfield<\/a> y <a href=\"https:\/\/www.archdaily.cl\/cl\/office\/riken-yamamoto\" target=\"_blank\" rel=\"noopener nofollow\">Riken Yamamoto<\/a>.<\/p>\n<p><script async src=\"https:\/\/platform.twitter.com\/widgets.js\" charset=\"utf-8\"><\/script><\/p>\n","protected":false},"excerpt":{"rendered":"Luyeyuan Stone Sculpture Art Museum. Imagen \u00a9 Bi Kejian Compartir Compartir Facebook Twitter Mail Pinterest Whatsapp O https:\/\/www.archdaily.cl\/cl\/1035932\/premio-pritzker-de-arquitectura-2025-se-publica-el-video-de-la-ceremonia-de-entrega-honrando-a-liu-jiakun&hellip;\n","protected":false},"author":2,"featured_media":241271,"comment_status":"","ping_status":"","sticky":false,"template":"","format":"standard","meta":{"footnotes":""},"categories":[173],"tags":[26190,801,62083,229,233,231,230,232,234,146,147,25,24,62084,62082,62085,62081,62086,532,23,2338],"class_list":{"0":"post-241270","1":"post","2":"type-post","3":"status-publish","4":"format-standard","5":"has-post-thumbnail","7":"category-arte-y-diseno","8":"tag-abu-dhabi","9":"tag-arquitectura","10":"tag-arquitectura-comunitaria","11":"tag-arte","12":"tag-arte-y-diseno","13":"tag-arts","14":"tag-arts-and-design","15":"tag-design","16":"tag-diseno","17":"tag-entertainment","18":"tag-entretenimiento","19":"tag-es","20":"tag-espana","21":"tag-jiakun-architects","22":"tag-liu-jiakun","23":"tag-louvre-abu-dhabi","24":"tag-premio-pritzker","25":"tag-premio-pritzker-2025","26":"tag-premios","27":"tag-spain","28":"tag-video"},"share_on_mastodon":{"url":"https:\/\/pubeurope.com\/@es\/115566300858084089","error":""},"_links":{"self":[{"href":"https:\/\/www.europesays.com\/es\/wp-json\/wp\/v2\/posts\/241270","targetHints":{"allow":["GET"]}}],"collection":[{"href":"https:\/\/www.europesays.com\/es\/wp-json\/wp\/v2\/posts"}],"about":[{"href":"https:\/\/www.europesays.com\/es\/wp-json\/wp\/v2\/types\/post"}],"author":[{"embeddable":true,"href":"https:\/\/www.europesays.com\/es\/wp-json\/wp\/v2\/users\/2"}],"replies":[{"embeddable":true,"href":"https:\/\/www.europesays.com\/es\/wp-json\/wp\/v2\/comments?post=241270"}],"version-history":[{"count":0,"href":"https:\/\/www.europesays.com\/es\/wp-json\/wp\/v2\/posts\/241270\/revisions"}],"wp:featuredmedia":[{"embeddable":true,"href":"https:\/\/www.europesays.com\/es\/wp-json\/wp\/v2\/media\/241271"}],"wp:attachment":[{"href":"https:\/\/www.europesays.com\/es\/wp-json\/wp\/v2\/media?parent=241270"}],"wp:term":[{"taxonomy":"category","embeddable":true,"href":"https:\/\/www.europesays.com\/es\/wp-json\/wp\/v2\/categories?post=241270"},{"taxonomy":"post_tag","embeddable":true,"href":"https:\/\/www.europesays.com\/es\/wp-json\/wp\/v2\/tags?post=241270"}],"curies":[{"name":"wp","href":"https:\/\/api.w.org\/{rel}","templated":true}]}}