{"id":241274,"date":"2025-11-17T17:51:12","date_gmt":"2025-11-17T17:51:12","guid":{"rendered":"https:\/\/www.europesays.com\/es\/241274\/"},"modified":"2025-11-17T17:51:12","modified_gmt":"2025-11-17T17:51:12","slug":"la-historia-de-laura-pacios-del-silencio-y-la-paz-de-monumenta-a-los-aplausos-de-los-latin-grammy","status":"publish","type":"post","link":"https:\/\/www.europesays.com\/es\/241274\/","title":{"rendered":"La historia de Laura Pacios, del silencio y la paz de Monumenta a los aplausos de los Latin Grammy"},"content":{"rendered":"<p>La violinista, cantante y compositora<strong> Laura Pacios, natural de Madrid pero profundamente vinculada a Monumenta por sus ra\u00edces familiares<\/strong>, ha logrado consolidar una carrera internacional de gran prestigio, llevando la m\u00fasica espa\u00f1ola a escenarios de todo el mundo y recientemente ganando un Latin Grammy con su grupo.\u00a0<\/p>\n<p>Laura Pacios ha explicado\u00a0que su pasi\u00f3n por la m\u00fasica naci\u00f3 en casa, influenciada por sus padres aficionados a la m\u00fasica tradicional, cl\u00e1sica y jazz.<strong> \u201cEl viol\u00edn me permiti\u00f3 expresar emociones, pero tambi\u00e9n aprender otros instrumentos como guitarra, piano, mandolina o percusi\u00f3n\u201d<\/strong>, comenta la artista, que ha transformado su talento en experiencias musicales \u00fanicas tanto en conciertos en vivo como en proyectos especiales.<\/p>\n<p>El v\u00ednculo de<strong> Laura con Monumenta<\/strong> es profundo. Sus abuelos maternos nacieron y vivieron all\u00ed, y la artista ha pasado todos sus veranos y vacaciones en el municipio.<strong> \u201cAunque soy de ciudad, Monumenta me ense\u00f1\u00f3 a conectar con la vida rural, con la gente y con la m\u00fasica de ra\u00edz. Desde peque\u00f1a tocaba all\u00ed en homenajes a los mayores, y eso me dio confianza y motivaci\u00f3n para seguir creciendo\u201d<\/strong>, afirma la artista.\u00a0<\/p>\n<p>Actualmente, <strong>Laura forma parte del grupo flamenco Las Migas, que ha ganado dos Latin Grammy y se ha presentado en m\u00e1s de 50 pa\u00edses<\/strong>. Con su nuevo \u00e1lbum, Flamencas, la banda busca revivir el esp\u00edritu del flamenco con una mirada moderna y audaz, fusionando estilos y rompiendo moldes tradicionales.<\/p>\n<p><img loading=\"lazy\" decoding=\"async\" width=\"1081\" height=\"720\" alt=\"Laura Pacios. IMAGEN CEDIDA (1)\" src=\"https:\/\/www.europesays.com\/es\/wp-content\/uploads\/2025\/11\/2025111712484387983.jpg\" class=\"lazyload\" \/><br \/>\nLaura Pacios. IMAGEN CEDIDA (1)<\/p>\n<p>Adem\u00e1s de su trabajo con Las Migas,<strong> Laura lidera proyectos propios como el d\u00fao Petricor, centrado en m\u00fasica tradicional y de ra\u00edz de Zamora, Le\u00f3n y otras regiones del norte de la Pen\u00ednsula<\/strong>. <strong>\u201cPara m\u00ed es muy importante fusionar estilos, porque la riqueza de la m\u00fasica viene de no quedarse en un solo camino. El flamenco, el jazz, la m\u00fasica irlandesa\u2026 todo tiene cabida si se hace con respeto y pasi\u00f3n\u201d,<\/strong> explica.<\/p>\n<p><img loading=\"lazy\" decoding=\"async\" width=\"1079\" height=\"720\" alt=\"Laura Pacios. IMAGEN CEDIDA (2)\" src=\"https:\/\/www.europesays.com\/es\/wp-content\/uploads\/2025\/11\/2025111712490736422.jpg\" class=\"lazyload\" \/><br \/>\nLaura Pacios. IMAGEN CEDIDA (2)<\/p>\n<p>Laura tambi\u00e9n destaca el apoyo de su familia y del pueblo de Monumenta.<strong> \u201cMis abuelos siempre me han apoyado, abri\u00e9ndome puertas y anim\u00e1ndome a seguir, y ahora poder volver al pueblo y tocar con mis propios proyectos es un regalo enorme\u201d,<\/strong> afirma.<\/p>\n<p><img loading=\"lazy\" decoding=\"async\" width=\"960\" height=\"720\" alt=\"Laura Pacios. IMAGEN CEDIDA (3)\" src=\"https:\/\/www.europesays.com\/es\/wp-content\/uploads\/2025\/11\/2025111712492824688.jpg\" class=\"lazyload\" \/><br \/>\nLaura Pacios. IMAGEN CEDIDA (3)<\/p>\n<p>Con solo 24 a\u00f1os, Laura Pacios sigue explorando nuevas sonoridades y proyectos internacionales, con la mirada puesta en giras por Latinoam\u00e9rica y Estados Unidos en 2026. La artista asegura que <strong>cada premio, cada escenario y cada reconocimiento es un impulso para seguir creando, fusionando y transmitiendo m\u00fasica que emociona.<\/strong><\/p>\n<p><strong>La artista afirma orgullosa\u00a0que para ella Monumenta sigue siendo su fuente de inspiraci\u00f3n: el silencio de sus calles, la paz del entorno y la conexi\u00f3n con sus ra\u00edces rurales son para Laura el lugar donde recargar energ\u00edas y alimentar su creatividad musical.<\/strong><\/p>\n","protected":false},"excerpt":{"rendered":"La violinista, cantante y compositora Laura Pacios, natural de Madrid pero profundamente vinculada a Monumenta por sus ra\u00edces&hellip;\n","protected":false},"author":2,"featured_media":241275,"comment_status":"","ping_status":"","sticky":false,"template":"","format":"standard","meta":{"footnotes":""},"categories":[170],"tags":[146,147,25,24,448,17870,62088,62087,184,185,11506,2807,23],"class_list":{"0":"post-241274","1":"post","2":"type-post","3":"status-publish","4":"format-standard","5":"has-post-thumbnail","7":"category-musica","8":"tag-entertainment","9":"tag-entretenimiento","10":"tag-es","11":"tag-espana","12":"tag-historia","13":"tag-latin-grammy","14":"tag-laura-pacios","15":"tag-monumenta","16":"tag-music","17":"tag-musica","18":"tag-paz","19":"tag-silencio","20":"tag-spain"},"share_on_mastodon":{"url":"https:\/\/pubeurope.com\/@es\/115566313048489048","error":""},"_links":{"self":[{"href":"https:\/\/www.europesays.com\/es\/wp-json\/wp\/v2\/posts\/241274","targetHints":{"allow":["GET"]}}],"collection":[{"href":"https:\/\/www.europesays.com\/es\/wp-json\/wp\/v2\/posts"}],"about":[{"href":"https:\/\/www.europesays.com\/es\/wp-json\/wp\/v2\/types\/post"}],"author":[{"embeddable":true,"href":"https:\/\/www.europesays.com\/es\/wp-json\/wp\/v2\/users\/2"}],"replies":[{"embeddable":true,"href":"https:\/\/www.europesays.com\/es\/wp-json\/wp\/v2\/comments?post=241274"}],"version-history":[{"count":0,"href":"https:\/\/www.europesays.com\/es\/wp-json\/wp\/v2\/posts\/241274\/revisions"}],"wp:featuredmedia":[{"embeddable":true,"href":"https:\/\/www.europesays.com\/es\/wp-json\/wp\/v2\/media\/241275"}],"wp:attachment":[{"href":"https:\/\/www.europesays.com\/es\/wp-json\/wp\/v2\/media?parent=241274"}],"wp:term":[{"taxonomy":"category","embeddable":true,"href":"https:\/\/www.europesays.com\/es\/wp-json\/wp\/v2\/categories?post=241274"},{"taxonomy":"post_tag","embeddable":true,"href":"https:\/\/www.europesays.com\/es\/wp-json\/wp\/v2\/tags?post=241274"}],"curies":[{"name":"wp","href":"https:\/\/api.w.org\/{rel}","templated":true}]}}