{"id":241280,"date":"2025-11-17T17:54:13","date_gmt":"2025-11-17T17:54:13","guid":{"rendered":"https:\/\/www.europesays.com\/es\/241280\/"},"modified":"2025-11-17T17:54:13","modified_gmt":"2025-11-17T17:54:13","slug":"asdibur-reclama-cribados-en-edad-pediatrica-para-un-diagnostico-precoz-de-la-diabetes","status":"publish","type":"post","link":"https:\/\/www.europesays.com\/es\/241280\/","title":{"rendered":"Asdibur reclama cribados en edad pedi\u00e1trica para un diagn\u00f3stico precoz de la diabetes"},"content":{"rendered":"<p class=\"paragraph\">Reducir el riesgo de diabetes, garantizar que todas las personas diagnosticadas tengan acceso a una atenci\u00f3n integral, equitativa y de calidad y dar<b> visibilidad a esta enfermedad <\/b>es el objetivo del<b> D\u00eda Mundial de la <a href=\"https:\/\/www.elcorreodeburgos.com\/burgos\/171114\/181596\/70-diabetes-tipo-2-evitarian-habitos-saludables.html\" title=\"El 70% de las diabetes tipo 2 se evitar\u00edan con h\u00e1bitos saludables\" rel=\"nofollow noopener\" target=\"_blank\">Diabetes<\/a>.<\/b> En Burgos,<b> 25.000 personas conviven con la diabetes tipo 2 y 1.600 con el tipo 1.<\/b><\/p>\n<p>            <a href=\"#\" title=\"\"><\/p>\n<p>                    <img loading=\"lazy\" decoding=\"async\" data-index=\"\" width=\"140\" height=\"140\" alt=\"La Marcha por la Diabetes recorri\u00f3 este domingo el centro de Burgos.\" data-full=\"[object Object]\" data-original=\"[object Object]\" src=\"https:\/\/imagenes.elcorreodeburgos.com\/files\/related_image\/uploads\/2025\/09\/28\/68d9728fbf418.jpeg\" data-full-src=\"https:\/\/www.europesays.com\/es\/wp-content\/uploads\/2025\/11\/68d9728fbf418.jpeg\"\/><\/p>\n<p>            <\/a><\/p>\n<p class=\"c-detail__sumario__signature\">\n                <strong><\/p>\n<p>                <strong class=\"c-detail__sumario__author \">El Correo de Burgos | El Mundo<\/strong><\/strong>\n            <\/p>\n<p class=\"paragraph\">\u00abA\u00fan hoy en d\u00eda es muy importante  dar a conocer esta patolog\u00eda, ya que<b> mucha gente no sabe en qu\u00e9 consiste<\/b>\u00bb, apunta el presidente de la Asociaci\u00f3n de Diab\u00e9ticos de Burgos, Mariano Cerd\u00e1n, al tiempo que asegur\u00f3 que \u00abuna persona diab\u00e9tica <b>puede llevar una vida normal, siempre con un debido control y con la medicaci\u00f3n adecuada\u00bb.<\/b><\/p>\n<p class=\"paragraph\">Cerd\u00e1n sabe bien de lo que habla. Lleva m\u00e1s de 45 a\u00f1os conviviendo con una enfermedad para la que las asociaciones de pacientes reclaman<b> \u00abm\u00e1s acciones y campa\u00f1as de prevenci\u00f3n y un diagn\u00f3stico precoz\u00bb<\/b>.  Precisamente en este sentido, Cerd\u00e1n apunta que \u00abllevamos un tiempo solicitando <b>cribados en la poblaci\u00f3n pedi\u00e1trica<\/b>\u00bb.<\/p>\n<p class=\"paragraph\">\u00abSabemos que la diabetes tipo 1 no aparece de forma repentina y que <b>puede detectarse dos o tres a\u00f1os antes de que los s\u00edntomas sean visibles<\/b>\u00bb, se\u00f1ala Cerd\u00e1n, que recalca que \u00abel diagn\u00f3stico precoz permite evitar complicaciones graves, ganar tiempo para asimilar la patolog\u00eda y aprender a convivir con ella\u00bb.<\/p>\n<p class=\"paragraph\">Y es que \u00abcuando el diagn\u00f3stico llega antes,<b> el debut es menos agresivo y el control metab\u00f3lico m\u00e1s favorable<\/b>\u00bb, asevera, insistiendo en que \u00abla memoria metab\u00f3lica es clave para el futuro del paciente\u00bb.<\/p>\n<p>            <a href=\"#\" title=\"\"><\/p>\n<p>                    <img loading=\"lazy\" decoding=\"async\" data-index=\"\" width=\"140\" height=\"140\" alt=\"Un sanitario realiza la prueba de medici\u00f3n de glucosa a un paciente.-SANTI OTERO\" data-full=\"[object Object]\" data-original=\"[object Object]\" src=\"https:\/\/imagenes.elcorreodeburgos.com\/files\/related_image\/uploads\/2023\/04\/14\/64397e693eb85.jpeg\" data-full-src=\"https:\/\/www.europesays.com\/es\/wp-content\/uploads\/2025\/11\/64397e693eb85.jpeg\"\/><\/p>\n<p>            <\/a><\/p>\n<p class=\"paragraph\">La diabetes es una enfermedad que a d\u00eda de hoy no tiene cura, aunque cada vez m\u00e1s se est\u00e1n dando los pasos para ello. Hay diversos tipos de diabetes. \u00ab<b>La tipo 1 se trata con insulina y supone un 5 \u00f3  6% del total de pacientes diab\u00e9ticos.<\/b> Aparece en la infancia o juventud, normalmente antes de los 20-24 a\u00f1os\u00bb, explica el portavoz de la entidad. \u00abEn unos pocos d\u00edas el paciente<b> pierde mucho peso porque a pesar de comer mucho por el hambre, todos los nutrientes se van<\/b>. Se tiene una <b>sed horrible<\/b> y por eso<b> se orina mucho y las energ\u00edas est\u00e1n por los suelos<\/b>\u00bb, se\u00f1ala Cerd\u00e1n<\/p>\n<p class=\"paragraph\"><b>La diabetes tipo 2 \u00abse conoce como enfermedad silenciosa\u00bb, ya que<\/b>\u00a0\u00ab<b>los s\u00edntomas no dan la cara de una forma tan s\u00fabita<\/b>\u00bb. \u00abMuchas personas notan que est\u00e1n m\u00e1s cansadas, que orinan m\u00e1s, que tienen m\u00e1s sed, pero lo achacan a la edad o a otras circunstancias y no van al m\u00e9dico\u00bb, apunta y se\u00f1ala que<b> \u00abante estos s\u00edntomas es clave acudir al centro de salud y comprobar que no hay una diabetes 2 de fondo\u00bb.<\/b><\/p>\n<p class=\"paragraph\">\u00abLa diabetes tipo 2 sin diagnosticar puede ser <b>causa de infartos o ictus\u00bb<\/b>, afirma Cerd\u00e1n, quien recuerda adem\u00e1s que esta patolog\u00eda \u00abes la <b>segunda causa de amputaciones en Espa\u00f1a y Europa<\/b>\u00bb.<\/p>\n<p>            <a href=\"#\" title=\"\"><\/p>\n<p>                    <img loading=\"lazy\" decoding=\"async\" data-index=\"\" width=\"140\" height=\"140\" alt=\"Semper, con Mila del Campo y Yolanda Barriuso.\" data-full=\"[object Object]\" data-original=\"[object Object]\" src=\"https:\/\/imagenes.elcorreodeburgos.com\/files\/related_image\/files\/fp\/uploads\/2024\/09\/20\/66ed255c1d604.r_d.1024-768.jpeg\" data-full-src=\"https:\/\/www.europesays.com\/es\/wp-content\/uploads\/2025\/11\/66ed255c1d604.jpeg\"\/><\/p>\n<p>            <\/a><\/p>\n<p class=\"c-detail__sumario__signature\">\n                <strong><\/p>\n<p>                <strong class=\"c-detail__sumario__author \">El Correo de Burgos | El Mundo<\/strong><\/strong>\n            <\/p>\n<p class=\"paragraph\">En este sentido, el presidente de la asociaci\u00f3n anima a los mayores de cuarenta a hacerse una<b> \u00abprueba de glucemia capilar de forma peri\u00f3dica para descartar la enfermedad\u00bb.<\/b> Se trata de \u00abuna prueba muy sencilla, indolora y r\u00e1pida porque es un peque\u00f1o pinchazo en la yema del dedo y el resultado se obtiene en 5 segundos\u00bb.<\/p>\n<p class=\"paragraph\">A\u00fan <b>m\u00e1s precisa en la prueba de hemoglobina glicosilada (HbA1c).<\/b> \u00abSe trata de un an\u00e1lisis de sangre que mide el nivel promedio de glucosa en la sangre durante los \u00faltimos dos o tres meses. Se utiliza para diagnosticar y monitorear la diabetes y la prediabetes, y se basa en el porcentaje de hemoglobina que se ha unido al az\u00facar\u00bb, explica.<\/p>\n<p class=\"paragraph\">Por otra parte, las asociaciones de pacientes siguen reclamando a las administraciones sanitarias<b> un acceso equitativo a los recursos para el control de la glucosa, como los sistemas de monitorizaci\u00f3n flash.<\/b><\/p>\n<p class=\"paragraph\">\u00abEstos aparatos tienen que estar cubiertos por el sistema p\u00fablico de salud porque son esenciales para un buen control de la diabetes y para<b> mejorar la calidad de vida de los pacientes<\/b>\u00bb, apunt\u00f3  Cerd\u00e1n. El presidente de la entidad record\u00f3  que \u00abes un elemento muy \u00fatil\u00bb pero que \u00abla lectura m\u00e1s fiable es la que hace la prueba de glucemia capilar en caso de dudas\u00bb.<\/p>\n<p>LAS ACTIVIDADES<\/p>\n<p class=\"paragraph\">La entidad burgalesa, que cuenta con cuatrocientos socios, celebr\u00f3 el <b>D\u00eda Mundial de la Diabetes el viernes 14 de noviembre <\/b>con una campa\u00f1a de detecci\u00f3n precoz con pruebas de glucosa en la Plaza Mayor y la posterior lectura del manifiesto, pero las actividades  contin\u00faan estas dos pr\u00f3ximas semanas. As\u00ed, el <b>martes 18 de noviembre<\/b>, el especialista en Nutrici\u00f3n y Diabetes, Dani Hans,  abordar\u00e1 estrategias innovadoras para el bienestar de la diabetes tipo 1.<\/p>\n<p class=\"paragraph\"><b>El mi\u00e9rcoles 19,<\/b> la psic\u00f3loga Marimar Herrero profundizar\u00e1 en la parte m\u00e1s emocional de la alimentaci\u00f3n asociada a la diabetes y c\u00f3mo alguna de esas emociones puede llevar a h\u00e1bitos poco saludables.<\/p>\n<p class=\"paragraph\"><b>Ya el martes 25<\/b>,  la nefr\u00f3loga Mar\u00eda Teresa Valda abordar\u00e1 en su charla si desde la diabetes se puede llegar a desarrollar una enfermedad renal.  Y, por \u00faltimo, la psic\u00f3loga Inmaculada Elvira de Castro se centrar\u00e1  el <b>mi\u00e9rcoles 26 <\/b>c\u00f3mo afecta un diagn\u00f3stico de diabetes en la adolescencia. Todas las charlas ser\u00e1n en la sala de prensa de Fundaci\u00f3n C\u00edrculo a las 19 horas.<\/p>\n","protected":false},"excerpt":{"rendered":"Reducir el riesgo de diabetes, garantizar que todas las personas diagnosticadas tengan acceso a una atenci\u00f3n integral, equitativa&hellip;\n","protected":false},"author":2,"featured_media":241281,"comment_status":"","ping_status":"","sticky":false,"template":"","format":"standard","meta":{"footnotes":""},"categories":[92],"tags":[623,4807,1293,25,24,165,6850,166,23],"class_list":{"0":"post-241280","1":"post","2":"type-post","3":"status-publish","4":"format-standard","5":"has-post-thumbnail","7":"category-salud","8":"tag-burgos","9":"tag-diabetes","10":"tag-enfermedades","11":"tag-es","12":"tag-espana","13":"tag-health","14":"tag-juventud","15":"tag-salud","16":"tag-spain"},"share_on_mastodon":{"url":"https:\/\/pubeurope.com\/@es\/115566324417250631","error":""},"_links":{"self":[{"href":"https:\/\/www.europesays.com\/es\/wp-json\/wp\/v2\/posts\/241280","targetHints":{"allow":["GET"]}}],"collection":[{"href":"https:\/\/www.europesays.com\/es\/wp-json\/wp\/v2\/posts"}],"about":[{"href":"https:\/\/www.europesays.com\/es\/wp-json\/wp\/v2\/types\/post"}],"author":[{"embeddable":true,"href":"https:\/\/www.europesays.com\/es\/wp-json\/wp\/v2\/users\/2"}],"replies":[{"embeddable":true,"href":"https:\/\/www.europesays.com\/es\/wp-json\/wp\/v2\/comments?post=241280"}],"version-history":[{"count":0,"href":"https:\/\/www.europesays.com\/es\/wp-json\/wp\/v2\/posts\/241280\/revisions"}],"wp:featuredmedia":[{"embeddable":true,"href":"https:\/\/www.europesays.com\/es\/wp-json\/wp\/v2\/media\/241281"}],"wp:attachment":[{"href":"https:\/\/www.europesays.com\/es\/wp-json\/wp\/v2\/media?parent=241280"}],"wp:term":[{"taxonomy":"category","embeddable":true,"href":"https:\/\/www.europesays.com\/es\/wp-json\/wp\/v2\/categories?post=241280"},{"taxonomy":"post_tag","embeddable":true,"href":"https:\/\/www.europesays.com\/es\/wp-json\/wp\/v2\/tags?post=241280"}],"curies":[{"name":"wp","href":"https:\/\/api.w.org\/{rel}","templated":true}]}}