{"id":241282,"date":"2025-11-17T17:55:06","date_gmt":"2025-11-17T17:55:06","guid":{"rendered":"https:\/\/www.europesays.com\/es\/241282\/"},"modified":"2025-11-17T17:55:06","modified_gmt":"2025-11-17T17:55:06","slug":"valle-salvaje-avance-del-capitulo-del-martes-18-de-noviembre-pepa-toma-una-decision-que-puede-costarle-muy-cara-el-mundo","status":"publish","type":"post","link":"https:\/\/www.europesays.com\/es\/241282\/","title":{"rendered":"&#039;Valle Salvaje&#039;, avance del cap\u00edtulo del martes 18 de noviembre: Pepa toma una decisi\u00f3n que puede costarle muy cara &#8211; El Mundo"},"content":{"rendered":"<ol>\n<li><a href=\"https:\/\/news.google.com\/rss\/articles\/CBMiiAFBVV95cUxPWEppS0o5RUs1OFFvZFBsZElLcENVSFpvOTFfcG5HUno1Y3pCTzM3enZTd2pEal9FalI4N3ZndmYtZ05yLVlzc2pxZlA1ZTY3R2Fxa3AxdkZLWE4weUh3ZzN4RzQ5dG5IZUVEYU11SGpMM2xucFJ2dWdlWE5YMTFjbUdCYXRRWTZO0gGIAUFVX3lxTE5rUDlyY2cxR1hMSy1NV1NOYWJKUHpsVjN6RjlPeTk3ekZ5cjZ4T2RsMk1QTnhDWE5fU3RCRUJXeks3Z0N5ZDZQWVpwUGZiVVppb3BSNHp6bUxCM2ROVWR0WUFhTExBRF9oQXNMeWZzTnNyYVlLTktmMWtWWnd4RU43R092Z1hkbE8?oc=5\" target=\"_blank\" rel=\"nofollow noopener\">&#8216;Valle Salvaje&#8217;, avance del cap\u00edtulo del martes 18 de noviembre: Pepa toma una decisi\u00f3n que puede costarle muy cara<\/a>&nbsp;&nbsp;El Mundo<\/li>\n<li><a href=\"https:\/\/news.google.com\/rss\/articles\/CBMipAFBVV95cUxPWi1fNEZ0MUFiV205cjFGZERRNVJ5a2NOdGRudndYMHZXbDZtYlJLY0RYbW5YZFVPTWVJcFRqbXhURFU3SGo5ek9Da3dyN2k0LVBFQkhXTGVlZW5hbjNkQ2ZOTXhyaEFZcDViR1gwMk1rVHhZd2ozX3pWZF9yY2JYV2F4Tzk2c3Z2eTVqYjhnQS16a05PdDV5Y19hMGZwMjkzLW1RSA?oc=5\" target=\"_blank\" rel=\"nofollow noopener\">La verdadera raz\u00f3n por la que D\u00e1maso ha vuelto a &#8216;Valle Salvaje&#8217; te va a sorprender<\/a>&nbsp;&nbsp;RTVE.es<\/li>\n<li><a href=\"https:\/\/news.google.com\/rss\/articles\/CBMiswFBVV95cUxOdmVXWE1vWTJRRl9wNkdYSF91aDAydXFsY3JYM2twbmVqQXBuN1VHWEhsZzl0WUxYSkRvczhpQ0RONUV5VFFyc3haOUVGdU56YkFCWndIUlV1Nms4OU9VcFA3SnctbmFvaWVNSHZiMjZraVZkeG15SzNMX09aZGQwT3V3QjlmLWlEcWh3YmdHZWt4dUVsQy1ESDBYNHZJVk12aHpCbkF4MWJVVFA1Z211NzhHONIBuAFBVV95cUxOckVMUm44dTlFb2hZUHozSWMtdV8wSVpvR2hQMmV1QUhEd0xnaWhyNnRETUJIU1MzUC1RSFNqVm1VdzNDeE10Y3N4VGhyVldVaXVLYk83QWRlck84VlVHLW9IdGNCUjJDRnQxMmNfaTYtaHYxVEtDUVlfdTRNZVlYWDA3ZWF5emRMYy1kcG5uR3BRRF9TdXZDZmJRX2ZvNmRLTGNsVTk0Wkw3aDd5aHBMQ1pNZHNGVUM2?oc=5\" target=\"_blank\" rel=\"nofollow noopener\">Avance semanal de &#8216;Valle Salvaje&#8217;: Mercedes se al\u00eda con D\u00e1maso, Pepa se sacrifica por Luisa y Alejo abandona la Casa Peque\u00f1a<\/a>&nbsp;&nbsp;El Confidencial<\/li>\n<li><a href=\"https:\/\/news.google.com\/rss\/articles\/CBMi-gFBVV95cUxOWlVVSVBmZzc0WVRMZThMTllBVWpiYjNSNXk3UjNwbVY3bEEyMk5HVlEwMmh0Y0FQeHNIQ19oQVFSUEk5a0s3Z1R0Q0RpRmxTOENFQUNWME56M3E3dktzNml5MzhHQjRPQm1zOFRXQmctU2lJMWFzdW13ek5Sck9KaFpXVC1EOHNzSHRmMWxhWXA0WXRBcldZbVJ2ZGdLRWZkSDJKdEtpMV8yMTZleF91Wm1FYWhESDRNMV96S1U3SWFhN1JWcHNYQmg5UjhNd1lqUVQxRk9WQW5yMDZzd3U4TzF0eC1KYnlsRnNwWFRoalFZd3FEYk94RGVn?oc=5\" target=\"_blank\" rel=\"nofollow noopener\">Valle Salvaje, avance semanal del 17 al 21 de noviembre: Leonardo e Irene le cuentan a B\u00e1rbara la verdad<\/a>&nbsp;&nbsp;El Independiente<\/li>\n<li><a href=\"https:\/\/news.google.com\/rss\/articles\/CBMiqAFBVV95cUxPQkdJOGtjWjRkMjhhTUJ2Q1lpaDFMbHFKVmo2S2wzcGJyWnJVVWtIdWhpZmMxQTVJMkgwMU8wV1NZdmRuN0V2MU56VFVUR0QtWV9FV1lsaHNCVzJycFVBNUJWcHB5RGp5Q2NiaEp0SGhhLXZMU1RRWHdqZFpfVHMwTjEzc2tBOHdWUklySEFpODBDVkpwQmNTVjlIcGVhOW5ZYzBLemlZRnfSAa4BQVVfeXFMT0d2VGtsdy1XMEljLURBQ05BeEN2b0Jqb3hwSzZjQWdzS3piT0JBODhtaFkxUEVSdGYxODhqUkdaWEttai1TVDl5Q1l0YTRoTWNVVWVUa0NCeW5xdlpuT0dpUC1fM0JkNzdFZldtbDVBNlFHa2lkRklPWmx3RVFjSEZwU1FxZnZtNVJ4NEhCbUZLYzBXa0NFUGowZklGbzFKbXdvclRrbnNGS3Voam9B?oc=5\" target=\"_blank\" rel=\"nofollow noopener\">Avance del cap\u00edtulo de \u2018Valle Salvaje\u2019 de hoy: D\u00e1maso intenta besar a Victoria<\/a>&nbsp;&nbsp;OkDiario<\/li>\n<\/ol>\n","protected":false},"excerpt":{"rendered":"&#8216;Valle Salvaje&#8217;, avance del cap\u00edtulo del martes 18 de noviembre: Pepa toma una decisi\u00f3n que puede costarle muy&hellip;\n","protected":false},"author":2,"featured_media":241283,"comment_status":"","ping_status":"","sticky":false,"template":"","format":"standard","meta":{"footnotes":""},"categories":[91],"tags":[146,147,25,24,518,805,23,11029,6761,27808],"class_list":{"0":"post-241282","1":"post","2":"type-post","3":"status-publish","4":"format-standard","5":"has-post-thumbnail","7":"category-entretenimiento","8":"tag-entertainment","9":"tag-entretenimiento","10":"tag-es","11":"tag-espana","12":"tag-rtve","13":"tag-series","14":"tag-spain","15":"tag-television-series","16":"tag-tresb","17":"tag-valle-salvaje"},"share_on_mastodon":{"url":"https:\/\/pubeurope.com\/@es\/115566328319812818","error":""},"_links":{"self":[{"href":"https:\/\/www.europesays.com\/es\/wp-json\/wp\/v2\/posts\/241282","targetHints":{"allow":["GET"]}}],"collection":[{"href":"https:\/\/www.europesays.com\/es\/wp-json\/wp\/v2\/posts"}],"about":[{"href":"https:\/\/www.europesays.com\/es\/wp-json\/wp\/v2\/types\/post"}],"author":[{"embeddable":true,"href":"https:\/\/www.europesays.com\/es\/wp-json\/wp\/v2\/users\/2"}],"replies":[{"embeddable":true,"href":"https:\/\/www.europesays.com\/es\/wp-json\/wp\/v2\/comments?post=241282"}],"version-history":[{"count":0,"href":"https:\/\/www.europesays.com\/es\/wp-json\/wp\/v2\/posts\/241282\/revisions"}],"wp:featuredmedia":[{"embeddable":true,"href":"https:\/\/www.europesays.com\/es\/wp-json\/wp\/v2\/media\/241283"}],"wp:attachment":[{"href":"https:\/\/www.europesays.com\/es\/wp-json\/wp\/v2\/media?parent=241282"}],"wp:term":[{"taxonomy":"category","embeddable":true,"href":"https:\/\/www.europesays.com\/es\/wp-json\/wp\/v2\/categories?post=241282"},{"taxonomy":"post_tag","embeddable":true,"href":"https:\/\/www.europesays.com\/es\/wp-json\/wp\/v2\/tags?post=241282"}],"curies":[{"name":"wp","href":"https:\/\/api.w.org\/{rel}","templated":true}]}}