{"id":241284,"date":"2025-11-17T17:56:10","date_gmt":"2025-11-17T17:56:10","guid":{"rendered":"https:\/\/www.europesays.com\/es\/241284\/"},"modified":"2025-11-17T17:56:10","modified_gmt":"2025-11-17T17:56:10","slug":"el-telescopio-solar-europeo-est-ha-completado-con-exito-la-revision-del-diseno-conceptual-de-la-suite-de-instrumentos-cientificos","status":"publish","type":"post","link":"https:\/\/www.europesays.com\/es\/241284\/","title":{"rendered":"El Telescopio Solar Europeo (EST) ha completado con \u00e9xito la revisi\u00f3n del dise\u00f1o conceptual de la suite de instrumentos cient\u00edficos"},"content":{"rendered":"<p>El <a href=\"https:\/\/www.est-east.eu\" rel=\"nofollow noopener\" target=\"_blank\">Telescopio Solar Europeo<\/a> (EST) ha completado con \u00e9xito la <strong>revisi\u00f3n del dise\u00f1o conceptual<\/strong> (CoDR, Conceptual Design Review) de su <strong>suite de instrumentos cient\u00edficos<\/strong> (SIS, Scientific Instrument Suite).\u00a0<\/p>\n<p>Los objetivos cient\u00edficos de EST se centran en examinar el <strong>acoplamiento magn\u00e9tico en la atm\u00f3sfera solar<\/strong> desde las capas m\u00e1s profundas de la fotosfera hasta las capas m\u00e1s altas de la cromosfera. Esto permitir\u00e1 estudiar las propiedades t\u00e9rmicas, din\u00e1micas y magn\u00e9ticas del plasma solar con a<strong>lta resoluci\u00f3n espacial y temporal.<\/strong><\/p>\n<p>Estos objetivos est\u00e1n definidos por el <strong>Grupo Asesor Cient\u00edfico <\/strong>(SAG, Science Advisory Group),\u00a0un grupo internacional de expertos responsable de establecer los requisitos cient\u00edficos de EST.<\/p>\n<p>En l\u00ednea con los objetivos cient\u00edficos establecidos por el SAG, EST cuenta con la suite de instrumentos cient\u00edficos (SIS), compuesta por <strong>tres consorcios internacionales<\/strong> liderados por el Instituto de Astrof\u00edsica de Canarias (IAC), el <a href=\"https:\/\/www.iaa.csic.es\" rel=\"nofollow noopener\" target=\"_blank\">Instituto de Astrof\u00edsica de Andaluc\u00eda<\/a> (IAA) y el <a href=\"https:\/\/www.mps.mpg.de\/en\" rel=\"nofollow noopener\" target=\"_blank\">Instituto Max Planck para la investigaci\u00f3n del Sistema Solar<\/a> (MPS), que incluir\u00e1 distintas tecnolog\u00edas de <strong>espectropolar\u00edmetros<\/strong>, como <strong>interfer\u00f3metros Fabry-Perot<\/strong> y <strong>unidades de campo integral<\/strong> (IFU, por sus siglas en ingl\u00e9s) capaces de observar simult\u00e1neamente en los rangos ultravioleta, visible e infrarrojo. De este modo, el flujo de fotones procedentes del Sol se podr\u00e1 aprovechar con mayor eficiencia respecto a otros telescopios terrestres y espaciales.\u00a0<\/p>\n<p>El pasado 15 de septiembre comenzaron las revisiones del dise\u00f1o conceptual de los instrumentos cient\u00edficos, que culminaron con <strong>reuniones presenciales los d\u00edas 3, 4 y 5 de noviembre<\/strong> en las instalaciones de IACTEC e IAC en Tenerife. Durante estas sesiones, especialistas en instrumentaci\u00f3n astron\u00f3mica debatieron junto al equipo t\u00e9cnico de la Oficina de Proyectos de EST y los l\u00edderes de los consorcios de instrumentos los principales aspectos de los dise\u00f1os conceptuales, que definen la arquitectura general, los objetivos cient\u00edficos y los requisitos de interfaz de los distintos instrumentos.<\/p>\n<p>El panel revisor, presidido por <strong>Bret Goodrich<\/strong> del <a href=\"https:\/\/nso.edu\/\" rel=\"nofollow noopener\" target=\"_blank\">National Solar Observatory<\/a> (DKIST\/NSO), estuvo integrado por <strong>Kjetil Dohlen<\/strong> del <a href=\"https:\/\/www.lam.fr\/en\/\" rel=\"nofollow noopener\" target=\"_blank\">Laboratoire d\u2019Astrophysique de Marseille<\/a> (LAM\/CNRS), <strong>Ariadna Calcines<\/strong> de la <a href=\"https:\/\/www.durham.ac.uk\/\" rel=\"nofollow noopener\" target=\"_blank\">Universidad de Durham<\/a>, <strong>Michael Sigwarth<\/strong> del <a href=\"https:\/\/www.tls-tautenburg.de\/de\/\" rel=\"nofollow noopener\" target=\"_blank\">Th\u00fcringer Landessternwarte Tautenburg<\/a> (TLS), <strong>Andr\u00e9 Fehlmann<\/strong> del DKIST\/NSO y los l\u00edderes de las distintas \u00e1reas de ingenier\u00eda de EST: <strong>\u00c1lvaro P\u00e9rez<\/strong>, de Ingenier\u00eda \u00d3ptica; <strong>\u00c1ngel Mato<\/strong> y <strong>Juan C\u00f3zar<\/strong>, de Ingenier\u00eda Mec\u00e1nica; <strong>Jorge Quintero<\/strong>, de Ingenier\u00eda de Control; <strong>Miguel N\u00fa\u00f1ez<\/strong>, de Ingenier\u00eda de Sistemas; y <strong>Claudia Ruiz<\/strong>, de Sistemas de Instrumentos.<\/p>\n<p>La revisi\u00f3n concluy\u00f3 con <strong>resultado favorable<\/strong> por parte del panel revisor, en reconocimiento al s\u00f3lido trabajo llevado a cabo por los consorcios que conforman la suite de instrumentos de EST. Este nuevo hito marca el inicio de la siguiente fase de dise\u00f1o preliminar y consolida el avance de EST hacia su construcci\u00f3n en el <a href=\"https:\/\/www.iac.es\/es\/observatorios-de-canarias\/observatorio-del-roque-de-los-muchachos\" rel=\"nofollow noopener\" target=\"_blank\">Observatorio del Roque de los Muchachos<\/a>, en La Palma.<\/p>\n<p><img decoding=\"async\" data-entity-type=\"file\" data-entity-uuid=\"e4597937-e5c4-41db-8e16-00ed437fe567\" height=\"2773\" loading=\"lazy\" src=\"https:\/\/www.europesays.com\/es\/wp-content\/uploads\/2025\/11\/DSC03455_1.jpg\" width=\"4151\"\/><br \/>\nSesi\u00f3n de la Revisi\u00f3n del Dise\u00f1o Conceptual de la suite de instrumentos cient\u00edficos (SIS) del EST, celebrada en las instalaciones del IACTEC y el IAC<\/p>\n","protected":false},"excerpt":{"rendered":"El Telescopio Solar Europeo (EST) ha completado con \u00e9xito la revisi\u00f3n del dise\u00f1o conceptual (CoDR, Conceptual Design Review)&hellip;\n","protected":false},"author":2,"featured_media":241285,"comment_status":"","ping_status":"","sticky":false,"template":"","format":"standard","meta":{"footnotes":""},"categories":[81],"tags":[119,123,124,25,24,117,121,122,23,118,120],"class_list":{"0":"post-241284","1":"post","2":"type-post","3":"status-publish","4":"format-standard","5":"has-post-thumbnail","7":"category-ciencia-y-tecnologia","8":"tag-ciencia","9":"tag-ciencia-y-tecnologia","10":"tag-cienciaytecnologia","11":"tag-es","12":"tag-espana","13":"tag-science","14":"tag-science-and-technology","15":"tag-scienceandtechnology","16":"tag-spain","17":"tag-technology","18":"tag-tecnologia"},"share_on_mastodon":{"url":"https:\/\/pubeurope.com\/@es\/115566332458590353","error":""},"_links":{"self":[{"href":"https:\/\/www.europesays.com\/es\/wp-json\/wp\/v2\/posts\/241284","targetHints":{"allow":["GET"]}}],"collection":[{"href":"https:\/\/www.europesays.com\/es\/wp-json\/wp\/v2\/posts"}],"about":[{"href":"https:\/\/www.europesays.com\/es\/wp-json\/wp\/v2\/types\/post"}],"author":[{"embeddable":true,"href":"https:\/\/www.europesays.com\/es\/wp-json\/wp\/v2\/users\/2"}],"replies":[{"embeddable":true,"href":"https:\/\/www.europesays.com\/es\/wp-json\/wp\/v2\/comments?post=241284"}],"version-history":[{"count":0,"href":"https:\/\/www.europesays.com\/es\/wp-json\/wp\/v2\/posts\/241284\/revisions"}],"wp:featuredmedia":[{"embeddable":true,"href":"https:\/\/www.europesays.com\/es\/wp-json\/wp\/v2\/media\/241285"}],"wp:attachment":[{"href":"https:\/\/www.europesays.com\/es\/wp-json\/wp\/v2\/media?parent=241284"}],"wp:term":[{"taxonomy":"category","embeddable":true,"href":"https:\/\/www.europesays.com\/es\/wp-json\/wp\/v2\/categories?post=241284"},{"taxonomy":"post_tag","embeddable":true,"href":"https:\/\/www.europesays.com\/es\/wp-json\/wp\/v2\/tags?post=241284"}],"curies":[{"name":"wp","href":"https:\/\/api.w.org\/{rel}","templated":true}]}}