{"id":241286,"date":"2025-11-17T17:57:17","date_gmt":"2025-11-17T17:57:17","guid":{"rendered":"https:\/\/www.europesays.com\/es\/241286\/"},"modified":"2025-11-17T17:57:17","modified_gmt":"2025-11-17T17:57:17","slug":"el-precio-de-vivienda-en-venta-no-subiria-mas-de-lo-que-lo-hace-ahora-si-aumentaran-las-compras-destinadas-al-alquiler-2","status":"publish","type":"post","link":"https:\/\/www.europesays.com\/es\/241286\/","title":{"rendered":"El precio de vivienda en venta no subir\u00eda m\u00e1s de lo que lo hace ahora si aumentaran las compras destinadas al alquiler"},"content":{"rendered":"<p>El mercado inmobiliario espa\u00f1ol contin\u00faa bajo presi\u00f3n, y los precios alcanzan aumentos in\u00e9ditos en la \u00faltima d\u00e9cada. Los precios de venta y alquiler <a href=\"https:\/\/www.lideractual.es\/economia\/vivienda-en-maximos-nueve-capitales-baten-records-de-precio-en-2024_12199\" rel=\"nofollow noopener\" target=\"_blank\">alcanzan niveles hist\u00f3ricos<\/a>, mientras el parque residencial sigue sin satisfacer la demanda creciente. La escasez de oferta, la subida constante de arrendamientos y la falta de medidas estructurales generan un contexto de emergencia habitacional.<\/p>\n<p><strong>Gonzalo Bernardos<\/strong>, economista, profesor de la Universidad de Barcelona, muestra su preocupaci\u00f3n por la situaci\u00f3n del mercado inmobiliario espa\u00f1ol. \u00abEl precio de vivienda en venta no subir\u00eda m\u00e1s de lo que lo hace ahora si aumentaran las compras destinadas al alquiler\u00bb, advierte.\u00a0El experto tambi\u00e9n se\u00f1ala que muchas percepciones sobre los grandes tenedores son incorrectas: \u00abEstoy harto de las muchas mentiras sobre vivienda. Una de ellas es el gran porcentaje que tienen los grandes tenedores\u00bb.<\/p>\n<blockquote class=\"twitter-tweet\">\n<p dir=\"ltr\" lang=\"es\">El precio de vivienda en venta no subir\u00eda m\u00e1s de lo que lo hace ahora si aumentaran las compras destinadas al alquiler, pues la principal fuente de compradores actuales son los j\u00f3venes (menores de 40 a\u00f1os) que cambian el alquiler por la compra con la ayuda de sus padres (sigue)<\/p>\n<p>\u2014 Gonzalo Bernardos (@GonBernardos) <a href=\"https:\/\/twitter.com\/GonBernardos\/status\/1989782034013671809?ref_src=twsrc%5Etfw\" rel=\"nofollow noopener\" target=\"_blank\">November 15, 2025<\/a><\/p><\/blockquote>\n<p>La venta de propiedades limita el alquiler<\/p>\n<p>\u00abSeg\u00fan el catastro, solo tienen un 4,3%. El principal tenedor de viviendas es la Administraci\u00f3n, que al menos tiene un 1%\u00bb, subraya Bernardos. El economista a\u00f1ade que la <strong>participaci\u00f3n de grandes y peque\u00f1os tenedores <\/strong>podr\u00eda cambiar la din\u00e1mica del mercado: \u00abEstar\u00eda muy contento si los grandes y peque\u00f1os tenedores compraran much\u00edsimas viviendas y las destinaran al alquiler. Si as\u00ed fuera, en lugar de estar el importe del arrendamiento en un m\u00e1ximo hist\u00f3rico, estar\u00eda estancado o disminuyendo\u00bb.<\/p>\n<p>Bernardos atribuye la escasez de vivienda en <strong>alquiler a la venta de propiedades por parte de los actuales propietarios<\/strong>. El experto se\u00f1ala como causas la dificultad de desahuciar a inquilinos vulnerables, la inseguridad jur\u00eddica generada por pol\u00edticas gubernamentales y los controles de precios. \u00abMenos viviendas, m\u00e1s aumento del precio\u00bb, resume. Para el economista, estas din\u00e1micas explican por qu\u00e9 los j\u00f3venes, con apoyo familiar, se ven obligados a optar por la compra en lugar del alquiler, intensificando la presi\u00f3n sobre el mercado.<\/p>\n<p>&#13;<img decoding=\"async\" src=\"https:\/\/www.europesays.com\/es\/wp-content\/uploads\/2025\/11\/luis-de-guindos-vicepresidente-del-banco-central-europeo-bce_abb320a8_251106124849_600x600.webp.webp\" alt=\"Luis de Guindos, vicepresidente del Banco Central Europeo (BCE)\" class=\"widget-article-image image lazyload\"\/>Subida r\u00e9cord de precios de venta<\/p>\n<p>Los datos confirman las tensiones advertidas por Bernardos. Seg\u00fan <a href=\"https:\/\/www.idealista.com\/news\/inmobiliario\/vivienda\/2025\/10\/02\/862286-el-precio-de-la-vivienda-usada-acelera-su-crecimiento-15-3-en-el-tercer-trimestre-y\" rel=\"nofollow noopener\" target=\"_blank\">un informe de Idealista<\/a>, el <strong>precio de la vivienda usada subi\u00f3 un 15,3% interanual <\/strong>en el tercer trimestre de 2025, alcanzando 2.517 euros por metro cuadrado, un r\u00e9cord hist\u00f3rico.<\/p>\n<p>Las subidas no han sido homog\u00e9neas. Teruel registra un incremento del 20,9%, Madrid del 21,7% y Valencia del 19,2%. Otras capitales muestran avances m\u00e1s moderados, como C\u00e1diz (2,5%) o Badajoz (2,8%). Nueve ciudades, incluyendo Palma, Bilbao, M\u00e1laga y Valencia, alcanzaron m\u00e1ximos hist\u00f3ricos.<\/p>\n<p>Alquileres en m\u00e1ximos hist\u00f3ricos<\/p>\n<p>Por otro lado, el estudio de Fotocasa revela que la subida del alquiler tampoco es uniforme. Las grandes capitales comienzan a moderar su crecimiento, mientras zonas rurales y menos pobladas registran incrementos de dos d\u00edgitos.\u00a0Catalu\u00f1a lidera con un 23,2%, seguida de Castilla-La Mancha (14,6%), Arag\u00f3n (13,5%) y Extremadura (12,8%). En t\u00e9rminos absolutos, Madrid (21,28 \u20ac\/m\u00b2), Catalu\u00f1a (20,12 \u20ac\/m\u00b2), Baleares (19,04 \u20ac\/m\u00b2) y Pa\u00eds Vasco (17,43 \u20ac\/m\u00b2) son las regiones m\u00e1s caras para alquilar, reflejando la presi\u00f3n sobre los hogares con ingresos medios.<\/p>\n<p>Bernardos tambi\u00e9n analiza la influencia de las pol\u00edticas actuales. Seg\u00fan el economista, desde la llegada de la democracia ning\u00fan gobierno hab\u00eda impulsado tanto la escalada de precios: \u00abDesde que lleg\u00f3 la democracia, nunca un gobierno como el actual ha hecho tanto para llevar el precio de la vivienda de compra y alquiler hasta el cielo. En los lugares con control de precios, el mercado negro vive una etapa dorada\u00bb. El experto sostiene que los controles de rentas y la inseguridad jur\u00eddica desincentivan la inversi\u00f3n en alquiler privado, limitando la oferta y manteniendo los arrendamientos en niveles hist\u00f3ricos.<\/p>\n<p>Desigualdad territorial y provincial<\/p>\n<p>Los informes de Idealista destacan que la presi\u00f3n sobre precios es desigual entre comunidades. Madrid, Andaluc\u00eda, Murcia, Cantabria y Comunitat Valenciana registran incrementos entre 16,9% y 21,7%, mientras que Extremadura, Navarra y Arag\u00f3n avanzan solo entre 1,7% y 3,7%.<\/p>\n<p>A nivel provincial, Baleares lidera los precios con 5.090 \u20ac\/m\u00b2, seguida de Madrid (4.343 \u20ac\/m\u00b2) y Guip\u00fazcoa (4.033 \u20ac\/m\u00b2). En el extremo opuesto, Ciudad Real (743 \u20ac\/m\u00b2), Ja\u00e9n (823 \u20ac\/m\u00b2) y Cuenca (842 \u20ac\/m\u00b2) ofrecen viviendas m\u00e1s accesibles.<\/p>\n<p>Soluci\u00f3n propuesta por Bernardos<\/p>\n<p>El economista plantea una medida concreta para intentar estabilizar el mercado inmobiliario: fomentar la adquisici\u00f3n de viviendas por parte de grandes y peque\u00f1os tenedores para destinarlas al alquiler. Seg\u00fan Bernardos, esta estrategia contribuir\u00eda a <strong>incrementar la oferta disponible de arrendamiento,<\/strong> aliviar la presi\u00f3n sobre los precios del alquiler y moderar la escalada de los precios de venta, que actualmente se encuentran en niveles hist\u00f3ricos.<\/p>\n<p>El experto advierte que, mientras estas medidas no se implementen, el mercado continuar\u00e1 caracterizado por una escasez estructural de vivienda, la especulaci\u00f3n y un encarecimiento sostenido, afectando principalmente a j\u00f3venes y familias con ingresos medios que buscan acceso a una vivienda asequible. Bernardos subraya que solo un aumento real en la inversi\u00f3n privada destinada al alquiler podr\u00e1 aliviar la presi\u00f3n sobre la demanda y equilibrar las din\u00e1micas del mercado.<\/p>\n<p>Puntos clave<\/p>\n<ul>\n<li>Gonzalo Bernardos advierte que la falta de compras de vivienda para alquiler presiona los precios de venta y arrendamiento.<\/li>\n<li>Seg\u00fan Bernardos, solo un 4,3% de las viviendas pertenece a grandes tenedores, mientras que la Administraci\u00f3n es el principal propietario con al menos un 1%.<\/li>\n<li>El precio medio del alquiler en Espa\u00f1a subi\u00f3 un 13,5% interanual en octubre<\/li>\n<li>La vivienda usada creci\u00f3 un 15,3% interanual en el tercer trimestre de 2025<\/li>\n<\/ul>\n<p> <script async src=\"https:\/\/platform.twitter.com\/widgets.js\" charset=\"utf-8\"><\/script><\/p>\n","protected":false},"excerpt":{"rendered":"El mercado inmobiliario espa\u00f1ol contin\u00faa bajo presi\u00f3n, y los precios alcanzan aumentos in\u00e9ditos en la \u00faltima d\u00e9cada. Los&hellip;\n","protected":false},"author":2,"featured_media":241287,"comment_status":"","ping_status":"","sticky":false,"template":"","format":"standard","meta":{"footnotes":""},"categories":[80],"tags":[82,95,94,25,24,23],"class_list":{"0":"post-241286","1":"post","2":"type-post","3":"status-publish","4":"format-standard","5":"has-post-thumbnail","7":"category-economia","8":"tag-business","9":"tag-economia","10":"tag-economy","11":"tag-es","12":"tag-espana","13":"tag-spain"},"share_on_mastodon":{"url":"https:\/\/pubeurope.com\/@es\/115566336342909207","error":""},"_links":{"self":[{"href":"https:\/\/www.europesays.com\/es\/wp-json\/wp\/v2\/posts\/241286","targetHints":{"allow":["GET"]}}],"collection":[{"href":"https:\/\/www.europesays.com\/es\/wp-json\/wp\/v2\/posts"}],"about":[{"href":"https:\/\/www.europesays.com\/es\/wp-json\/wp\/v2\/types\/post"}],"author":[{"embeddable":true,"href":"https:\/\/www.europesays.com\/es\/wp-json\/wp\/v2\/users\/2"}],"replies":[{"embeddable":true,"href":"https:\/\/www.europesays.com\/es\/wp-json\/wp\/v2\/comments?post=241286"}],"version-history":[{"count":0,"href":"https:\/\/www.europesays.com\/es\/wp-json\/wp\/v2\/posts\/241286\/revisions"}],"wp:featuredmedia":[{"embeddable":true,"href":"https:\/\/www.europesays.com\/es\/wp-json\/wp\/v2\/media\/241287"}],"wp:attachment":[{"href":"https:\/\/www.europesays.com\/es\/wp-json\/wp\/v2\/media?parent=241286"}],"wp:term":[{"taxonomy":"category","embeddable":true,"href":"https:\/\/www.europesays.com\/es\/wp-json\/wp\/v2\/categories?post=241286"},{"taxonomy":"post_tag","embeddable":true,"href":"https:\/\/www.europesays.com\/es\/wp-json\/wp\/v2\/tags?post=241286"}],"curies":[{"name":"wp","href":"https:\/\/api.w.org\/{rel}","templated":true}]}}