{"id":241288,"date":"2025-11-17T17:58:13","date_gmt":"2025-11-17T17:58:13","guid":{"rendered":"https:\/\/www.europesays.com\/es\/241288\/"},"modified":"2025-11-17T17:58:13","modified_gmt":"2025-11-17T17:58:13","slug":"al-menos-32-muertos-por-derrumbe-en-mina-en-rd-congo-dw-16-11-2025","status":"publish","type":"post","link":"https:\/\/www.europesays.com\/es\/241288\/","title":{"rendered":"Al menos 32 muertos por derrumbe en mina en RD Congo \u2013 DW \u2013 16\/11\/2025"},"content":{"rendered":"<p>Al menos 32 mineros artesanales murieron en un derrumbe en una mina de cobalto en el sur de la Rep\u00fablica Democr\u00e1tica del Congo, indicaron fuentes gubernamentales este domingo (16.11.2025).<\/p>\n<p>El ministro regional del Interior, Roy Kaumba Mayonde, se\u00f1al\u00f3 que las operaciones de b\u00fasqueda \u00abcontin\u00faan\u00bb, tras el derrumbe de un puente que cruza un tramo inundado que delimita el sitio minero de Kalando, situado en la provincia de Lualaba.<\/p>\n<p>El responsable indic\u00f3 que el acceso a esa instalaci\u00f3n estaba prohibido \u00aba causa de las fuertes lluvias y los riesgos de derrumbe\u00bb, pero que \u00abmineros irregulares forzaron la entrada\u00bb de la cantera y el puente se derrumb\u00f3 a su paso.<\/p>\n<p>Un informe del organismo gubernamental que proporciona asistencia a cooperativas mineras (Saemape) indic\u00f3 este domingo que disparos de soldados en el lugar provocaron p\u00e1nico entre los mineros, quienes corrieron hacia el puente y se \u00abamontonaron unos sobre otros, causando heridos y muertos\u00bb tras la ca\u00edda de la estructura.<\/p>\n<p>Rep\u00fablica Democr\u00e1tica del Congo produce m\u00e1s de 70% del cobalto a escala mundial, un metal esencial para las bater\u00edas que se usan en electr\u00f3nica y en autom\u00f3viles el\u00e9ctricos.<\/p>\n<p>La mayor parte del cobalto congole\u00f1o se extrae en unas gigantescas minas industriales y se calcula que m\u00e1s de 200.000 personas trabajan en sitios ilegales.<\/p>\n<p>rr afp\/ap<\/p>\n","protected":false},"excerpt":{"rendered":"Al menos 32 mineros artesanales murieron en un derrumbe en una mina de cobalto en el sur de&hellip;\n","protected":false},"author":2,"featured_media":241289,"comment_status":"","ping_status":"","sticky":false,"template":"","format":"standard","meta":{"footnotes":""},"categories":[42],"tags":[17,18,13,14,11,61,62,63,64,19,20,9,10,15,16,12,21,22,65,66,67],"class_list":{"0":"post-241288","1":"post","2":"type-post","3":"status-publish","4":"format-standard","5":"has-post-thumbnail","7":"category-internacional","8":"tag-breaking-news","9":"tag-breakingnews","10":"tag-featured-news","11":"tag-featurednews","12":"tag-headlines","13":"tag-internacional","14":"tag-international","15":"tag-international-news","16":"tag-internationalnews","17":"tag-latest-news","18":"tag-latestnews","19":"tag-news","20":"tag-noticias","21":"tag-noticias-destacadas","22":"tag-noticiasdestacadas","23":"tag-titulares","24":"tag-ultimas-noticias","25":"tag-ultimasnoticias","26":"tag-world","27":"tag-world-news","28":"tag-worldnews"},"share_on_mastodon":{"url":"https:\/\/pubeurope.com\/@es\/115566340471872907","error":""},"_links":{"self":[{"href":"https:\/\/www.europesays.com\/es\/wp-json\/wp\/v2\/posts\/241288","targetHints":{"allow":["GET"]}}],"collection":[{"href":"https:\/\/www.europesays.com\/es\/wp-json\/wp\/v2\/posts"}],"about":[{"href":"https:\/\/www.europesays.com\/es\/wp-json\/wp\/v2\/types\/post"}],"author":[{"embeddable":true,"href":"https:\/\/www.europesays.com\/es\/wp-json\/wp\/v2\/users\/2"}],"replies":[{"embeddable":true,"href":"https:\/\/www.europesays.com\/es\/wp-json\/wp\/v2\/comments?post=241288"}],"version-history":[{"count":0,"href":"https:\/\/www.europesays.com\/es\/wp-json\/wp\/v2\/posts\/241288\/revisions"}],"wp:featuredmedia":[{"embeddable":true,"href":"https:\/\/www.europesays.com\/es\/wp-json\/wp\/v2\/media\/241289"}],"wp:attachment":[{"href":"https:\/\/www.europesays.com\/es\/wp-json\/wp\/v2\/media?parent=241288"}],"wp:term":[{"taxonomy":"category","embeddable":true,"href":"https:\/\/www.europesays.com\/es\/wp-json\/wp\/v2\/categories?post=241288"},{"taxonomy":"post_tag","embeddable":true,"href":"https:\/\/www.europesays.com\/es\/wp-json\/wp\/v2\/tags?post=241288"}],"curies":[{"name":"wp","href":"https:\/\/api.w.org\/{rel}","templated":true}]}}