{"id":241290,"date":"2025-11-17T17:59:10","date_gmt":"2025-11-17T17:59:10","guid":{"rendered":"https:\/\/www.europesays.com\/es\/241290\/"},"modified":"2025-11-17T17:59:10","modified_gmt":"2025-11-17T17:59:10","slug":"hacienda-presentara-a-principios-de-2026-una-propuesta-de-reforma-del-sistema-de-financiacion-autonomica-economia","status":"publish","type":"post","link":"https:\/\/www.europesays.com\/es\/241290\/","title":{"rendered":"Hacienda presentar\u00e1 a principios de 2026 una propuesta de reforma del sistema de financiaci\u00f3n auton\u00f3mica | Econom\u00eda"},"content":{"rendered":"<p class=\"\">El Gobierno se ha comprometido a presentar entre enero y febrero del pr\u00f3ximo a\u00f1o un nuevo modelo de financiaci\u00f3n auton\u00f3mica a las comunidades. As\u00ed lo ha trasladado este lunes la ministra de Hacienda y vicepresidenta del Gobierno, Mar\u00eda Jes\u00fas Montero, a los consejeros auton\u00f3micos del ramo <a href=\"https:\/\/elpais.com\/espana\/2025-11-17\/maxima-tension-entre-el-gobierno-y-los-barones-del-pp-ante-la-negociacion-del-techo-de-gasto.html\" target=\"_self\" rel=\"nofollow noopener\" title=\"https:\/\/elpais.com\/espana\/2025-11-17\/maxima-tension-entre-el-gobierno-y-los-barones-del-pp-ante-la-negociacion-del-techo-de-gasto.html\">reunidos en el Consejo de Pol\u00edtica Fiscal y Financiera (CPFF). <\/a>La revisi\u00f3n del modelo lleva m\u00e1s de una d\u00e9cada pendiente y es una de las principales exigencias de las autonom\u00edas, que, sin embargo, se han mostrado esc\u00e9pticas ante el anuncio, quej\u00e1ndose de que la ministra no ha profundizado en los detalles ni ha convocado los grupos de trabajo, y que no ser\u00eda la primera vez que el Gobierno promete una reforma que despu\u00e9s se queda en saco roto.<\/p>\n<p class=\"\">\u201cEste Gobierno quiere reformar este modelo de financiaci\u00f3n y as\u00ed se lo hemos hecho saber a los consejeros de Hacienda\u201d, ha insistido Montero en la rueda de prensa posterior a la reuni\u00f3n. La ministra ha recordado que a finales de 2021 su departamento dio un paso en esta direcci\u00f3n y present\u00f3 una propuesta de reforma de una de las principales variables, <a href=\"https:\/\/elpais.com\/economia\/2025-05-27\/las-comunidades-y-hacienda-retoman-el-debate-sobre-el-peso-de-la-poblacion-ajustada-en-la-financiacion.html\" target=\"_self\" rel=\"nofollow noopener\" title=\"https:\/\/elpais.com\/economia\/2025-05-27\/las-comunidades-y-hacienda-retoman-el-debate-sobre-el-peso-de-la-poblacion-ajustada-en-la-financiacion.html\">la poblaci\u00f3n ajustada<\/a>, que finalmente no sali\u00f3 adelante por las \u201cposiciones de m\u00e1ximos\u201d de las autonom\u00edas. La vicepresidenta primera ha explicado que esta es una de las razones por las cuales el ministerio presentar\u00e1 ahora una propuesta completa, en lugar de ir modificando el modelo parte por parte. El objetivo es presentarla a comienzos de 2026 para negociar con las autonom\u00edas y los grupos y que eche a andar en 2027, aunque el Gobierno es <a href=\"https:\/\/elpais.com\/economia\/negocios\/2024-07-07\/el-sistema-de-financiacion-autonomica-reformar-desde-el-consenso.html\" target=\"_self\" rel=\"nofollow noopener\" title=\"https:\/\/elpais.com\/economia\/negocios\/2024-07-07\/el-sistema-de-financiacion-autonomica-reformar-desde-el-consenso.html\">consciente de las dificultades<\/a> de sacarla adelante en un Congreso en el que tiene minor\u00eda parlamentaria.<\/p>\n<p class=\"\">Montero ha avanzado cu\u00e1les ser\u00edan las \u201cvigas maestras\u201d <a href=\"https:\/\/elpais.com\/economia\/2025-02-07\/el-enesimo-intento-de-reformar-la-financiacion-autonomica-tras-10-anos-de-retraso.html\" target=\"_self\" rel=\"nofollow noopener\" title=\"https:\/\/elpais.com\/economia\/2025-02-07\/el-enesimo-intento-de-reformar-la-financiacion-autonomica-tras-10-anos-de-retraso.html\">del nuevo modelo<\/a>, adem\u00e1s de los principios de suficiencia y corresponsabilidad fiscal que ya existen. Bajo el nuevo esquema, ninguna comunidad saldr\u00eda perjudicada y todas contar\u00edan con recursos adicionales y suficientes para poder sufragar los servicios en los que tienen competencias, como la sanidad, la educaci\u00f3n, los servicios sociales o la dependencia. Esto se traduce en que irremediablemente tendr\u00eda que crecer la bolsa de recursos disponibles, lo que abre la puerta a la posibilidad de traspasar una mayor cuant\u00eda de la recaudaci\u00f3n de impuestos a los territorios.<\/p>\n<p class=\"\">El esquema, ha proseguido, ser\u00e1 aplicado a las 15 comunidades de r\u00e9gimen com\u00fan sin excepci\u00f3n, lo que \u201cno impedir\u00e1 tener en cuenta singularidades o particularidades territoriales\u201d, ha dicho <a href=\"https:\/\/elpais.com\/espana\/catalunya\/2025-10-03\/la-telarana-de-la-financiacion-singular-deja-en-suspenso-la-politica-catalana.html\" target=\"_self\" rel=\"nofollow noopener\" title=\"https:\/\/elpais.com\/espana\/catalunya\/2025-10-03\/la-telarana-de-la-financiacion-singular-deja-en-suspenso-la-politica-catalana.html\">en un claro gui\u00f1o a Catalu\u00f1a<\/a>. Por eso se abordar\u00e1n determinadas materias de manera bilateral \u201csin que compita con los recursos del resto de comunidades\u201d, ha avanzado sin querer dar m\u00e1s detalle: \u201cComprender\u00e1n a qu\u00e9 nos referimos cuando presentemos el modelo\u201d.<\/p>\n<p class=\"\">Adem\u00e1s de esto, el sistema promete reducir las diferencias por habitante ajustado. <a href=\"https:\/\/elpais.com\/economia\/2025-08-06\/la-brecha-de-financiacion-entre-comunidades-bate-un-nuevo-record-despues-de-tres-anos-al-alza.html\" target=\"_self\" rel=\"nofollow noopener\" title=\"https:\/\/elpais.com\/economia\/2025-08-06\/la-brecha-de-financiacion-entre-comunidades-bate-un-nuevo-record-despues-de-tres-anos-al-alza.html\">La brecha actual entre la comunidad mejor y peor financiada (Cantabria y Murcia, respectivamente), <\/a>que ahora asciende a 1.005 euros por habitante y que \u201cno est\u00e1 justificada\u201d, se reducir\u00e1. \u201cUno de los objetivos es aplanar esta diferencia entre la m\u00e1s y la menos\u201d, ha insistido. Montero tambi\u00e9n ha confirmado que se avanzar\u00e1 en el despliegue de un nuevo modelo en red entre las comunidades y la Agencia Tributaria y que se <a href=\"https:\/\/elpais.com\/economia\/2025-10-24\/hacienda-plantea-un-cambio-sustancial-en-la-financiacion-autonomica-al-ofrecer-pagos-inmediatos-a-las-comunidades.html\" target=\"_self\" rel=\"nofollow noopener\" title=\"https:\/\/elpais.com\/economia\/2025-10-24\/hacienda-plantea-un-cambio-sustancial-en-la-financiacion-autonomica-al-ofrecer-pagos-inmediatos-a-las-comunidades.html\">estudia poner fin al esquema de entregas a cuenta<\/a>.<\/p>\n<p class=\"\">La vicepresidenta ha sugerido tambi\u00e9n, aunque con prudencia porque los trabajos tienen que avanzar y concretarse, que el nuevo modelo de financiaci\u00f3n podr\u00eda incluir frenos a las bajadas fiscales de determinadas comunidades que, a su juicio, practican dumping fiscal. \u201cSoy partidaria de que se contemplen estos desincentivos, pero es algo que tenemos que discutir con las comunidades\u201d. La titular de Hacienda ha criticado que algunos gobiernos regionales bajen impuestos y pierdan recaudaci\u00f3n mientras, a la vez, piden m\u00e1s recursos a la Administraci\u00f3n Central. \u201cLa relaci\u00f3n del Gobierno de Espa\u00f1a con las comunidades aut\u00f3nomas no puede fundamentar en que es gratis pedir y reprochable no dar\u201d, ha reflexionado.<\/p>\n<p class=\"\">Los consejeros del PP, que son mayor\u00eda \u2014representan 12 comunidades y las ciudades aut\u00f3nomas de Ceuta y Melilla\u2014, temen que el anuncio de la ministra sea un brindis al sol y que la eventual propuesta de reforma sea al dictado de las exigencias de los partidos independentistas con los cuales el Gobierno ha negociado la financiaci\u00f3n singular de Catalu\u00f1a. \u201cLos independentistas que quieren irse de Espa\u00f1a son los que est\u00e1n negociando el modelo para el resto de Espa\u00f1a\u201d, ha lanzado la consejera de Hacienda andaluza, Carolina Espa\u00f1a, al salir de la reuni\u00f3n. \u201cHoy [Montero] dice que va a presentar el modelo completo. En ese sentido, la valoraci\u00f3n es positiva. Pero no dice nada, salvo que va a reconocer las singularidades y el tratamiento bilateral, y no nos ha aclarado nada m\u00e1s a este respecto\u201d, ha a\u00f1adido su hom\u00f3loga extreme\u00f1a, Elena Manzano.<\/p>\n<p class=\"\">Tambi\u00e9n Juan Alfonso Ruiz Molina, consejero de Hacienda de Castilla-La Mancha, gobernada por el PSOE \u2014aunque cr\u00edtico con el Gobierno central\u2014, se ha mostrado esc\u00e9ptico hacia el anuncio de reforma del sistema y sobre todo en referencia a los cortos tiempos en los que el ministerio ha asegurado que lo presentar\u00e1 a las comunidades. \u201cLa financiaci\u00f3n auton\u00f3mica es el producto del reparto de la riqueza nacional y debe garantizar que todas tengan los recursos suficientes\u201d, ha apuntado.<\/p>\n<p class=\"\">Solo Alicia Romero, consejera de Hacienda en Catalu\u00f1a por el PSC, ha mostrado su satisfacci\u00f3n al abandonar el encuentro: \u201cHabr\u00e1 que esperar a la presentaci\u00f3n, pero de entrada suena bien y se alinea con lo que quiere Catalu\u00f1a y con lo que se pact\u00f3 en la reuni\u00f3n bilateral de julio\u201d.<\/p>\n<p>Reparto del d\u00e9ficit <\/p>\n<p class=\"\">Montero tambi\u00e9n ha comunicado a las comunidades <a href=\"https:\/\/elpais.com\/economia\/2025-11-17\/el-gobierno-ofrece-a-las-comunidades-un-deficit-del-01-entre-2026-y-2028.html\" target=\"_self\" rel=\"nofollow noopener\" title=\"https:\/\/elpais.com\/economia\/2025-11-17\/el-gobierno-ofrece-a-las-comunidades-un-deficit-del-01-entre-2026-y-2028.html\">el objetivo de d\u00e9ficit para el periodo 2026-2028, de un 0,1% del PIB para cada ejercicio, <\/a>una meta que elevar\u00eda el margen de gasto de los Gobiernos auton\u00f3micos en unos 5.500 millones. La propuesta ha recibido los votos suficientes para salir adelante, puesto que solo necesita el apoyo del ministerio y una comunidad m\u00e1s, pero la mayor\u00eda de los consejeros, del PP, ha votado en contra. Para Montero, la negativa de estos territorios solo puede entenderse a partir de una orden directa de la calle G\u00e9nova, puesto que \u201cno tiene sentido que los territorios voten en contra de sus intereses\u201d. Ante la posibilidad de que la senda no obtenga luz verde en el Congreso, como sucedi\u00f3 el a\u00f1o pasado, Montero ha asegurado que regir\u00edan los objetivos recogidos en el Plan Estructural que se plante\u00f3 a la Comisi\u00f3n Europea, con equilibrio para las autonom\u00edas.<\/p>\n<p class=\"\">Ya antes del inicio del encuentro, los consejeros auton\u00f3micos del PP, que gobierna en 11 de las 15 autonom\u00edas de r\u00e9gimen com\u00fan \u2014tambi\u00e9n ocupan la consejer\u00eda de Hacienda de Canarias y de las ciudades aut\u00f3nomas de Ceuta y Melilla\u2014, hab\u00edan lamentado que la convocatoria del ministerio llega tarde y mal, puesto que han tenido que dise\u00f1ar sus presupuestos a ciegas, sin conocer los objetivos presupuestarios. Tambi\u00e9n lamentaron que no necesitan endeudarse m\u00e1s, sino un nuevo sistema de financiaci\u00f3n lo antes posible. Varias de ellas, sobre todo las infrafinanciadas, cargaron contra el reparto del desequilibrio entre los subsectores de la Administraci\u00f3n (la Central, las comunidades, las entidades locales y la Seguridad Social) y reclamaron m\u00e1s margen.<\/p>\n<p class=\"\">Montero, sin embargo, ha explicado que el objetivo de d\u00e9ficit para la Administraci\u00f3n General del Estado (AGE) ser\u00e1 del 1,8% en 2026, del 1,5% en 2027 y del 1,4% en 2028. De esos 1,8 puntos, ha matizado, 1,4 son transferencias a la Seguridad Social. \u201cCuando algunas comunidades hablan de asimetr\u00eda hay que tener en cuenta que del aparente objetivo de la AGE, 1,4 puntos son de Seguridad Social\u201d. Eso, junto con la transferencia a las comunidades de la recaudaci\u00f3n del impuesto a la banca \u2015que suma una d\u00e9cima\u2015 hace que la Administraci\u00f3n Central tenga solo un margen del 0,3%, ha insistido la vicepresidenta.<\/p>\n<p class=\"\">El Ministerio de Hacienda tambi\u00e9n ha actualizado, al alza, el importe de las entregas a cuenta para 2026. Se trata de los recursos que las autonom\u00edas reciben del sistema de financiaci\u00f3n por adelantado, en funci\u00f3n de las previsiones de crecimiento econ\u00f3mico y de la recaudaci\u00f3n fiscal. El pasado julio, el departamento encabezado por Montero <a href=\"https:\/\/elpais.com\/economia\/2025-07-30\/hacienda-anuncia-por-carta-a-las-comunidades-y-por-redes-sociales-las-entregas-a-cuenta-de-2026.html\" rel=\"nofollow noopener\" title=\"https:\/\/elpais.com\/economia\/2025-07-30\/hacienda-anuncia-por-carta-a-las-comunidades-y-por-redes-sociales-las-entregas-a-cuenta-de-2026.html\" target=\"_blank\">anunci\u00f3 por carta que los gobiernos auton\u00f3micos recibir\u00edan 156.990 millones <\/a>de euros por este concepto, que ahora eleva hasta los 157.731 millones, el mayor importe de la historia y un 7% superior al de este a\u00f1o.<\/p>\n<p class=\"\">La revisi\u00f3n ha sido posible gracias a la buena din\u00e1mica de la econom\u00eda, seg\u00fan ha explicado Montero en la rueda de prensa posterior al CPFF. De hecho, el Gobierno <a href=\"https:\/\/elpais.com\/economia\/2025-11-17\/el-gobierno-incluira-por-primera-vez-metas-de-reduccion-de-pobreza-y-desigualdad-en-el-cuadro-macroeconomico.html\" rel=\"nofollow noopener\" title=\"https:\/\/elpais.com\/economia\/2025-11-17\/el-gobierno-incluira-por-primera-vez-metas-de-reduccion-de-pobreza-y-desigualdad-en-el-cuadro-macroeconomico.html\" target=\"_blank\">actualizar\u00e1 ma\u00f1ana sus previsiones de crecimiento para este a\u00f1o,<\/a> del 2,7% al 2,9%. Si a la cifra de las entregas a cuenta se le suma la previsi\u00f3n de liquidaci\u00f3n de 2024, la financiaci\u00f3n total para las comunidades en 2026 ser\u00e1 de 170.300 millones, un 7,7% m\u00e1s que el ejercicio en curso.<\/p>\n","protected":false},"excerpt":{"rendered":"El Gobierno se ha comprometido a presentar entre enero y febrero del pr\u00f3ximo a\u00f1o un nuevo modelo de&hellip;\n","protected":false},"author":2,"featured_media":241291,"comment_status":"","ping_status":"","sticky":false,"template":"","format":"standard","meta":{"footnotes":""},"categories":[8],"tags":[17,18,6322,58856,14636,32279,25014,95,25,24,13,14,14635,11,19,20,763,9,10,15,16,23,12,21,22],"class_list":{"0":"post-241290","1":"post","2":"type-post","3":"status-publish","4":"format-standard","5":"has-post-thumbnail","7":"category-espana","8":"tag-breaking-news","9":"tag-breakingnews","10":"tag-comunidades-autonomas","11":"tag-condonacion-deuda","12":"tag-consejo-politica-fiscal","13":"tag-deficit-publico","14":"tag-deuda-publica","15":"tag-economia","16":"tag-es","17":"tag-espana","18":"tag-featured-news","19":"tag-featurednews","20":"tag-financiacion-autonomica","21":"tag-headlines","22":"tag-latest-news","23":"tag-latestnews","24":"tag-ministerio-de-hacienda","25":"tag-news","26":"tag-noticias","27":"tag-noticias-destacadas","28":"tag-noticiasdestacadas","29":"tag-spain","30":"tag-titulares","31":"tag-ultimas-noticias","32":"tag-ultimasnoticias"},"share_on_mastodon":{"url":"https:\/\/pubeurope.com\/@es\/115566343830301493","error":""},"_links":{"self":[{"href":"https:\/\/www.europesays.com\/es\/wp-json\/wp\/v2\/posts\/241290","targetHints":{"allow":["GET"]}}],"collection":[{"href":"https:\/\/www.europesays.com\/es\/wp-json\/wp\/v2\/posts"}],"about":[{"href":"https:\/\/www.europesays.com\/es\/wp-json\/wp\/v2\/types\/post"}],"author":[{"embeddable":true,"href":"https:\/\/www.europesays.com\/es\/wp-json\/wp\/v2\/users\/2"}],"replies":[{"embeddable":true,"href":"https:\/\/www.europesays.com\/es\/wp-json\/wp\/v2\/comments?post=241290"}],"version-history":[{"count":0,"href":"https:\/\/www.europesays.com\/es\/wp-json\/wp\/v2\/posts\/241290\/revisions"}],"wp:featuredmedia":[{"embeddable":true,"href":"https:\/\/www.europesays.com\/es\/wp-json\/wp\/v2\/media\/241291"}],"wp:attachment":[{"href":"https:\/\/www.europesays.com\/es\/wp-json\/wp\/v2\/media?parent=241290"}],"wp:term":[{"taxonomy":"category","embeddable":true,"href":"https:\/\/www.europesays.com\/es\/wp-json\/wp\/v2\/categories?post=241290"},{"taxonomy":"post_tag","embeddable":true,"href":"https:\/\/www.europesays.com\/es\/wp-json\/wp\/v2\/tags?post=241290"}],"curies":[{"name":"wp","href":"https:\/\/api.w.org\/{rel}","templated":true}]}}