{"id":241292,"date":"2025-11-17T18:05:16","date_gmt":"2025-11-17T18:05:16","guid":{"rendered":"https:\/\/www.europesays.com\/es\/241292\/"},"modified":"2025-11-17T18:05:16","modified_gmt":"2025-11-17T18:05:16","slug":"sientes-lastima-por-el-no-tiene-un-plan-zverev-recibe-la-dura-critica-de-una-leyenda-por-su-nivel","status":"publish","type":"post","link":"https:\/\/www.europesays.com\/es\/241292\/","title":{"rendered":"\u00abSientes l\u00e1stima por \u00e9l, no tiene un plan\u00bb: Zverev recibe la dura cr\u00edtica de una leyenda por su nivel"},"content":{"rendered":"<p><a href=\"https:\/\/www.espn.com.ar\/tenis\/nota\/_\/id\/15960729\/alexander-zverev-ya-piensa-en-argentina-pero-fue-critico-con-la-copa-davis-atp-finals\" target=\"_blank\" rel=\"nofollow noopener\"><strong>Alexander Zverev<\/strong><\/a> est\u00e1 en el foco de la escena: es el actual <strong>n\u00famero 3 del mundo del tenis<\/strong>, pero parece lejos de lo que muestran <strong><a href=\"https:\/\/www.espn.com.ar\/tenis\/nota\/_\/id\/15961903\/alcaraz-tuvo-un-nivel-superlativo-apabullo-a-auger-aliassime-y-lo-espera-sinner-en-la-final-de-las-atp-finals-2025-resultado\" target=\"_blank\" rel=\"nofollow noopener\">Carlos Alcaraz (1\u00ba)<\/a> y <a href=\"https:\/\/www.espn.com.ar\/tenis\/nota\/_\/id\/15958444\/esto-es-una-motivacion-para-el-ano-que-viene-sinner-sus-sensaciones-tras-perder-el-numero-1-con-alcaraz-atp-finals-declaraciones\" target=\"_blank\" rel=\"nofollow noopener\">Jannik Sinner (2\u00ba)<\/a><\/strong>, los dominadores del circuito y que se repartieron los t\u00edtulos grandes de la temporada. Tras la temprana eliminaci\u00f3n del alem\u00e1n en el <a href=\"https:\/\/www.espn.com.ar\/tenis\/nota\/_\/id\/15935777\/atp-finals-2025-resultados-y-posiciones-alcaraz-sinner\" target=\"_blank\" rel=\"nofollow noopener\"><strong>ATP Finals 2025 en Tur\u00edn<\/strong><\/a>, las cr\u00edticas no tardaron en llegar.<\/p>\n<p><img class=\" lazyload lazyload\" data-image-container=\".inline-photo\" height=\"320\" width=\"570\"\/>Alexander Zverev\u00a0Shi Tang\/Getty Images<\/p>\n<p>El extenista brit\u00e1nico Tim Henman fue categ\u00f3rico:<strong> \u201cNo le veo un plan en la cancha\u201d.<\/strong> Luego de la ca\u00edda ante el canadiense <a href=\"https:\/\/www.espn.com.ar\/tenis\/nota\/_\/id\/15958949\/auger-aliassime-dio-el-golpe-en-las-atp-finals-2025-elimino-a-zverev-se-metio-en-semis-jugara-con-alcaraz-resultado\" target=\"_blank\" rel=\"nofollow noopener\"><strong>Felix Auger-Aliassime por 6-4 y 7-6<\/strong><\/a>, el cuatro veces semifinales de Wimbledon reconoci\u00f3 que el saque de Sascha \u00abes fenomenal y le permite mantenerse en estos partidos\u201d, pero a\u00f1adi\u00f3 que<strong> \u201cdesde el fondo de la cancha, su derecha se ve vulnerable, es muy reactivo, retrocede\u201d<\/strong>.<\/p>\n<p>En su an\u00e1lisis en Sky Sports, Henman sostuvo que esa falta de estructura t\u00e1ctica se repite en sus \u00faltimos encuentros: \u201cEstaba creando algunas oportunidades, pero simplemente no encontraba la manera de aprovecharlas\u201d. Una de las claves radica en c\u00f3mo Zverev afronta los puntos: \u201c<strong>Una opci\u00f3n habitual a la que suele recurrir es dar un paso hacia atr\u00e1s y esperar que sean sus oponentes los que cometan los errores<\/strong>\u201d. Y enseguida advierte: \u201cEl problema es que a estos niveles no puedes hacer esto porque lo normal es que te superen\u201d.<\/p>\n<p>Relacionado<\/p>\n<ul>\n<li><a name=\"&amp;lpos=story:editorspicks:inline:1\" href=\"https:\/\/www.espn.com.ar\/tenis\/nota\/_\/id\/15961514\/sinner-sigue-haciendo-historia-atp-finals-2025-la-marca-nunca-vista-que-alcanzo-en-las-semifinales-de-minaur\" class=\"img-link\" rel=\"nofollow noopener\" target=\"_blank\"><img loading=\"lazy\" decoding=\"async\" src=\"https:\/\/www.europesays.com\/es\/wp-content\/uploads\/2025\/11\/r1575854_1296x1296_1-1.jpg&#038;w=130&#038;h=130&#038;scale=crop&#038;location=center.jpeg\" width=\"65\" height=\"65\"\/><\/a><\/li>\n<li><a name=\"&amp;lpos=story:editorspicks:inline:2\" href=\"https:\/\/www.espn.com.ar\/tenis\/nota\/_\/id\/15935777\/atp-finals-2025-resultados-y-posiciones-alcaraz-sinner\" class=\"img-link\" rel=\"nofollow noopener\" target=\"_blank\"><img loading=\"lazy\" decoding=\"async\" src=\"https:\/\/www.europesays.com\/es\/wp-content\/uploads\/2025\/11\/r1572955_1296x1296_1-1.jpg&#038;w=130&#038;h=130&#038;scale=crop&#038;location=center.jpeg\" width=\"65\" height=\"65\"\/><\/a><\/li>\n<\/ul>\n<p>1 Relacionado<\/p>\n<p>La inconsistencia del alem\u00e1n se hizo evidente a lo largo del a\u00f1o. Aunque arranc\u00f3 2025 con una <strong>final en el Abierto de Australia<\/strong> \u2014ca\u00eddo ante Jannik Sinner\u2014 y se llev\u00f3 el <strong>ATP 500 de M\u00fanich<\/strong>, su rendimiento decay\u00f3 en los siguientes majors: <strong>cuartos en Roland Garros<\/strong>, eliminaci\u00f3n en <strong>primera ronda en Wimbledon<\/strong> y derrota en <strong>tercera del US Open<\/strong>. En Tur\u00edn, ni siquiera logr\u00f3 superar la ronda inicial.<\/p>\n<p>El brit\u00e1nico, ganador de 10 t\u00edtulos en el circuito, tambi\u00e9n cuestion\u00f3 el entorno del germano, donde su padre Aleksandr y su hermano Mischa han mantenido un papel central a pesar del paso de entrenadores como<strong> Ferrero, Ferrer, Bruguera o Lendl<\/strong>. \u201cLa verdad, no s\u00e9 qu\u00e9 influencia tendr\u00e1n su padre y su hermano a la hora de dise\u00f1ar su estrategia de juego, pero es evidente que<strong> necesita nuevos impulsos a estas alturas de su carrera<\/strong>\u201d, se\u00f1al\u00f3 el comentarista.<\/p>\n<p>La temporada cierra con m\u00e1s dudas que certezas. Hace s\u00f3lo 12 meses, Henman dec\u00eda creer que Zverev ten\u00eda opciones reales de ganar un Grand Slam. Hoy, su diagn\u00f3stico es distinto: \u201c<strong>Sientes l\u00e1stima por Zverev<\/strong>. Creo que ha tenido 11 oportunidades de quiebre en sus \u00faltimos dos partidos y no ha logrado quebrar el servicio\u201d.<\/p>\n<p><strong>Toda la actividad de las ATP Finals puede seguirse EN VIVO, y en exclusiva, por las pantallas de ESPN y Disney+ Plan Premium.<\/strong><\/p>\n","protected":false},"excerpt":{"rendered":"Alexander Zverev est\u00e1 en el foco de la escena: es el actual n\u00famero 3 del mundo del tenis,&hellip;\n","protected":false},"author":2,"featured_media":241293,"comment_status":"","ping_status":"","sticky":false,"template":"","format":"standard","meta":{"footnotes":""},"categories":[274],"tags":[168,25,24,23,167,327,326],"class_list":{"0":"post-241292","1":"post","2":"type-post","3":"status-publish","4":"format-standard","5":"has-post-thumbnail","7":"category-tenis","8":"tag-deportes","9":"tag-es","10":"tag-espana","11":"tag-spain","12":"tag-sports","13":"tag-tenis","14":"tag-tennis"},"share_on_mastodon":{"url":"https:\/\/pubeurope.com\/@es\/115566367792408263","error":""},"_links":{"self":[{"href":"https:\/\/www.europesays.com\/es\/wp-json\/wp\/v2\/posts\/241292","targetHints":{"allow":["GET"]}}],"collection":[{"href":"https:\/\/www.europesays.com\/es\/wp-json\/wp\/v2\/posts"}],"about":[{"href":"https:\/\/www.europesays.com\/es\/wp-json\/wp\/v2\/types\/post"}],"author":[{"embeddable":true,"href":"https:\/\/www.europesays.com\/es\/wp-json\/wp\/v2\/users\/2"}],"replies":[{"embeddable":true,"href":"https:\/\/www.europesays.com\/es\/wp-json\/wp\/v2\/comments?post=241292"}],"version-history":[{"count":0,"href":"https:\/\/www.europesays.com\/es\/wp-json\/wp\/v2\/posts\/241292\/revisions"}],"wp:featuredmedia":[{"embeddable":true,"href":"https:\/\/www.europesays.com\/es\/wp-json\/wp\/v2\/media\/241293"}],"wp:attachment":[{"href":"https:\/\/www.europesays.com\/es\/wp-json\/wp\/v2\/media?parent=241292"}],"wp:term":[{"taxonomy":"category","embeddable":true,"href":"https:\/\/www.europesays.com\/es\/wp-json\/wp\/v2\/categories?post=241292"},{"taxonomy":"post_tag","embeddable":true,"href":"https:\/\/www.europesays.com\/es\/wp-json\/wp\/v2\/tags?post=241292"}],"curies":[{"name":"wp","href":"https:\/\/api.w.org\/{rel}","templated":true}]}}