{"id":241296,"date":"2025-11-17T18:08:12","date_gmt":"2025-11-17T18:08:12","guid":{"rendered":"https:\/\/www.europesays.com\/es\/241296\/"},"modified":"2025-11-17T18:08:12","modified_gmt":"2025-11-17T18:08:12","slug":"mike-james-vuelve-a-dar-la-nota-en-francia","status":"publish","type":"post","link":"https:\/\/www.europesays.com\/es\/241296\/","title":{"rendered":"Mike James vuelve a dar la nota en Francia"},"content":{"rendered":"<p>\n        <strong>Mike James<\/strong>, d\u00edscolo y temperamental donde los haya tanto dentro como fuera de la cancha, <strong>ha vuelto a dar la nota en la \u00faltima jornada de la Liga francesa<\/strong>, en la que el M\u00f3naco se impuso al Le Mans a domicilio por 84-93.\n<\/p>\n<p class=\"article-body__text \">\n        A falta de poco m\u00e1s de tres minutos para la conclusi\u00f3n del encuentro, y con la victoria decantada con claridad hacia el conjunto del Principado,<strong> una posible falta de Johnny Berhanemeskel que no fue se\u00f1alizada por los \u00e1rbitros<\/strong> <strong>al invadir el cilindro de tiro<\/strong>, desencaden\u00f3 la furia del base estadounidense.\n<\/p>\n<blockquote class=\"twitter-tweet\" data-lang=\"es\" wp_automatic_readability=\"8.2893258426966\">\n<p lang=\"en\" dir=\"ltr\">Tension at Antares! \ud83d\udc40<\/p>\n<p>With Monaco up 86\u201375, Mike James didn\u2019t get a foul call, snapped at the ref and had to be held back by teammates \ud83d\ude33<\/p>\n<p>He was eventually ejected.<\/p>\n<p>Via: <a href=\"https:\/\/twitter.com\/lequipe?ref_src=twsrc%5Etfw\" rel=\"nofollow noopener\" target=\"_blank\">@lequipe<\/a> <a href=\"https:\/\/twitter.com\/hashtag\/mikejames?src=hash&amp;ref_src=twsrc%5Etfw\" rel=\"nofollow noopener\" target=\"_blank\">#mikejames<\/a> <a href=\"https:\/\/twitter.com\/hashtag\/monaco?src=hash&amp;ref_src=twsrc%5Etfw\" rel=\"nofollow noopener\" target=\"_blank\">#monaco<\/a> <a href=\"https:\/\/twitter.com\/hashtag\/euroleague?src=hash&amp;ref_src=twsrc%5Etfw\" rel=\"nofollow noopener\" target=\"_blank\">#euroleague<\/a> <a href=\"https:\/\/twitter.com\/hashtag\/france?src=hash&amp;ref_src=twsrc%5Etfw\" rel=\"nofollow noopener\" target=\"_blank\">#france<\/a> <a href=\"https:\/\/twitter.com\/hashtag\/basketball?src=hash&amp;ref_src=twsrc%5Etfw\" rel=\"nofollow noopener\" target=\"_blank\">#basketball<\/a> <a href=\"https:\/\/twitter.com\/hashtag\/lemans?src=hash&amp;ref_src=twsrc%5Etfw\" rel=\"nofollow noopener\" target=\"_blank\">#lemans<\/a> <a href=\"https:\/\/twitter.com\/hashtag\/olympiacosbc?src=hash&amp;ref_src=twsrc%5Etfw\" rel=\"nofollow noopener\" target=\"_blank\">#olympiacosbc<\/a> <a href=\"https:\/\/twitter.com\/hashtag\/paobc?src=hash&amp;ref_src=twsrc%5Etfw\" rel=\"nofollow noopener\" target=\"_blank\">#paobc<\/a> <a href=\"https:\/\/t.co\/3s7stgWCIj\" rel=\"nofollow\">pic.twitter.com\/3s7stgWCIj<\/a><\/p>\n<p>\u2014 hoopsforthought.gr (@hoopsfthoughtgr) <a href=\"https:\/\/twitter.com\/hoopsfthoughtgr\/status\/1990199114823286967?ref_src=twsrc%5Etfw\" rel=\"nofollow noopener\" target=\"_blank\">16 de noviembre de 2025<\/a><\/p><\/blockquote>\n<p class=\"article-body__text \">\n        Tras una primera t\u00e9cnica por parte del \u00e1rbitro Yohan Rosso, recibi\u00f3 a rengl\u00f3n seguida la segunda debido a sus reiteradas protestas. Ello motiv\u00f3 su consiguiente expulsi\u00f3n, pero <strong>James trat\u00f3 de acercarse al colegiado franc\u00e9s entre fuertes descalificaciones que se percibieron con claridad<\/strong>.\n<\/p>\n<p class=\"article-body__text \">\n        Quien fuera base del Baskonia, que anot\u00f3 16 puntos en dicho partido, <strong>tuvo que ser incluso apartado por sus propios compa\u00f1eros como Begarin y Okobo<\/strong> para que la sangre no llegara al r\u00edo. Finalmente se march\u00f3 a los vestuarios entre la pitada generalizada de la afici\u00f3n local.\n<\/p>\n<p>            <a href=\"https:\/\/www.noticiasdealava.eus\/baskonia\/2025\/06\/04\/mike-james-vuelve-ojo-huracan-baskonia-9718271.html\" title=\"Mike James vuelve a estar en el ojo del hurac\u00e1n\" class=\"new__media\" rel=\"nofollow noopener\" target=\"_blank\"><\/p>\n<p>                <img alt=\"Mike James vuelve a estar en el ojo del hurac\u00e1n\" data-src=\"https:\/\/estaticosgn-cdn.deia.eus\/clip\/851f12a9-e4a8-4fa6-aaa8-133697b0caa3_16-9-aspect-ratio_default_0.\" class=\"lozad\"\/><\/p>\n<p>        <\/a><\/p>\n<p>        <a href=\"https:\/\/www.noticiasdealava.eus\/baskonia\/2025\/06\/04\/mike-james-vuelve-ojo-huracan-baskonia-9718271.html\" title=\"Mike James vuelve a estar en el ojo del hurac\u00e1n\" class=\"new__headline\" rel=\"nofollow noopener\" target=\"_blank\"><br \/>\n            Mike James vuelve a estar en el ojo del hurac\u00e1n<br \/>\n        <\/a><\/p>\n<p class=\"article-body__text \">\n        Es posible que <strong>dicho comportamiento desemboque en una sanci\u00f3n ejemplar por parte de la Federaci\u00f3n francesa<\/strong>. En el caso de James, llueve sobre mojado porque tiende a descargar su ira sobre los \u00e1rbitros cuando las cosas no le van bien.\n<\/p>\n<p class=\"article-body__text \">\n        Tras la expulsi\u00f3n, <strong>James expres\u00f3 su frustraci\u00f3n en su cuenta de X<\/strong>, denunciando lo que consider\u00f3 una falta claramente antideportiva. <strong>\u00ab\u00a1Antideportiva! \u00bfPero qu\u00e9 pasa si me lesiono?\u00bb<\/strong>, public\u00f3 un contrariado James.\n<\/p>\n<p>            <script async src=\"https:\/\/platform.twitter.com\/widgets.js\" charset=\"utf-8\"><\/script><\/p>\n","protected":false},"excerpt":{"rendered":"Mike James, d\u00edscolo y temperamental donde los haya tanto dentro como fuera de la cancha, ha vuelto a&hellip;\n","protected":false},"author":2,"featured_media":241297,"comment_status":"","ping_status":"","sticky":false,"template":"","format":"standard","meta":{"footnotes":""},"categories":[269],"tags":[299,298,4714,2527,168,25,24,13783,62090,17944,23,167,739],"class_list":{"0":"post-241296","1":"post","2":"type-post","3":"status-publish","4":"format-standard","5":"has-post-thumbnail","7":"category-baloncesto","8":"tag-baloncesto","9":"tag-basketball","10":"tag-baskonia","11":"tag-dar","12":"tag-deportes","13":"tag-es","14":"tag-espana","15":"tag-james","16":"tag-mike","17":"tag-nota","18":"tag-spain","19":"tag-sports","20":"tag-vuelve"},"share_on_mastodon":{"url":"https:\/\/pubeurope.com\/@es\/115566379556973990","error":""},"_links":{"self":[{"href":"https:\/\/www.europesays.com\/es\/wp-json\/wp\/v2\/posts\/241296","targetHints":{"allow":["GET"]}}],"collection":[{"href":"https:\/\/www.europesays.com\/es\/wp-json\/wp\/v2\/posts"}],"about":[{"href":"https:\/\/www.europesays.com\/es\/wp-json\/wp\/v2\/types\/post"}],"author":[{"embeddable":true,"href":"https:\/\/www.europesays.com\/es\/wp-json\/wp\/v2\/users\/2"}],"replies":[{"embeddable":true,"href":"https:\/\/www.europesays.com\/es\/wp-json\/wp\/v2\/comments?post=241296"}],"version-history":[{"count":0,"href":"https:\/\/www.europesays.com\/es\/wp-json\/wp\/v2\/posts\/241296\/revisions"}],"wp:featuredmedia":[{"embeddable":true,"href":"https:\/\/www.europesays.com\/es\/wp-json\/wp\/v2\/media\/241297"}],"wp:attachment":[{"href":"https:\/\/www.europesays.com\/es\/wp-json\/wp\/v2\/media?parent=241296"}],"wp:term":[{"taxonomy":"category","embeddable":true,"href":"https:\/\/www.europesays.com\/es\/wp-json\/wp\/v2\/categories?post=241296"},{"taxonomy":"post_tag","embeddable":true,"href":"https:\/\/www.europesays.com\/es\/wp-json\/wp\/v2\/tags?post=241296"}],"curies":[{"name":"wp","href":"https:\/\/api.w.org\/{rel}","templated":true}]}}