{"id":241300,"date":"2025-11-17T18:10:14","date_gmt":"2025-11-17T18:10:14","guid":{"rendered":"https:\/\/www.europesays.com\/es\/241300\/"},"modified":"2025-11-17T18:10:14","modified_gmt":"2025-11-17T18:10:14","slug":"salma-de-jordania-sorprende-al-mundo-y-se-convierte-en-el-mayor-apoyo-militar-de-su-padre-en-su-viaje-a-indonesia","status":"publish","type":"post","link":"https:\/\/www.europesays.com\/es\/241300\/","title":{"rendered":"Salma de Jordania sorprende al mundo y se convierte en el mayor apoyo militar de su padre en su viaje a Indonesia"},"content":{"rendered":"<p id=\"eOCl_Dkolg\" data-wc=\"56\">Tiene 25 a\u00f1os y es otra princesa que est\u00e1 despuntando. En lugar de ir a cenas de gala o actos protocolarios, la princesa<strong>\u00a0Salma de Jordania se ha convertido en el &#8216;arma secreta&#8217; de su padre, el rey Abdal\u00e1\u00a0<\/strong>que se la ha llevado por sorpresa a un viaje oficial a Indonesia, de marcado car\u00e1cter militar.\u00a0<\/p>\n<p> <img src=\"https:\/\/www.europesays.com\/es\/wp-content\/uploads\/2025\/11\/f25940829324-slama2.jpg\"   width=\"1024\" height=\"682\" loading=\"lazy\" decoding=\"async\" alt=\"La princesa Salma de Jordania junto a su padre, el rey Abdal\u00e1 \" fetchpriority=\"auto\" class=\"image ho-image\"\/>\u00a9 rhcjoLa Princesa es la primera mujer piloto de aviones militares de su pa\u00eds<\/p>\n<p id=\"eq7IVE4KJC\" data-wc=\"75\">Salma no ha necesitado ponerse el uniforme militar para demostrar sus dotes y su experiencia castrense. Enfundada en un\u00a0total black,\u00a0compuesto por pantalones, blusa, cintur\u00f3n, bolso y bailarinas de punta de tipo merceditas, <strong>la Princesa presenci\u00f3 un ejercicio militar con drones en Yakarta.\u00a0<\/strong>En esta exhibici\u00f3n participaron las Fuerzas Especiales Reales Rey Abdal\u00e1 II y sus hom\u00f3logos indonesios y el ejercicio se bas\u00f3 en la utilizaci\u00f3n de estas herramientas para apoyar las operaciones terrestres.\u00a0<\/p>\n<p> <img src=\"https:\/\/www.europesays.com\/es\/wp-content\/uploads\/2025\/11\/ada89e2b8bd3-salma3.jpg\"   width=\"1024\" height=\"819\" loading=\"lazy\" decoding=\"async\" alt=\"La princesa Salma de Jordania junto a su padre, el rey Abdal\u00e1 \" fetchpriority=\"auto\" class=\"image ho-image\"\/>\u00a9 rhcjoLa princesa Salma de Jordania junto a su padre, el rey Abdal\u00e1 <\/p>\n<p id=\"eVThn1RDxOe\" data-wc=\"71\">En el ejercicio, adem\u00e1s del Rey y la princesa Salma, tambi\u00e9n estuvo presente el pr\u00edncipe Ghazi bin Muhammad, primo hermano del monarca y uno de sus asesores de su m\u00e1xima confianza, muy respetado e influyente y consejero del Rey para Asuntos Religiosos y Culturales<a class=\"hm-link ho-link\" href=\"https:\/\/www.hola.com\/realeza\/20220903216405\/miriam-ungria-boda-sorpresa-ghazi-bin-muhammad\/\" data-mrf-recirculation=\"article-body-link\" rel=\"nofollow noopener\" target=\"_blank\">. En Espa\u00f1a su nombre se hizo popular en 2022 cuando contrajo matrimonio con Mir\u00edam de Ungr\u00eda,<\/a> quien anteriormente<a class=\"hm-link ho-link\" href=\"https:\/\/www.hola.com\/realeza\/2015040777931\/muere-kardam-de-bulgaria\/\" data-mrf-recirculation=\"article-body-link\" rel=\"nofollow noopener\" target=\"_blank\"> estuvo casada con el recordado pr\u00edncipe Kardam de Bulgaria.<\/a><\/p>\n<p> <img src=\"https:\/\/www.europesays.com\/es\/wp-content\/uploads\/2025\/11\/46e8d0583737-583346932185470209370398167226297884006415180n.jpg\"   width=\"819\" height=\"1024\" loading=\"lazy\" decoding=\"async\" alt=\"La princesa Salma de Jordania junto a su padre, el rey Abdal\u00e1 \" fetchpriority=\"auto\" class=\"image ho-image\"\/>\u00a9 rhcjoAdem\u00e1s de haber hecho formaci\u00f3n militar, la tercera hija de los reyes Abdal\u00e1 y Rania es licenciada en arqueolog\u00eda por la Universidad de California del Sur<\/p>\n<p id=\"eYB6nDwZIFY\" data-wc=\"98\">La presencia de la princesa Salma, aunque inesperada porque no es la heredera al trono, se justifica por su perfil militar. Ha estudiado en la prestigiosa academia de Sandhurst (Reino Unido) donde reciben y han recibido educaci\u00f3n castrense los monarcas y pr\u00edncipes de todo el mundo desde hace siglos, es segunda teniente de las Fuerzas Armadas de su pa\u00eds y<a class=\"hm-link ho-link\" href=\"https:\/\/www.hola.com\/realeza\/20200109157804\/salma-jordania-gradua-piloto-avion\/\" data-mrf-recirculation=\"article-body-link\" rel=\"nofollow noopener\" target=\"_blank\">\u00a0en 2020 se convirti\u00f3 en la primera mujer piloto de avi\u00f3n a reacci\u00f3n de Jordania<\/a>. Adem\u00e1s, Salma se ha<a class=\"hm-link ho-link\" href=\"https:\/\/www.hola.com\/realeza\/20230513231865\/rania-jordania-acude-graduacion-hija-salma-universidad-california\/\" data-mrf-recirculation=\"article-body-link\" rel=\"nofollow noopener\" target=\"_blank\">\u00a0licenciado en arqueolog\u00eda en la Universidad de California del Sur.\u00a0<\/a>Todo ello la ha convertido en una princesa pionera.\u00a0<\/p>\n<p> <img src=\"https:\/\/www.europesays.com\/es\/wp-content\/uploads\/2025\/11\/1f9b18b1ca1a-salma.jpg\"   width=\"683\" height=\"1024\" loading=\"lazy\" decoding=\"async\" alt=\"La princesa Salma de Jordania junto a su padre, el rey Abdal\u00e1 \" fetchpriority=\"auto\" class=\"image ho-image\"\/>\u00a9 rhcjoLa princesa Salma presenci\u00f3 un ejercicio con drones en Indonesia<\/p>\n<p id=\"elv7KOE9GN\" data-wc=\"52\">Tambi\u00e9n es habitual que Salma acompa\u00f1e a su madre en actos m\u00e1s institucionales y de fuerte compromiso humanitario. Todo ello han convertido a la tercera hija de los reyes Abdal\u00e1 y Rania en <a class=\"hm-link ho-link\" href=\"https:\/\/www.hola.com\/realeza\/20250926857961\/la-princesa-salma-de-jordania-cumple-25-anos\/\" data-mrf-recirculation=\"article-body-link\" rel=\"nofollow noopener\" target=\"_blank\">una royal moderna y discreta que conjuga lo mejor de los dos mundos: princesa tradicional y mujer joven global.<\/a><\/p>\n","protected":false},"excerpt":{"rendered":"Tiene 25 a\u00f1os y es otra princesa que est\u00e1 despuntando. En lugar de ir a cenas de gala&hellip;\n","protected":false},"author":2,"featured_media":241301,"comment_status":"","ping_status":"","sticky":false,"template":"","format":"standard","meta":{"footnotes":""},"categories":[174],"tags":[55564,255,146,147,25,24,256,1027,55565,23],"class_list":{"0":"post-241300","1":"post","2":"type-post","3":"status-publish","4":"format-standard","5":"has-post-thumbnail","7":"category-famosos","8":"tag-abdala-de-jordania","9":"tag-celebrities","10":"tag-entertainment","11":"tag-entretenimiento","12":"tag-es","13":"tag-espana","14":"tag-famosos","15":"tag-realeza","16":"tag-salma-de-jordania","17":"tag-spain"},"share_on_mastodon":{"url":"https:\/\/pubeurope.com\/@es\/115566387337875899","error":""},"_links":{"self":[{"href":"https:\/\/www.europesays.com\/es\/wp-json\/wp\/v2\/posts\/241300","targetHints":{"allow":["GET"]}}],"collection":[{"href":"https:\/\/www.europesays.com\/es\/wp-json\/wp\/v2\/posts"}],"about":[{"href":"https:\/\/www.europesays.com\/es\/wp-json\/wp\/v2\/types\/post"}],"author":[{"embeddable":true,"href":"https:\/\/www.europesays.com\/es\/wp-json\/wp\/v2\/users\/2"}],"replies":[{"embeddable":true,"href":"https:\/\/www.europesays.com\/es\/wp-json\/wp\/v2\/comments?post=241300"}],"version-history":[{"count":0,"href":"https:\/\/www.europesays.com\/es\/wp-json\/wp\/v2\/posts\/241300\/revisions"}],"wp:featuredmedia":[{"embeddable":true,"href":"https:\/\/www.europesays.com\/es\/wp-json\/wp\/v2\/media\/241301"}],"wp:attachment":[{"href":"https:\/\/www.europesays.com\/es\/wp-json\/wp\/v2\/media?parent=241300"}],"wp:term":[{"taxonomy":"category","embeddable":true,"href":"https:\/\/www.europesays.com\/es\/wp-json\/wp\/v2\/categories?post=241300"},{"taxonomy":"post_tag","embeddable":true,"href":"https:\/\/www.europesays.com\/es\/wp-json\/wp\/v2\/tags?post=241300"}],"curies":[{"name":"wp","href":"https:\/\/api.w.org\/{rel}","templated":true}]}}