{"id":241308,"date":"2025-11-17T18:15:11","date_gmt":"2025-11-17T18:15:11","guid":{"rendered":"https:\/\/www.europesays.com\/es\/241308\/"},"modified":"2025-11-17T18:15:11","modified_gmt":"2025-11-17T18:15:11","slug":"fecha-de-estreno-detalles-y-que-revelo-disney","status":"publish","type":"post","link":"https:\/\/www.europesays.com\/es\/241308\/","title":{"rendered":"fecha de estreno, detalles y qu\u00e9 revel\u00f3 Disney"},"content":{"rendered":"<p><b>Disney<\/b> liber\u00f3 el primer <b>teaser tr\u00e1iler<\/b> del esperado <b>live action de Moana<\/b>. Las im\u00e1genes han dejado a los fan\u00e1ticos de la <b>princesa del oc\u00e9ano<\/b> con la boca abierta. El adelanto marca oficialmente el inicio de la campa\u00f1a de uno de los remakes m\u00e1s esperados de Disney; por si fuera poco, tambi\u00e9n se revel\u00f3 que llegar\u00e1 a los cines el <b>10 de julio de 2026<\/b>. Desde ya, el proyecto se perfila como uno de los estrenos m\u00e1s grandes de la compa\u00f1\u00eda. Aqu\u00ed te dejamos el <b>primer teaser trailer<\/b> por si no lo has visto:<\/p>\n<p>Aunque el teaser es breve, cumple con lo que m\u00e1s esperaban los fans: un vistazo al <b>tono visual<\/b>, la <b>reconstrucci\u00f3n del mundo polinesio<\/b> y una primera impresi\u00f3n del estilo que tendr\u00e1 esta nueva versi\u00f3n. Resulta bastante emocionante ver desde este primer vistazo la ic\u00f3nica <b>llamada del oc\u00e9ano<\/b>, la <b>conexi\u00f3n espiritual de Moana<\/b> con su tierra y un par de planos que adelantan una <b>producci\u00f3n muy cuidada<\/b> y bastante <b>cercana a la animaci\u00f3n<\/b> con un enfoque <b>m\u00e1s realista<\/b> sin perder su encanto.<\/p>\n<p>\u00bfQui\u00e9n regresa? El reparto del live action de Moana\n<\/p>\n<p>Con el teaser podemos descubrir c\u00f3mo luce <b>Catherine Laga\u2019aia<\/b>, quien da vida a la protagonista. Una de las apariciones m\u00e1s esperadas sin duda es la de <b>Dwayne Johnson<\/b> \u201cLa Roca\u201d; sin embargo, en este tr\u00e1iler, aunque tenemos algunos vistazos de <b>Maui, el semidi\u00f3s<\/b>, solo lo vemos de espaldas durante una breve secuencia. Esto significa que tendremos que esperar un poco m\u00e1s antes de poder verlo en acci\u00f3n y conocer su apariencia completa. <\/p>\n<p>Tambi\u00e9n pudimos ver al adorable, simp\u00e1tico y torpe gallo <b>Heihei,<\/b> el compa\u00f1ero de Moana. Este personaje, junto al personaje del oc\u00e9ano, deja en claro el papel del CGI en la pel\u00edcula, el cual luce bastante bien y apegado a lo que vimos en la animaci\u00f3n.<\/p>\n<p>\u00bfQu\u00e9 es lo que m\u00e1s te emociona de este estreno?<\/p>\n<p>Tambi\u00e9n te puede interesar: <a class=\"Link \" href=\"https:\/\/www.tvazteca.com\/azteca7\/peliculas\/nintendo-publica-primeras-imagenes-oficiales-del-live-action-the-legend-of-zelda\" target=\"_blank\" rel=\"nofollow noopener\">\u00a1Paren todo! Nintendo revela las primeras fotos oficiales de los actores de la pel\u00edcula live-action de The Legend of Zelda<\/a><\/p>\n","protected":false},"excerpt":{"rendered":"Disney liber\u00f3 el primer teaser tr\u00e1iler del esperado live action de Moana. Las im\u00e1genes han dejado a los&hellip;\n","protected":false},"author":2,"featured_media":241309,"comment_status":"","ping_status":"","sticky":false,"template":"","format":"standard","meta":{"footnotes":""},"categories":[169],"tags":[177,1060,146,147,25,24,176,62091,62092,62093,62094,62095,62096,62097,62098,175,62099,23],"class_list":{"0":"post-241308","1":"post","2":"type-post","3":"status-publish","4":"format-standard","5":"has-post-thumbnail","7":"category-cine","8":"tag-cine","9":"tag-disney","10":"tag-entertainment","11":"tag-entretenimiento","12":"tag-es","13":"tag-espana","14":"tag-film","15":"tag-moana","16":"tag-moana-live-action","17":"tag-moana-live-action-cuando-sale","18":"tag-moana-live-action-fecha","19":"tag-moana-live-action-fecha-de-estreno","20":"tag-moana-live-action-reparto","21":"tag-moana-live-action-teaser-trailer","22":"tag-moana-live-action-trailer","23":"tag-movies","24":"tag-peliculas-disney","25":"tag-spain"},"share_on_mastodon":{"url":"https:\/\/pubeurope.com\/@es\/115566406866898404","error":""},"_links":{"self":[{"href":"https:\/\/www.europesays.com\/es\/wp-json\/wp\/v2\/posts\/241308","targetHints":{"allow":["GET"]}}],"collection":[{"href":"https:\/\/www.europesays.com\/es\/wp-json\/wp\/v2\/posts"}],"about":[{"href":"https:\/\/www.europesays.com\/es\/wp-json\/wp\/v2\/types\/post"}],"author":[{"embeddable":true,"href":"https:\/\/www.europesays.com\/es\/wp-json\/wp\/v2\/users\/2"}],"replies":[{"embeddable":true,"href":"https:\/\/www.europesays.com\/es\/wp-json\/wp\/v2\/comments?post=241308"}],"version-history":[{"count":0,"href":"https:\/\/www.europesays.com\/es\/wp-json\/wp\/v2\/posts\/241308\/revisions"}],"wp:featuredmedia":[{"embeddable":true,"href":"https:\/\/www.europesays.com\/es\/wp-json\/wp\/v2\/media\/241309"}],"wp:attachment":[{"href":"https:\/\/www.europesays.com\/es\/wp-json\/wp\/v2\/media?parent=241308"}],"wp:term":[{"taxonomy":"category","embeddable":true,"href":"https:\/\/www.europesays.com\/es\/wp-json\/wp\/v2\/categories?post=241308"},{"taxonomy":"post_tag","embeddable":true,"href":"https:\/\/www.europesays.com\/es\/wp-json\/wp\/v2\/tags?post=241308"}],"curies":[{"name":"wp","href":"https:\/\/api.w.org\/{rel}","templated":true}]}}