{"id":241318,"date":"2025-11-17T18:21:10","date_gmt":"2025-11-17T18:21:10","guid":{"rendered":"https:\/\/www.europesays.com\/es\/241318\/"},"modified":"2025-11-17T18:21:10","modified_gmt":"2025-11-17T18:21:10","slug":"air-europa-incorporara-ya-a-un-miembro-de-turkish-airlines-a-su-consejo-de-administracion","status":"publish","type":"post","link":"https:\/\/www.europesays.com\/es\/241318\/","title":{"rendered":"Air Europa incorporar\u00e1 ya a un miembro de Turkish Airlines a su consejo de administraci\u00f3n"},"content":{"rendered":"<p style=\"\">Air Europa ultima la transformaci\u00f3n de su consejo de administraci\u00f3n tras anunciar este lunes el cese de su consejero delegado, <a href=\"https:\/\/www.abc.es\/economia\/air-europa-cesa-nuno-rosa-ceo-sepi-20251117103332-nt.html\" target=\"_self\" data-voc-vtm-id=\"in-text-traffic\" title=\"Jes\u00fas Nu\u00f1o de la Rosa, y la dimisi\u00f3n de los dos consejeros de la SEPI\" data-mrf-link=\"www.abc.es\" rel=\"nofollow noopener\">Jes\u00fas Nu\u00f1o de la Rosa, y la dimisi\u00f3n de los dos consejeros de la SEPI<\/a> que ocupaban asiento en su consejo de administraci\u00f3n. Una  &#8230; de esas plazas liberadas por el holding p\u00fablico ser\u00e1 ocupada ya por un miembro de <strong>Turkish Airlines<\/strong>, seg\u00fan asegura <strong>el propio presidente de Air Europa, Juan Jos\u00e9 Hidalgo<\/strong>, en conversaci\u00f3n con este peri\u00f3dico.  <\/p>\n<p class=\"voc-p\" style=\"\">La renovaci\u00f3n del consejo est\u00e1 prevista de ser anunciada en los pr\u00f3ximos d\u00edas. A la pregunta de este peri\u00f3dico, el fundador de la aerol\u00ednea asegura que ser\u00e1 \u00e9l mismo quien asuma las funciones ejecutivas de la compa\u00f1\u00eda mientras se busca nuevo consejero delegado. \u00abAsumir\u00e9 las funciones de consejero delegado\u00bb, subraya Juan Jos\u00e9 Hidalgo a ABC. <\/p>\n<p class=\"voc-p\" style=\"\">Air Europa da as\u00ed el pistoletazo de salida as\u00ed a una nueva etapa de la compa\u00f1\u00eda, tras devolver hace once d\u00edas el rescate de 475 millones que la <strong>SEPI<\/strong> le concedi\u00f3 en la pandemia. Si eso ha ocurrido es gracias a la inyecci\u00f3n de 300 millones de euros de Turkish en la filial de <strong>Globalia<\/strong> a cambio del 26% de la compa\u00f1\u00eda.<\/p>\n<p class=\"voc-p\" style=\"\">Ahora, la operaci\u00f3n debe pasar por varios an\u00e1lisis en Espa\u00f1a y en Bruselas que se dilatar\u00e1n entre seis meses y un a\u00f1o, pero la aerol\u00ednea otomana ya ha desembolsado ese dinero a trav\u00e9s de un pr\u00e9stamo canjeable por acciones. Mientras se obtienen esos permisos, la aerol\u00ednea de bandera turca tendr\u00e1 a un miembro para vigilar su inversi\u00f3n.<\/p>\n<p class=\"voc-p\" style=\"\">La revoluci\u00f3n en el consejo de <strong>Air Europa<\/strong> llega tras conocerse este lunes el cese como CEO de Jes\u00fas Nu\u00f1o de la Rosa y las dimisiones de<strong> C\u00e9sar Hern\u00e1ndez Blanco<\/strong> y<strong> Juan Manuel Buj\u00eda<\/strong>, los miembros de la SEPI en el consejo de la aerol\u00ednea. Seg\u00fan lo comunicado por Air Europa el acuerdo alcanzado se ha suscrito en \u00abun ambiente de amistad y m\u00e1xima cordialidad\u00bb entre Nu\u00f1o de la Rosa y el presidente de la entidad, <strong>Juan Jos\u00e9 Hidalgo<\/strong>.<\/p>\n<p class=\"voc-p\" style=\"\">\u00abAir Europa agradece a Jes\u00fas Nu\u00f1o de la Rosa su entrega, dedicaci\u00f3n y lealtad durante el desempe\u00f1o de su cargo desde julio de 2022. Asimismo, la compa\u00f1\u00eda expresa su agradecimiento a <strong>C\u00e9sar Hern\u00e1ndez Blanco y Juan Manuel Buj\u00eda<\/strong> por el trabajo realizado y su compromiso durante el tiempo que han formado parte del Consejo de Administraci\u00f3n\u00bb, ha se\u00f1alado la aerol\u00ednea en un comunicado. <\/p>\n<p class=\"voc-p\" style=\"\">Jes\u00fas Nu\u00f1o de la Rosa aterriz\u00f3 en Air Europa en 2022 para sustituir como consejero delegado a <strong>Valent\u00edn Lago<\/strong>, el CEO que impuso la SEPI tras firmar el rescate estatal de la compa\u00f1\u00eda en noviembre de 2020. Durante los tres \u00faltimos a\u00f1os, el expresidente de<strong> El Corte Ingl\u00e9s<\/strong> ha logrado reflotar la aerol\u00ednea hasta lograr el a\u00f1o pasado un beneficio antes de impuestos de 116 millones de euros. Tambi\u00e9n durante su mandato se ha sellado la entrada de Turkish Airlines como socio inversor, un hito que es el que ha permitido devolver el rescate de 475 millones al Estado.<\/p>\n<p>\nDos grandes socios\n<\/p>\n<p class=\"voc-p\" style=\"\">La salida de Nu\u00f1o de la Rosa abre una nueva etapa en Air Europa, en la que su matriz Globalia (propiedad de la familia Hidalgo) compartir\u00e1 accionariado con Turkish Airlines e IAG (due\u00f1o de Iberia), dos de los mayores grupos de aerol\u00edneas que hay en el mundo. En ese nuevo escenario, Juan Jos\u00e9 Hidalgo tiene asegurado el control de la compa\u00f1\u00eda con el 54% del accionariado en su poder.<\/p>\n<p class=\"voc-p\" style=\"\">La entrada de la aerol\u00ednea controlada al 49% por el Gobierno de Erdogan \u2013 a trav\u00e9s del fondo soberano T\u00fcrkiye Wealth Fund (TWF)\u2013 le da a Air Europa un mejor acceso a nuevos aviones al tener como socio a una de las mayores flotas del mundo, con buenas relaciones con <strong>Airbus<\/strong> y <strong>Boeing<\/strong>, los dos fabricantes que dominan el mercado, motivo por el que el propio Hidalgo pidi\u00f3 a Turkish que aportara un consejero.<\/p>\n","protected":false},"excerpt":{"rendered":"Air Europa ultima la transformaci\u00f3n de su consejo de administraci\u00f3n tras anunciar este lunes el cese de su&hellip;\n","protected":false},"author":2,"featured_media":241319,"comment_status":"","ping_status":"","sticky":false,"template":"","format":"standard","meta":{"footnotes":""},"categories":[80],"tags":[5063,14564,11267,82,1576,95,94,25,24,700,33456,14605,23,17242],"class_list":{"0":"post-241318","1":"post","2":"type-post","3":"status-publish","4":"format-standard","5":"has-post-thumbnail","7":"category-economia","8":"tag-administracion","9":"tag-air","10":"tag-airlines","11":"tag-business","12":"tag-consejo","13":"tag-economia","14":"tag-economy","15":"tag-es","16":"tag-espana","17":"tag-europa","18":"tag-incorporara","19":"tag-miembro","20":"tag-spain","21":"tag-turkish"},"share_on_mastodon":{"url":"https:\/\/pubeurope.com\/@es\/115566430453803717","error":""},"_links":{"self":[{"href":"https:\/\/www.europesays.com\/es\/wp-json\/wp\/v2\/posts\/241318","targetHints":{"allow":["GET"]}}],"collection":[{"href":"https:\/\/www.europesays.com\/es\/wp-json\/wp\/v2\/posts"}],"about":[{"href":"https:\/\/www.europesays.com\/es\/wp-json\/wp\/v2\/types\/post"}],"author":[{"embeddable":true,"href":"https:\/\/www.europesays.com\/es\/wp-json\/wp\/v2\/users\/2"}],"replies":[{"embeddable":true,"href":"https:\/\/www.europesays.com\/es\/wp-json\/wp\/v2\/comments?post=241318"}],"version-history":[{"count":0,"href":"https:\/\/www.europesays.com\/es\/wp-json\/wp\/v2\/posts\/241318\/revisions"}],"wp:featuredmedia":[{"embeddable":true,"href":"https:\/\/www.europesays.com\/es\/wp-json\/wp\/v2\/media\/241319"}],"wp:attachment":[{"href":"https:\/\/www.europesays.com\/es\/wp-json\/wp\/v2\/media?parent=241318"}],"wp:term":[{"taxonomy":"category","embeddable":true,"href":"https:\/\/www.europesays.com\/es\/wp-json\/wp\/v2\/categories?post=241318"},{"taxonomy":"post_tag","embeddable":true,"href":"https:\/\/www.europesays.com\/es\/wp-json\/wp\/v2\/tags?post=241318"}],"curies":[{"name":"wp","href":"https:\/\/api.w.org\/{rel}","templated":true}]}}