{"id":241320,"date":"2025-11-17T18:22:09","date_gmt":"2025-11-17T18:22:09","guid":{"rendered":"https:\/\/www.europesays.com\/es\/241320\/"},"modified":"2025-11-17T18:22:09","modified_gmt":"2025-11-17T18:22:09","slug":"margarita-robles-denuncia-un-ataque-de-israel-contra-cascos-azules-espanoles-de-la-onu-en-libano-eldiario-es","status":"publish","type":"post","link":"https:\/\/www.europesays.com\/es\/241320\/","title":{"rendered":"Margarita Robles denuncia un ataque de Israel contra cascos azules espa\u00f1oles de la ONU en L\u00edbano &#8211; elDiario.es"},"content":{"rendered":"<ol>\n<li><a href=\"https:\/\/news.google.com\/rss\/articles\/CBMixwFBVV95cUxOeUF2bktzYm9NQlZBS2paNF9KV3V6cXB3bHVzd2RKaTRxaWJPdzZYYm1DOWd6TlRqdXBDQUxSenFQRTN4MkJfZFBPS3pfSXdnQVZYakMzcjctd3d4RzI0bTBTdUJWaUhUZnJENWRjVDhWcGwteU9lUzF1ZF9rRnR4aHZPaE14b081al81YXFCS1M3WXQtbUJaQVV0U1ZCUFdEX2hkWUxMb0ZLVnk4ZWRfWWtzd2pjUjA1bURobDhFWDBKYVpKWV840gHMAUFVX3lxTE9DeTFBcXlFZjg3N0cxNDdGN1doYUxSUmZESEJzNmd2UVp4VVJnXzlVQk80TnV0RkFyT1FyWUFmbzExcUpYY3ZzVTk0bGZtZW1KdmM1b19mNlJzamVkUmdvTzRnQTBic2Y2bzI3eWVyQmU4Qy1DNm15ZjA2c2xPU0s1N0VJYUhzc0JpUHJiOG51NXI4RUszclRzcnlOVG1rOEtmM1dkRnJKOXAyUmpBdGQ5ci03OFh4R3pNLXo0X0VjRFl3MFBjdHlZVk1VWQ?oc=5\" target=\"_blank\" rel=\"nofollow noopener\">Margarita Robles denuncia un ataque de Israel contra cascos azules espa\u00f1oles de la ONU en L\u00edbano<\/a>&nbsp;&nbsp;elDiario.es<\/li>\n<li><a href=\"https:\/\/news.google.com\/rss\/articles\/CBMiyAFBVV95cUxNRU56NzVEa1pBcGlYc0pXNXY5clpaT0tBOWhuTmVkTFZqLXRsVUwzLXh3YnMzREplUGJfUTFRX09KQTJtU2tKZU8yYmhJRWg2VzVtQzR6R1JYdFlxcnlFSVVaUlVPX2xKdVVpR09PVEtYcDF2dkRLX3lJbU1ucjV1QS1qSVBhelgwYXE2M09EZDJYOW91R3g0aXVxS2hrTHlERWRlS0JfNG5TNThDUVJGVWs4ZG4tZ1pwb1gyYUIycUpwcXg5VTY0ZQ?oc=5\" target=\"_blank\" rel=\"nofollow noopener\">Robles denuncia el ataque de un tanque israel\u00ed contra cascos azules espa\u00f1oles en L\u00edbano<\/a>&nbsp;&nbsp;EL PA\u00cdS<\/li>\n<li><a href=\"https:\/\/news.google.com\/rss\/articles\/CBMi1wFBVV95cUxPdGhqc2lLMWR0OU8zS2cxNk1PZGFheFNCRnExeEliRmNuM0dzTFd0QzVHdUdhRmtrZW9NWmRzcHZCbzU0Q1B0anJONGF3Vm5IeWpsbXRIS3c0V2tBdlZIYkk5Y2xNRXVRd21DRGxIWGU3MVBjWmVGckoyNl9yckY2dE5rd1Nib2toYVFXbFE5ODFQVTZjNW5sRTBhc2pWQk53YVl2dEhMaVdlNGpYNzlKUXRBVjRCT1AwV19MYVNBdjZtY1VQLUg0RWRaQ1BBakZUNFNNNndJbw?oc=5\" target=\"_blank\" rel=\"nofollow noopener\">Israel dispara a cascos azules en L\u00edbano al confundirles con \u00absospechosos\u00bb<\/a>&nbsp;&nbsp;El Correo<\/li>\n<li><a href=\"https:\/\/news.google.com\/rss\/articles\/CBMihwFBVV95cUxQYnNZUkplMzc5aWx3b0JYbDkzS3EwdHFvR1ByLTMyWFJlOWtqWGdPR054QVR6c05lYWhhVEwxWVFfTGNENGY1eGp4aTJtN0EzV0RDYWZNZXpMOE1qZURIcE5Pd3pwRm5QUmZHcERLWG56b0lOUDk2dl9mVnhtcF9VYlA1YVRSMFE?oc=5\" target=\"_blank\" rel=\"nofollow noopener\">Israel ataca a soldados espa\u00f1oles de los cascos azules en L\u00edbano<\/a>&nbsp;&nbsp;Euronews.com<\/li>\n<li><a href=\"https:\/\/news.google.com\/rss\/articles\/CBMiqAFBVV95cUxQZ0xWVEotYl9TS3RIam1KdUdOa1FKSXJxNVRmOWF1d2Z2eEFZbXpGdEk0Xy1uZjRKT0I2WTNubWlzY05VYzh3OXZLanpDc1JULVl0ajRLWm5jbi1URkZYNlhCMXV4SlFPbktvTW9ja3pESkkxTi1pakVnQXB2eFF1RUw4X3BuSVVoNnllcDA0M3F2WjZBRGQ2TUMzUTF3Y1luc1E0MnZtOWs?oc=5\" target=\"_blank\" rel=\"nofollow noopener\">Un carro de combate israel\u00ed dispara contra &#8216;cascos azules&#8217; de la FINUL en el sur de L\u00edbano<\/a>&nbsp;&nbsp;ABC<\/li>\n<\/ol>\n","protected":false},"excerpt":{"rendered":"Margarita Robles denuncia un ataque de Israel contra cascos azules espa\u00f1oles de la ONU en L\u00edbano&nbsp;&nbsp;elDiario.es Robles denuncia&hellip;\n","protected":false},"author":2,"featured_media":233937,"comment_status":"","ping_status":"","sticky":false,"template":"","format":"standard","meta":{"footnotes":""},"categories":[42],"tags":[17,18,13,14,11,61,62,63,64,19,20,9,10,15,16,12,21,22,65,66,67],"class_list":{"0":"post-241320","1":"post","2":"type-post","3":"status-publish","4":"format-standard","5":"has-post-thumbnail","7":"category-internacional","8":"tag-breaking-news","9":"tag-breakingnews","10":"tag-featured-news","11":"tag-featurednews","12":"tag-headlines","13":"tag-internacional","14":"tag-international","15":"tag-international-news","16":"tag-internationalnews","17":"tag-latest-news","18":"tag-latestnews","19":"tag-news","20":"tag-noticias","21":"tag-noticias-destacadas","22":"tag-noticiasdestacadas","23":"tag-titulares","24":"tag-ultimas-noticias","25":"tag-ultimasnoticias","26":"tag-world","27":"tag-world-news","28":"tag-worldnews"},"share_on_mastodon":{"url":"https:\/\/pubeurope.com\/@es\/115566434392069496","error":""},"_links":{"self":[{"href":"https:\/\/www.europesays.com\/es\/wp-json\/wp\/v2\/posts\/241320","targetHints":{"allow":["GET"]}}],"collection":[{"href":"https:\/\/www.europesays.com\/es\/wp-json\/wp\/v2\/posts"}],"about":[{"href":"https:\/\/www.europesays.com\/es\/wp-json\/wp\/v2\/types\/post"}],"author":[{"embeddable":true,"href":"https:\/\/www.europesays.com\/es\/wp-json\/wp\/v2\/users\/2"}],"replies":[{"embeddable":true,"href":"https:\/\/www.europesays.com\/es\/wp-json\/wp\/v2\/comments?post=241320"}],"version-history":[{"count":0,"href":"https:\/\/www.europesays.com\/es\/wp-json\/wp\/v2\/posts\/241320\/revisions"}],"wp:featuredmedia":[{"embeddable":true,"href":"https:\/\/www.europesays.com\/es\/wp-json\/wp\/v2\/media\/233937"}],"wp:attachment":[{"href":"https:\/\/www.europesays.com\/es\/wp-json\/wp\/v2\/media?parent=241320"}],"wp:term":[{"taxonomy":"category","embeddable":true,"href":"https:\/\/www.europesays.com\/es\/wp-json\/wp\/v2\/categories?post=241320"},{"taxonomy":"post_tag","embeddable":true,"href":"https:\/\/www.europesays.com\/es\/wp-json\/wp\/v2\/tags?post=241320"}],"curies":[{"name":"wp","href":"https:\/\/api.w.org\/{rel}","templated":true}]}}