{"id":241324,"date":"2025-11-17T18:29:09","date_gmt":"2025-11-17T18:29:09","guid":{"rendered":"https:\/\/www.europesays.com\/es\/241324\/"},"modified":"2025-11-17T18:29:09","modified_gmt":"2025-11-17T18:29:09","slug":"ferrer-sorprende-comparando-a-alcaraz-con-nadal-son-igual-de","status":"publish","type":"post","link":"https:\/\/www.europesays.com\/es\/241324\/","title":{"rendered":"Ferrer sorprende comparando a Alcaraz con Nadal: \u00abSon igual de&#8230;\u00bb"},"content":{"rendered":"<p class=\"L6-news-detail__text\"><b><a title=\"Carlos Alcaraz\" href=\"https:\/\/www.lasexta.com\/noticias\/deportes\/motor\/gesto-respeto-publico-copa-maestros-alcaraz_20251117691b1848360d0840bce53c8d.html\" target=\"_blank\" rel=\"nofollow noopener\">Carlos Alcaraz<\/a><\/b> ser\u00e1 el gran estandarte de la selecci\u00f3n espa\u00f1ola en la <b>Copa Davis<\/b>. El murciano llegar\u00e1 a la cita en Bolonia como n\u00famero uno del mundo y como la estrella de una <b>Espa\u00f1a<\/b> que, con la ausencia de <b><a title=\"Jannik Sinner\" href=\"https:\/\/www.lasexta.com\/noticias\/deportes\/tenis\/rocambolesco-dato-que-muestra-colosal-igualdad-carlos-alcaraz-sinner_20251117691afdc1eba8bc0ece03294c.html\" target=\"_blank\" rel=\"nofollow noopener\">Jannik Sinner<\/a><\/b> en Italia, ha cobrado m\u00e1s fuerza como favorita en las \u00faltimas semanas.<\/p>\n<p class=\"L6-news-detail__text\">Sin embargo, el estado f\u00edsico de <b>Alcaraz<\/b> es la gran duda que en estos momentos sondea a la selecci\u00f3n espa\u00f1ola. El murciano termin\u00f3 la final de la <b>Copa de Maestros<\/b> con molestias en su isquiotibial derecho. Recibi\u00f3 tratamiento durante el duelo ante <b>Sinner<\/b> y mostr\u00f3 un vendaje en esa zona.<\/p>\n<p class=\"L6-news-detail__text\">Todo a menos de cinco d\u00edas del debut de Espa\u00f1a en las Finales de la Copa Davis. <b><a title=\"Alcaraz\" href=\"https:\/\/www.lasexta.com\/noticias\/deportes\/tenis\/rocambolesco-dato-que-muestra-colosal-igualdad-carlos-alcaraz-sinner_20251117691afdc1eba8bc0ece03294c.html\" target=\"_blank\" rel=\"nofollow noopener\">Alcaraz<\/a><\/b> es el l\u00edder y la principal arma de un combinado que hace poco disfrutaba de los \u00e9xitos y del juego de <b>Rafa Nadal<\/b>. David Ferrer, capit\u00e1n de la selecci\u00f3n espa\u00f1ola, ha comparado a ambos jugadores.<\/p>\n<p class=\"L6-news-detail__text\">Tanto Rafa como Carlos han sido sus &#8216;pupilos&#8217; en su trayectoria como capit\u00e1n de <b>Espa\u00f1a<\/b>. Ferrer los ha comparado en unas declaraciones para &#8216;Eurosport&#8217;: \u00abHemos tenido durante much\u00edsimos a\u00f1os a uno de los mejores de la historia como Rafael Nadal. Y tenemos la suerte de que haya alguien <b>igual de especial<\/b> como es Carlos\u00bb.<\/p>\n<p class=\"L6-news-detail__text\">\u00abSe lleva muy bien, sobre todo si eres capit\u00e1n de la Davis, que despu\u00e9s de Rafa haya un jugador de <b>ese talante<\/b>. A nivel personal es un jugador muy <b>humilde<\/b>, muy tranquilo y eso facilita las cosas para todo el mundo\u00bb, ha reconocido Ferrer.<\/p>\n<p class=\"L6-support-news-video__title\">MotoGP<\/p>\n<p>            <a href=\"https:\/\/www.lasexta.com\/noticias\/deportes\/motor\/dura-confesion-jorge-martin-calvario-lesiones-llorar-simbolo_202511156918b3fa360d0840bce21481.html\" class=\"L6-news__link\" rel=\"nofollow noopener\" target=\"_blank\"><br \/>\n                La dura confesi\u00f3n de Jorge Mart\u00edn tras el calvario de lesiones: \u00abLlorar es s\u00edmbolo&#8230;\u00bb<\/p>\n<p class=\"recirculation-video-desc\">El madrile\u00f1o ha regresado para disputar el \u00faltimo gran premio de una temporada para olvidar. Tres graves lesiones que han hecho que Jorge se haya perdido catorce carreras. El campe\u00f3n del mundo de 2024 le ha contado a &#8216;laSexta&#8217; c\u00f3mo ha sido el proceso de recuperaci\u00f3n.<\/p>\n<p>            <\/a><\/p>\n","protected":false},"excerpt":{"rendered":"Carlos Alcaraz ser\u00e1 el gran estandarte de la selecci\u00f3n espa\u00f1ola en la Copa Davis. El murciano llegar\u00e1 a&hellip;\n","protected":false},"author":2,"featured_media":241325,"comment_status":"","ping_status":"","sticky":false,"template":"","format":"standard","meta":{"footnotes":""},"categories":[274],"tags":[168,25,24,23,167,327,326],"class_list":{"0":"post-241324","1":"post","2":"type-post","3":"status-publish","4":"format-standard","5":"has-post-thumbnail","7":"category-tenis","8":"tag-deportes","9":"tag-es","10":"tag-espana","11":"tag-spain","12":"tag-sports","13":"tag-tenis","14":"tag-tennis"},"share_on_mastodon":{"url":"https:\/\/pubeurope.com\/@es\/115566461892648426","error":""},"_links":{"self":[{"href":"https:\/\/www.europesays.com\/es\/wp-json\/wp\/v2\/posts\/241324","targetHints":{"allow":["GET"]}}],"collection":[{"href":"https:\/\/www.europesays.com\/es\/wp-json\/wp\/v2\/posts"}],"about":[{"href":"https:\/\/www.europesays.com\/es\/wp-json\/wp\/v2\/types\/post"}],"author":[{"embeddable":true,"href":"https:\/\/www.europesays.com\/es\/wp-json\/wp\/v2\/users\/2"}],"replies":[{"embeddable":true,"href":"https:\/\/www.europesays.com\/es\/wp-json\/wp\/v2\/comments?post=241324"}],"version-history":[{"count":0,"href":"https:\/\/www.europesays.com\/es\/wp-json\/wp\/v2\/posts\/241324\/revisions"}],"wp:featuredmedia":[{"embeddable":true,"href":"https:\/\/www.europesays.com\/es\/wp-json\/wp\/v2\/media\/241325"}],"wp:attachment":[{"href":"https:\/\/www.europesays.com\/es\/wp-json\/wp\/v2\/media?parent=241324"}],"wp:term":[{"taxonomy":"category","embeddable":true,"href":"https:\/\/www.europesays.com\/es\/wp-json\/wp\/v2\/categories?post=241324"},{"taxonomy":"post_tag","embeddable":true,"href":"https:\/\/www.europesays.com\/es\/wp-json\/wp\/v2\/tags?post=241324"}],"curies":[{"name":"wp","href":"https:\/\/api.w.org\/{rel}","templated":true}]}}