{"id":241332,"date":"2025-11-17T18:34:12","date_gmt":"2025-11-17T18:34:12","guid":{"rendered":"https:\/\/www.europesays.com\/es\/241332\/"},"modified":"2025-11-17T18:34:12","modified_gmt":"2025-11-17T18:34:12","slug":"rosalia-aparece-con-el-que-iba-a-ser-su-vestido-de-novia-en-el-show-de-jimmy-fallon","status":"publish","type":"post","link":"https:\/\/www.europesays.com\/es\/241332\/","title":{"rendered":"Rosal\u00eda aparece con el que iba a ser su vestido de novia en el show de Jimmy Fallon"},"content":{"rendered":"<p>\n        La aparici\u00f3n de <a href=\"https:\/\/www.deia.eus\/tags\/rosalia\/\" title=\"Rosal\u00eda\" rel=\"nofollow noopener\" target=\"_blank\" class=\"link copy\">Rosal\u00eda <\/a>en el programa de <strong>Jimmy Fallon<\/strong> ha dejado una de las im\u00e1genes m\u00e1s comentadas del momento. La artista catalana acudi\u00f3 al late night estadounidense para presentar su nuevo trabajo, <strong>\u201cLux\u201d<\/strong>, un disco que ya est\u00e1 generando conversaciones por su apuesta sonora y su narrativa emocional. Pero, m\u00e1s all\u00e1 de la m\u00fasica, lo que verdaderamente ha captado la atenci\u00f3n ha sido el <strong>vestido de novia<\/strong> que llev\u00f3 durante su actuaci\u00f3n.\n<\/p>\n<p class=\"article-body__text \">\n        La escena la ha explicado el tiktoker y periodista musical <strong>@palaozzz. <\/strong>El look elegido por la artista no era un vestido cualquiera. Se trataba de una pieza nupcial de la dise\u00f1adora <strong>Vivienne Westwood<\/strong>, un nombre ic\u00f3nico dentro de la moda brit\u00e1nica. El propio @palaozzz lo explica con humor antes de recordar un momento clave: la entrevista de Rosal\u00eda en <strong>El Hormiguero<\/strong>.\n<\/p>\n<p class=\"article-body__text \">\n        En aquella conversaci\u00f3n, <a href=\"https:\/\/www.deia.eus\/television\/2025\/11\/11\/rosalia-estrena-grande-la-revuelta-zasca-pablo-motos-10331261.html\" title=\"Pablo Motos\" target=\"_blank\" class=\"link copy\" rel=\"nofollow noopener\">Pablo Motos<\/a> le pregunt\u00f3 si ten\u00eda ya vestido para su boda con <strong>Rauw Alejandro<\/strong>. Y ella respondi\u00f3 sin titubeos: \u201cUn vestido de Vivienne Westwood, me gustar\u00eda.\u201d Esa frase, que en su d\u00eda qued\u00f3 como un simple deseo, hoy toma otro sentido. De pronto, el vestido que luce en el escenario de Fallon parece encajar demasiado bien en la historia.\n<\/p>\n<p class=\"article-body__text \">\n        En su actuaci\u00f3n, Rosal\u00eda interpret\u00f3 <strong>\u201cLa Perla\u201d<\/strong>, uno de los temas m\u00e1s comentados de su nuevo proyecto. Seg\u00fan apunta el propio tiktoker, la canci\u00f3n est\u00e1 cargada de <strong>dardos emocionales<\/strong> hacia un ex, lo que a\u00f1ade otra capa simb\u00f3lica al vestido.\n<\/p>\n<p>            <a href=\"https:\/\/www.deia.eus\/buzz-on\/2025\/11\/14\/athletic-saca-musculo-ritmo-de-rosalia-10351774.html\" title=\"El Athletic presume de identidad a ritmo de Rosal\u00eda\" class=\"new__media\" rel=\"nofollow noopener\" target=\"_blank\"><\/p>\n<p>                <img alt=\"El Athletic presume de identidad a ritmo de Rosal\u00eda\" data-src=\"https:\/\/www.europesays.com\/es\/wp-content\/uploads\/2025\/11\/ef97c18f-cc4e-4073-a612-bd15c01a09a4_16-9-aspect-ratio_default_0_x901y542.jpg\" class=\"lozad\"\/><\/p>\n<p>        <\/a><\/p>\n<p>        <a href=\"https:\/\/www.deia.eus\/buzz-on\/2025\/11\/14\/athletic-saca-musculo-ritmo-de-rosalia-10351774.html\" title=\"El Athletic presume de identidad a ritmo de Rosal\u00eda\" class=\"new__headline\" rel=\"nofollow noopener\" target=\"_blank\"><br \/>\n            El Athletic presume de identidad a ritmo de Rosal\u00eda<br \/>\n        <\/a><\/p>\n<p class=\"article-body__text \">\n        @palaozzz lanza la reflexi\u00f3n que ha terminado envolviendo todo el debate: \u00bfy si ahora ha reciclado ese vestido y ha dicho \u201cyo me lo voy a poner\u201d dos a\u00f1os despu\u00e9s?.<\/p>\n","protected":false},"excerpt":{"rendered":"La aparici\u00f3n de Rosal\u00eda en el programa de Jimmy Fallon ha dejado una de las im\u00e1genes m\u00e1s comentadas&hellip;\n","protected":false},"author":2,"featured_media":241333,"comment_status":"","ping_status":"","sticky":false,"template":"","format":"standard","meta":{"footnotes":""},"categories":[174],"tags":[12335,255,146,147,25,24,256,17576,40729,6270,4147,23,13011],"class_list":{"0":"post-241332","1":"post","2":"type-post","3":"status-publish","4":"format-standard","5":"has-post-thumbnail","7":"category-famosos","8":"tag-aparece","9":"tag-celebrities","10":"tag-entertainment","11":"tag-entretenimiento","12":"tag-es","13":"tag-espana","14":"tag-famosos","15":"tag-iba","16":"tag-jimmy-fallon","17":"tag-novia","18":"tag-rosalia","19":"tag-spain","20":"tag-vestido"},"share_on_mastodon":{"url":"https:\/\/pubeurope.com\/@es\/115566481603599442","error":""},"_links":{"self":[{"href":"https:\/\/www.europesays.com\/es\/wp-json\/wp\/v2\/posts\/241332","targetHints":{"allow":["GET"]}}],"collection":[{"href":"https:\/\/www.europesays.com\/es\/wp-json\/wp\/v2\/posts"}],"about":[{"href":"https:\/\/www.europesays.com\/es\/wp-json\/wp\/v2\/types\/post"}],"author":[{"embeddable":true,"href":"https:\/\/www.europesays.com\/es\/wp-json\/wp\/v2\/users\/2"}],"replies":[{"embeddable":true,"href":"https:\/\/www.europesays.com\/es\/wp-json\/wp\/v2\/comments?post=241332"}],"version-history":[{"count":0,"href":"https:\/\/www.europesays.com\/es\/wp-json\/wp\/v2\/posts\/241332\/revisions"}],"wp:featuredmedia":[{"embeddable":true,"href":"https:\/\/www.europesays.com\/es\/wp-json\/wp\/v2\/media\/241333"}],"wp:attachment":[{"href":"https:\/\/www.europesays.com\/es\/wp-json\/wp\/v2\/media?parent=241332"}],"wp:term":[{"taxonomy":"category","embeddable":true,"href":"https:\/\/www.europesays.com\/es\/wp-json\/wp\/v2\/categories?post=241332"},{"taxonomy":"post_tag","embeddable":true,"href":"https:\/\/www.europesays.com\/es\/wp-json\/wp\/v2\/tags?post=241332"}],"curies":[{"name":"wp","href":"https:\/\/api.w.org\/{rel}","templated":true}]}}