{"id":241334,"date":"2025-11-17T18:35:09","date_gmt":"2025-11-17T18:35:09","guid":{"rendered":"https:\/\/www.europesays.com\/es\/241334\/"},"modified":"2025-11-17T18:35:09","modified_gmt":"2025-11-17T18:35:09","slug":"una-iglesia-de-tenerife-elegida-el-mejor-edificio-del-mundo","status":"publish","type":"post","link":"https:\/\/www.europesays.com\/es\/241334\/","title":{"rendered":"Una iglesia de Tenerife, elegida el mejor edificio del mundo"},"content":{"rendered":"<p class=\"article-text\">\n        La Iglesia del Sant\u00edsimo Redentor de Las Chumberas, del arquitecto canario Fernando Menis, ha sido galardonada con el\u00a0<strong>Premio al Mejor Edificio del Mundo<\/strong>\u00a0en el\u00a0<strong>Festival Mundial de Arquitectura\u00a0(<\/strong>World Architecture Festival, <strong>WAF)<\/strong>, celebrado la semana pasada en el Centro de Convenciones de Miami, Estados Unidos.\n    <\/p>\n<p class=\"article-text\">\n        Seg\u00fan han informado fuentes del estudio del arquitecto canario, el proyecto recibi\u00f3 el Premio Especial al Mejor Edificio Peque\u00f1o y el Premio al Mejor Edificio P\u00fablico, \u201cconvirti\u00e9ndose en la obra m\u00e1s reconocida de la edici\u00f3n\u201d.\n    <\/p>\n<p class=\"article-text\">\n        El jurado<strong>\u00a0<\/strong>destac\u00f3 en su valoraci\u00f3n \u201cla intensidad de la arquitectura y el modo en que se ha utilizado la luz para moldear la calidad y la naturaleza de los espacios interiores, realzando la cualidad t\u00e1ctil de las superficies\u201d.\n    <\/p>\n<p class=\"article-text\">\n        Tambi\u00e9n subray\u00f3 que \u201cel proyecto se convertir\u00e1 en una contribuci\u00f3n esencial a la historia de la arquitectura de Tenerife\u201d.\u00a0\n    <\/p>\n<p class=\"article-text\">\n        En su discurso de recogida del premio,\u00a0<strong>Fernando Menis\u00a0<\/strong>se\u00f1al\u00f3 que \u201cla Iglesia del Sant\u00edsimo Redentor de Las Chumberas ha sido posible gracias al compromiso del Obispado de Tenerife y a la implicaci\u00f3n de la parroquia, los feligreses, vecinos y algunos empresarios locales\u201d.\n    <\/p>\n<p>            <img decoding=\"async\" class=\"lazy\" loading=\"lazy\" data-src=\"https:\/\/static.eldiario.es\/clip\/819c96b3-c136-4f6b-a3f6-303bb8cab9a5_source-aspect-ratio_default_0.jpg\" src=\"data:image\/svg+xml,%3Csvg xmlns=\" http:=\"\" viewbox=\"0 0 1095 1180\" alt=\"El arquitecto canario Fernando Menis con el presidente del jurado WAF 2025.\"\/><\/p>\n<p class=\"article-text\">\n        A\u00f1adi\u00f3 que el edificio fue concebido para contribuir a revitalizar el barrio y convertirse en un lugar de referencia, y que el proyecto se hizo realidad \u201cmediante donaciones\u201d, lo que convierte esta obra en un \u201cs\u00edmbolo del esfuerzo colectivo\u201d.\n    <\/p>\n<p class=\"article-text\">\n        La arquitectura \u201cinnovadora y expresiva\u201d del templo se inspira en la geolog\u00eda volc\u00e1nica de la isla, jugando con la luz natural, el hormig\u00f3n visto con distintas texturas y la piedra volc\u00e1nica local. El resultado es un espacio austero que combina funcionalidad y belleza, destacando tanto por la calidad de su ac\u00fastica como por su eficiencia energ\u00e9tica.\n    <\/p>\n<p>    <strong>Premios WAF<\/strong><\/p>\n<p class=\"article-text\">\n        Los\u00a0Premios WAF, considerados uno de los principales reconocimientos del sector arquitect\u00f3nico a nivel mundial, re\u00fanen cada a\u00f1o a destacados estudios y profesionales en un encuentro de tres d\u00edas que combina presentaciones en vivo, debates y conferencias.\n    <\/p>\n<p class=\"article-text\">\n        Durante el festival, los equipos defienden sus proyectos ante un jurado internacional en sesiones p\u00fablicas, uno de los rasgos distintivos del certamen.\n    <\/p>\n<p class=\"article-text\">\n        La edici\u00f3n de 2024 reuni\u00f3 a m\u00e1s de un millar de profesionales procedentes de m\u00e1s de cincuenta pa\u00edses, consolidando su car\u00e1cter global.\n    <\/p>\n<p class=\"article-text\">\n        En su 17.\u00aa edici\u00f3n, el jurado estuvo integrado por prestigiosos profesionales del \u00e1mbito arquitect\u00f3nico y cultural, procedentes de instituciones acad\u00e9micas, museos y publicaciones especializadas. Entre ellos figuraban Mohsen Mostafavi, profesor y exdecano de la Escuela de Arquitectura de Harvard; Sir Peter Cook, arquitecto y cofundador de Archigram; Beatrice Galilee, comisaria de arquitectura y dise\u00f1o del Museo Metropolitan de Nueva York; y Jonathan Glancey, cr\u00edtico y periodista.\n    <\/p>\n<p class=\"article-text\">\n        Este nuevo reconocimiento se suma a los numerosos premios obtenidos por la obra gracias a su singularidad arquitect\u00f3nica. Entre ellos destacan el Premio International Frate Sole de Arquitectura Sacra 2024, el Premio Internacional de Arquitectura Religiosa 2022 \u2014otorgado por la Asociaci\u00f3n de Arquitectos de Estados Unidos (AIA) y Faith &amp; Form\u2014 y el Premio de Dise\u00f1o ADF 2025 de la Fundaci\u00f3n Aoyama de Jap\u00f3n.\n    <\/p>\n<p class=\"article-text\">\n        Adem\u00e1s, la obra forma parte de la colecci\u00f3n permanente del Museo de Arte Moderno (MoMA) de Nueva York.\n    <\/p>\n<p class=\"article-text\">\n        Con este galard\u00f3n, esta peque\u00f1a iglesia situada en el barrio tinerfe\u00f1o de Las Chumberas consolida la presencia de Canarias en la escena arquitect\u00f3nica internacional, reafirm\u00e1ndose como un referente de innovaci\u00f3n y excelencia en el dise\u00f1o.\n    <\/p>\n","protected":false},"excerpt":{"rendered":"La Iglesia del Sant\u00edsimo Redentor de Las Chumberas, del arquitecto canario Fernando Menis, ha sido galardonada con el\u00a0Premio&hellip;\n","protected":false},"author":2,"featured_media":241335,"comment_status":"","ping_status":"","sticky":false,"template":"","format":"standard","meta":{"footnotes":""},"categories":[173],"tags":[229,233,231,230,232,234,1155,18702,146,147,25,24,12034,62102,62067,1684,3013,23,1370,62103],"class_list":{"0":"post-241334","1":"post","2":"type-post","3":"status-publish","4":"format-standard","5":"has-post-thumbnail","7":"category-arte-y-diseno","8":"tag-arte","9":"tag-arte-y-diseno","10":"tag-arts","11":"tag-arts-and-design","12":"tag-design","13":"tag-diseno","14":"tag-edificio","15":"tag-elegida","16":"tag-entertainment","17":"tag-entretenimiento","18":"tag-es","19":"tag-espana","20":"tag-iglesia","21":"tag-iglesia-del-santisimo-redentor","22":"tag-las-chumberas","23":"tag-mejor","24":"tag-mundo","25":"tag-spain","26":"tag-tenerife","27":"tag-waf"},"share_on_mastodon":{"url":"https:\/\/pubeurope.com\/@es\/115566485360457713","error":""},"_links":{"self":[{"href":"https:\/\/www.europesays.com\/es\/wp-json\/wp\/v2\/posts\/241334","targetHints":{"allow":["GET"]}}],"collection":[{"href":"https:\/\/www.europesays.com\/es\/wp-json\/wp\/v2\/posts"}],"about":[{"href":"https:\/\/www.europesays.com\/es\/wp-json\/wp\/v2\/types\/post"}],"author":[{"embeddable":true,"href":"https:\/\/www.europesays.com\/es\/wp-json\/wp\/v2\/users\/2"}],"replies":[{"embeddable":true,"href":"https:\/\/www.europesays.com\/es\/wp-json\/wp\/v2\/comments?post=241334"}],"version-history":[{"count":0,"href":"https:\/\/www.europesays.com\/es\/wp-json\/wp\/v2\/posts\/241334\/revisions"}],"wp:featuredmedia":[{"embeddable":true,"href":"https:\/\/www.europesays.com\/es\/wp-json\/wp\/v2\/media\/241335"}],"wp:attachment":[{"href":"https:\/\/www.europesays.com\/es\/wp-json\/wp\/v2\/media?parent=241334"}],"wp:term":[{"taxonomy":"category","embeddable":true,"href":"https:\/\/www.europesays.com\/es\/wp-json\/wp\/v2\/categories?post=241334"},{"taxonomy":"post_tag","embeddable":true,"href":"https:\/\/www.europesays.com\/es\/wp-json\/wp\/v2\/tags?post=241334"}],"curies":[{"name":"wp","href":"https:\/\/api.w.org\/{rel}","templated":true}]}}