{"id":241339,"date":"2025-11-17T18:39:10","date_gmt":"2025-11-17T18:39:10","guid":{"rendered":"https:\/\/www.europesays.com\/es\/241339\/"},"modified":"2025-11-17T18:39:10","modified_gmt":"2025-11-17T18:39:10","slug":"aspiraba-a-arrasar-en-streaming-pero-esta-pelicula-de-marvel-ha-sido-destronada-muy-rapido","status":"publish","type":"post","link":"https:\/\/www.europesays.com\/es\/241339\/","title":{"rendered":"Aspiraba a arrasar en streaming, pero esta pel\u00edcula de Marvel ha sido destronada muy r\u00e1pido"},"content":{"rendered":"<p>Tras terminar su paso por los cines con 521,8 millones de d\u00f3lares recaudados en la taquilla mundial, <strong>Los 4 Fant\u00e1sticos: Primeros Pasos<\/strong> dio el salto a Disney+.<\/p>\n<p>Y no te pierdas&#8230;<a href=\"https:\/\/es.ign.com\/pragmata\/223603\/news\/una-pista-apunta-al-regreso-de-pragmata-con-novedades-se-acerca-su-fecha-de-lanzamiento\" class=\"recirc_odd\" rel=\"nofollow noopener\" target=\"_blank\"><img decoding=\"async\" class=\"image\" src=\"https:\/\/www.europesays.com\/es\/wp-content\/uploads\/2025\/11\/pragmata-shows-capcom-trying-new-and-fun-ideas-and-it-seems_a6g3.640.jpg\" alt=\"Una pista apunta al regreso de Pragmata con novedades. \u00bfSe acerca su fecha de lanzamiento?\"\/>Una pista apunta al regreso de Pragmata con novedades. \u00bfSe acerca su fecha de lanzamiento?<\/a><\/p>\n<p>El segundo estreno se llev\u00f3 a cabo hace muy poco, <a href=\"https:\/\/es.ign.com\/disney-plus\/223162\/news\/hoy-tienes-una-cita-importante-con-disney-en-streaming\" rel=\"nofollow noopener\" target=\"_blank\">el pasado 5 de noviembre<\/a>. Has hecho bien los c\u00e1lculos: esta gran pel\u00edcula de superh\u00e9roes est\u00e1 en streaming <strong>desde hace poco m\u00e1s de una semana<\/strong>. Dada su popularidad, se esperaba que reventara cualquier r\u00e9cord conseguido anteriormente por otros proyectos de la plataforma de Disney, y aunque ha disfrutado del primer puesto desde el nuevo estreno, otra pel\u00edcula que no tiene nada que ver con Marvel Studios (ni con los superh\u00e9roes) <strong>se lo ha arrebatado<\/strong>.<\/p>\n<p>Esta historia de madre e hija puede con la Primera Familia de Marvel<\/p>\n<p>El pasado 12 de noviembre debut\u00f3 en Disney+ la secuela <strong><a href=\"https:\/\/es.ign.com\/freaky-friday-2\/214200\/news\/el-trailer-de-ponte-en-mi-lugar-de-nuevo-presenta-el-caos-conocido-con-algunos-giros-nuevos\" rel=\"nofollow noopener\" target=\"_blank\">Ponte en mi lugar de nuevo<\/a><\/strong>. No tuvo que pasar mucho tiempo para que sus datos de estreno superaran a los de Los 4 Fant\u00e1sticos: Primeros Pasos. Como se puede ver en <a href=\"https:\/\/flixpatrol.com\/top10\/disney\/\" rel=\"noopener nofollow\" target=\"_blank\">FlixPatrol<\/a>, la pel\u00edcula ocupa <strong>el primer puesto como lo m\u00e1s visto en la plataforma<\/strong>, con el largometraje de superh\u00e9roes encontr\u00e1ndose en el segundo.<\/p>\n<p>Ponte en mi lugar de nuevo es la secuela de <strong>Ponte en mi lugar<\/strong>, que se estren\u00f3 en 2003 con Jamie Lee Curtis y Lindsay Lohan encabezando el reparto. Ambas regresan como <strong>Tess y Anna Coleman<\/strong>, respectivamente.<\/p>\n<p>\u00abLa historia se desarrolla <strong>a\u00f1os despu\u00e9s <\/strong>de que Tess y Anna sufrieran una crisis de identidad. Anna tiene ahora una hija propia y una futura hijastra. Mientras se enfrentan a los innumerables desaf\u00edos que surgen cuando dos familias se fusionan, Tess y Anna descubren que <strong>la venganza puede ser dulce<\/strong>\u00ab, reza la sinopsis oficial.<\/p>\n<p>Ponte en mi lugar de nuevo, que logr\u00f3 recaudar m\u00e1s de m\u00e1s de 153 millones de d\u00f3lares tras su estreno en cines, est\u00e1 dirigida por Nisha Ganatra. <strong>Completan el reparto<\/strong> Julia Butters, Sophia Hammons, Manny Jacinto, Maitreyi Ramakrishnan, Rosalind Chao, Chad Michael Murray, Vanessa Bayer y Mark Harmon. Disfruta de ella, as\u00ed como de Los 4 Fant\u00e1sticos: Primeros Pasos, <strong>en <a href=\"http:\/\/https:\/\/clk.tradedoubler.com\/click?p=304653&amp;a=2504029&amp;epi=ign-es&amp;epi2=ign-es&amp;url=https%3A%2F%2Fwww.disneyplus.com%2Fes-es\" rel=\"noopener nofollow\" target=\"_blank\">Disney+<\/a><\/strong>.<\/p>\n","protected":false},"excerpt":{"rendered":"Tras terminar su paso por los cines con 521,8 millones de d\u00f3lares recaudados en la taquilla mundial, Los&hellip;\n","protected":false},"author":2,"featured_media":241340,"comment_status":"","ping_status":"","sticky":false,"template":"","format":"standard","meta":{"footnotes":""},"categories":[169],"tags":[177,146,147,25,24,176,175,23],"class_list":{"0":"post-241339","1":"post","2":"type-post","3":"status-publish","4":"format-standard","5":"has-post-thumbnail","7":"category-cine","8":"tag-cine","9":"tag-entertainment","10":"tag-entretenimiento","11":"tag-es","12":"tag-espana","13":"tag-film","14":"tag-movies","15":"tag-spain"},"share_on_mastodon":{"url":"https:\/\/pubeurope.com\/@es\/115566501390256301","error":""},"_links":{"self":[{"href":"https:\/\/www.europesays.com\/es\/wp-json\/wp\/v2\/posts\/241339","targetHints":{"allow":["GET"]}}],"collection":[{"href":"https:\/\/www.europesays.com\/es\/wp-json\/wp\/v2\/posts"}],"about":[{"href":"https:\/\/www.europesays.com\/es\/wp-json\/wp\/v2\/types\/post"}],"author":[{"embeddable":true,"href":"https:\/\/www.europesays.com\/es\/wp-json\/wp\/v2\/users\/2"}],"replies":[{"embeddable":true,"href":"https:\/\/www.europesays.com\/es\/wp-json\/wp\/v2\/comments?post=241339"}],"version-history":[{"count":0,"href":"https:\/\/www.europesays.com\/es\/wp-json\/wp\/v2\/posts\/241339\/revisions"}],"wp:featuredmedia":[{"embeddable":true,"href":"https:\/\/www.europesays.com\/es\/wp-json\/wp\/v2\/media\/241340"}],"wp:attachment":[{"href":"https:\/\/www.europesays.com\/es\/wp-json\/wp\/v2\/media?parent=241339"}],"wp:term":[{"taxonomy":"category","embeddable":true,"href":"https:\/\/www.europesays.com\/es\/wp-json\/wp\/v2\/categories?post=241339"},{"taxonomy":"post_tag","embeddable":true,"href":"https:\/\/www.europesays.com\/es\/wp-json\/wp\/v2\/tags?post=241339"}],"curies":[{"name":"wp","href":"https:\/\/api.w.org\/{rel}","templated":true}]}}