{"id":241343,"date":"2025-11-17T18:41:07","date_gmt":"2025-11-17T18:41:07","guid":{"rendered":"https:\/\/www.europesays.com\/es\/241343\/"},"modified":"2025-11-17T18:41:07","modified_gmt":"2025-11-17T18:41:07","slug":"el-gen-que-cambio-los-pronosticos-del-cancer-de-pulmon-no-microcitico-y-mejoro-su-tratamiento","status":"publish","type":"post","link":"https:\/\/www.europesays.com\/es\/241343\/","title":{"rendered":"El gen que cambi\u00f3 los pron\u00f3sticos del c\u00e1ncer de pulm\u00f3n no microc\u00edtico y mejor\u00f3 su tratamiento"},"content":{"rendered":"<p class=\"c-paragraph\">Cada 17 de noviembre se conmemora el<b>\u00a0D\u00eda Mundial de la Lucha contra el C\u00e1ncer de Pulm\u00f3n<\/b>. En esta jornada se crea <a href=\"https:\/\/www.20minutos.es\/salud\/medicina\/asi-diagnostica-cancer-pulmon-primeros-sintomas-alerta-tipos-5636718\/\" title=\"As\u00ed se diagnostica el c\u00e1ncer de pulm\u00f3n: estos son los primeros s\u00edntomas a los que prestar atenci\u00f3n\" rel=\"nofollow noopener\" target=\"_blank\">conciencia de la enfermedad, sus factores de riesgo, su prevenci\u00f3n<\/a>, as\u00ed como la necesidad de seguir con la investigaci\u00f3n. Precisamente, hace unos 20 a\u00f1os, all\u00e1 por 2004, <b>el descubrimiento de las mutaciones\u00a0del gen EGFR cambi\u00f3 algunos pron\u00f3sticos del c\u00e1ncer de pulm\u00f3n no microc\u00edtico\u00a0(CPNM)<\/b>\u00a0y mejor\u00f3 los tratamientos. Este tipo de c\u00e1ncer sigue liderando el 85% de los diagn\u00f3sticos y en el pasado a\u00f1o, se diagnosticaron m\u00e1s de 30.000 casos en Espa\u00f1a.\u00a0<\/p>\n<p class=\"c-paragraph\">El <b>c\u00e1ncer de pulm\u00f3n no microc\u00edtico\u00a0(CPNM)\u00a0recibe este nombre porque las c\u00e9lulas cancerosas son m\u00e1s grandes<\/b> que las del c\u00e1ncer de pulm\u00f3n de c\u00e9lulas peque\u00f1as. Aun as\u00ed, este tiende a diseminarse y crecer m\u00e1s lentamente, pero por ello no deja de ser el<b> c\u00e1ncer m\u00e1s com\u00fan a nivel mundial<\/b>, <a href=\"https:\/\/www.20minutos.es\/salud\/actualidad\/cancer-pulmon-un-cribado-cancer-pulmon-entre-fumadores-aumentaria-15-90-supervivencia-5721957\/\" title=\"Un cribado de c\u00e1ncer de pulm\u00f3n entre fumadores aumentar\u00eda la supervivencia hasta el 90%\" rel=\"nofollow noopener\" target=\"_blank\">que tiene como principal factor de riesgo el tabaquismo<\/a>. Pese a que el hallazgo de las mutaciones\u00a0del gen EGFR ha mejorado en las dos \u00faltimas dos d\u00e9cadas, la investigaci\u00f3n y prevenci\u00f3n sigue siendo primordial.\u00a0<\/p>\n<p>Qu\u00e9 cambi\u00f3 con el descubrimiento del gen EGFR<\/p>\n<p class=\"c-paragraph\">En 2004, cinco grupos independientes de investigadores identificaron las mutaciones que activaban la aparici\u00f3n de c\u00e1ncer de pulm\u00f3n no microc\u00edtico. Gracias a este hallazgo, el tratamiento de este tipo de c\u00e1ncer evolucion\u00f3, ya que <b>se pas\u00f3 de la administraci\u00f3n general de quimioterapia a terapias dirigidas<\/b>. Tal y como relata la farmac\u00e9utica AstraZeneca, \u00abdio paso a la oncolog\u00eda de precisi\u00f3n en esta enfermedad\u00bb.<\/p>\n<p class=\"c-paragraph\">Las siglas\u00a0EGFR responden al concepto de\u00a0Receptor del Factor de Crecimiento Epid\u00e9rmico, un gen normal en el organismo humano que funciona como un interruptor celular. <a href=\"https:\/\/www.cancer.gov\/espanol\/publicaciones\/diccionarios\/diccionario-cancer\/def\/gen-egfr\" target=\"_blank\" rel=\"nofollow noopener\">Seg\u00fan el Instituto Nacional del C\u00e1ncer<\/a>, <b>\u00abes el gen que da origen a una prote\u00edna que participa en la multiplicaci\u00f3n y supervivencia celular\u00bb.<\/b> Sin embargo, su mutaci\u00f3n hace que se produzcan m\u00e1s prote\u00ednas de las normales en algunas c\u00e9lulas cancerosas, por lo que las c\u00e9lulas se multiplican m\u00e1s r\u00e1pido.\u00a0<\/p>\n<p class=\"c-paragraph\">As\u00ed, pues, \u00ab<b>supuso la detecci\u00f3n de la primera mutaci\u00f3n driver o mutaci\u00f3n conductora del c\u00e1ncer de pulm\u00f3n<\/b>, es decir, una alteraci\u00f3n gen\u00e9tica que causa el desarrollo y proliferaci\u00f3n del tumor\u00bb, explica la Dra. Lola Lozano, presidenta de la Sociedad Espa\u00f1ola de Anatom\u00eda Patol\u00f3gica (SEAP) y jefa de Anatom\u00eda Patol\u00f3gica de la Cl\u00ednica Universidad de Navarra, en declaraciones recogidas por AstraZeneca.<\/p>\n","protected":false},"excerpt":{"rendered":"Cada 17 de noviembre se conmemora el\u00a0D\u00eda Mundial de la Lucha contra el C\u00e1ncer de Pulm\u00f3n. En esta&hellip;\n","protected":false},"author":2,"featured_media":241344,"comment_status":"","ping_status":"","sticky":false,"template":"","format":"standard","meta":{"footnotes":""},"categories":[92],"tags":[19733,62106,25,24,2381,165,1812,681,3613,166,3215,23,62105],"class_list":{"0":"post-241343","1":"post","2":"type-post","3":"status-publish","4":"format-standard","5":"has-post-thumbnail","7":"category-salud","8":"tag-cancer-de-pulmon","9":"tag-cancer-de-pulmon-no-microcitico","10":"tag-es","11":"tag-espana","12":"tag-genetica","13":"tag-health","14":"tag-investigacion-medica","15":"tag-medicina","16":"tag-oncologia","17":"tag-salud","18":"tag-seo20","19":"tag-spain","20":"tag-tratamiento-del-cancer"},"share_on_mastodon":{"url":"https:\/\/pubeurope.com\/@es\/115566509129293923","error":""},"_links":{"self":[{"href":"https:\/\/www.europesays.com\/es\/wp-json\/wp\/v2\/posts\/241343","targetHints":{"allow":["GET"]}}],"collection":[{"href":"https:\/\/www.europesays.com\/es\/wp-json\/wp\/v2\/posts"}],"about":[{"href":"https:\/\/www.europesays.com\/es\/wp-json\/wp\/v2\/types\/post"}],"author":[{"embeddable":true,"href":"https:\/\/www.europesays.com\/es\/wp-json\/wp\/v2\/users\/2"}],"replies":[{"embeddable":true,"href":"https:\/\/www.europesays.com\/es\/wp-json\/wp\/v2\/comments?post=241343"}],"version-history":[{"count":0,"href":"https:\/\/www.europesays.com\/es\/wp-json\/wp\/v2\/posts\/241343\/revisions"}],"wp:featuredmedia":[{"embeddable":true,"href":"https:\/\/www.europesays.com\/es\/wp-json\/wp\/v2\/media\/241344"}],"wp:attachment":[{"href":"https:\/\/www.europesays.com\/es\/wp-json\/wp\/v2\/media?parent=241343"}],"wp:term":[{"taxonomy":"category","embeddable":true,"href":"https:\/\/www.europesays.com\/es\/wp-json\/wp\/v2\/categories?post=241343"},{"taxonomy":"post_tag","embeddable":true,"href":"https:\/\/www.europesays.com\/es\/wp-json\/wp\/v2\/tags?post=241343"}],"curies":[{"name":"wp","href":"https:\/\/api.w.org\/{rel}","templated":true}]}}