{"id":241349,"date":"2025-11-17T18:44:08","date_gmt":"2025-11-17T18:44:08","guid":{"rendered":"https:\/\/www.europesays.com\/es\/241349\/"},"modified":"2025-11-17T18:44:08","modified_gmt":"2025-11-17T18:44:08","slug":"consumo-lanza-una-campana-para-vigilar-posibles-rebajas-enganosas-en-black-friday","status":"publish","type":"post","link":"https:\/\/www.europesays.com\/es\/241349\/","title":{"rendered":"Consumo lanza una campa\u00f1a para vigilar posibles rebajas enga\u00f1osas en &#8216;Black Friday&#8217;"},"content":{"rendered":"<p>El Ministerio de Derechos Sociales, Consumo y Agenda 2030 ha anunciado el lanzamiento de una campa\u00f1a para investigar posibles rebajas enga\u00f1osas por parte de las empresas en la \u00e9poca de rebajas de finales de noviembre, que abarca <strong>desde el &#8216;Black Friday&#8217; hasta el &#8216;Cyber Monday&#8217;.<\/strong><\/p>\n<p>As\u00ed lo ha comunicado este lunes el ministro de este departamento, Pablo Bustinduy, que ha detallado que la Direcci\u00f3n General de Consumo har\u00e1 una <strong>monitorizaci\u00f3n masiva de los precios y productos<\/strong> para detectar posibles rebajas fraudulentas, es decir, que las compa\u00f1\u00edas decidan subir el coste de los art\u00edculos antes de que llegue el &#8216;Black Friday&#8217; para luego rebajarlo a su precio origina y simular una oferta irreal.<\/p>\n<p>Esta pr\u00e1ctica ha sido denunciada en a\u00f1os anteriores <a href=\"https:\/\/www.dsca.gob.es\/es\/comunicacion\/notas-prensa\/consumo-investigara-falsas-rebajas-este-black-friday-sanciones-impuso-ano\" target=\"_blank\" rel=\"nofollow noopener\">por este ministerio<\/a> y las asociaciones de consumidores, tanto Facua como la OCU. Adem\u00e1s, hay usuarios que creen que el &#8216;Black Friday&#8217; <a href=\"https:\/\/www.rtve.es\/noticias\/20231124\/black-friday-adelantar-compras-regalos-navidad-reyes-ofertas-ahorro\/2460125.shtml\" target=\"_blank\" rel=\"nofollow noopener\">no siempre supone tanto ahorro como el que promociona<\/a> y, por ello, cada vez son m\u00e1s los que hacen seguimiento de los art\u00edculos que quieren para asegurarse de que les compensa econ\u00f3micamente.<\/p>\n<p>Como recuerda el departamento liderado por Bustinduy, estas acciones por parte de las empresas suponen una infracci\u00f3n del art\u00edculo 20 de la Ley de Ordenaci\u00f3n del Comercio Minorista. Esta norma estipula que, a la hora de mostrar el descuento de un producto, se debe indicar como <strong>precio de referencia el menor que haya tenido<\/strong> en los<strong> 30 d\u00edas anteriores al descuento<\/strong>. El pasado mes de octubre, el Tribunal Superior de Justicia de Madrid aval\u00f3 las sanciones dictaminadas por Consumo a algunas empresas por ofertar falsas rebajas durante <a href=\"https:\/\/www.rtve.es\/noticias\/20221125\/black-friday-origen\/2227581.shtml\" target=\"_blank\" rel=\"nofollow noopener\">el &#8216;Back Friday&#8217;<\/a>.<\/p>\n<p>Pondr\u00e1 el foco en m\u00e1s pr\u00e1cticas comerciales desleales<\/p>\n<p>Adem\u00e1s, Consumo ampl\u00eda el cat\u00e1logo de pr\u00e1cticas comerciales desleales que ser\u00e1n monitorizadas y sancionadas. Por ejemplo, pondr\u00e1 el foco en los <strong>precios por goteo<\/strong>, una t\u00e9cnica con la que las marcas ocultan el precio final desde el inicio del proceso de compra y, a medida que se va avanzando sobre el mismo, se van a\u00f1adiendo otros sobrecostes y gastos, lo que puede confundir al usuario. Tambi\u00e9n vigilar\u00e1 las<strong> t\u00e9cnicas que presionan a comprar de forma precipitada y con urgencia<\/strong> mostrando en las webs relojes con una cuenta atr\u00e1s irreal o mensajes falsos de escasez de art\u00edculos.<\/p>\n<p>Otra de las estrategias en el punto de mira de Consumo es el de ofrecer precios personalizados basados en datos personales y que pueden derivar en una situaci\u00f3n discriminatoria. Asimismo, vigilar\u00e1 las <strong>comparaciones de precios enga\u00f1osas<\/strong>, es decir, aquellas en las que un comercio compara un coste promocional con otro que no est\u00e1 presente habitualmente en el mercado para simular una rebaja mayor.<\/p>\n<p>La investigaci\u00f3n del ministerio en esta campa\u00f1a de rebajas se centrar\u00e1 en el comercio electr\u00f3nico y, especialmente, en productos textiles, juguetes, tecnolog\u00eda y peque\u00f1os electrodom\u00e9sticos. \u00abNing\u00fan modelo de negocio puede basarse en la vulneraci\u00f3n de los derechos de las personas consumidoras\u00bb, ha remarcado Bustinduy en rueda de prensa.<\/p>\n","protected":false},"excerpt":{"rendered":"El Ministerio de Derechos Sociales, Consumo y Agenda 2030 ha anunciado el lanzamiento de una campa\u00f1a para investigar&hellip;\n","protected":false},"author":2,"featured_media":241350,"comment_status":"","ping_status":"","sticky":false,"template":"","format":"standard","meta":{"footnotes":""},"categories":[80],"tags":[82,95,94,25,24,23],"class_list":{"0":"post-241349","1":"post","2":"type-post","3":"status-publish","4":"format-standard","5":"has-post-thumbnail","7":"category-economia","8":"tag-business","9":"tag-economia","10":"tag-economy","11":"tag-es","12":"tag-espana","13":"tag-spain"},"share_on_mastodon":{"url":"https:\/\/pubeurope.com\/@es\/115566520989234460","error":""},"_links":{"self":[{"href":"https:\/\/www.europesays.com\/es\/wp-json\/wp\/v2\/posts\/241349","targetHints":{"allow":["GET"]}}],"collection":[{"href":"https:\/\/www.europesays.com\/es\/wp-json\/wp\/v2\/posts"}],"about":[{"href":"https:\/\/www.europesays.com\/es\/wp-json\/wp\/v2\/types\/post"}],"author":[{"embeddable":true,"href":"https:\/\/www.europesays.com\/es\/wp-json\/wp\/v2\/users\/2"}],"replies":[{"embeddable":true,"href":"https:\/\/www.europesays.com\/es\/wp-json\/wp\/v2\/comments?post=241349"}],"version-history":[{"count":0,"href":"https:\/\/www.europesays.com\/es\/wp-json\/wp\/v2\/posts\/241349\/revisions"}],"wp:featuredmedia":[{"embeddable":true,"href":"https:\/\/www.europesays.com\/es\/wp-json\/wp\/v2\/media\/241350"}],"wp:attachment":[{"href":"https:\/\/www.europesays.com\/es\/wp-json\/wp\/v2\/media?parent=241349"}],"wp:term":[{"taxonomy":"category","embeddable":true,"href":"https:\/\/www.europesays.com\/es\/wp-json\/wp\/v2\/categories?post=241349"},{"taxonomy":"post_tag","embeddable":true,"href":"https:\/\/www.europesays.com\/es\/wp-json\/wp\/v2\/tags?post=241349"}],"curies":[{"name":"wp","href":"https:\/\/api.w.org\/{rel}","templated":true}]}}