{"id":241351,"date":"2025-11-17T18:45:11","date_gmt":"2025-11-17T18:45:11","guid":{"rendered":"https:\/\/www.europesays.com\/es\/241351\/"},"modified":"2025-11-17T18:45:11","modified_gmt":"2025-11-17T18:45:11","slug":"alemania-levantara-la-restriccion-de-exportar-armas-a-israel-dw-17-11-2025","status":"publish","type":"post","link":"https:\/\/www.europesays.com\/es\/241351\/","title":{"rendered":"Alemania levantar\u00e1 la restricci\u00f3n de exportar armas a Israel \u2013 DW \u2013 17\/11\/2025"},"content":{"rendered":"<p>El Gobierno de <a class=\"internal-link\" href=\"https:\/\/www.dw.com\/es\/alemania\/t-17411625\" rel=\"nofollow noopener\" target=\"_blank\">Alemania<\/a>\u00a0acaba de anunciar que levantar\u00e1 <a class=\"internal-link\" href=\"https:\/\/www.dw.com\/es\/alemania-suspende-la-exportaci\u00f3n-de-armas-a-israel-para-su-uso-en-gaza\/a-73566141\" rel=\"nofollow noopener\" target=\"_blank\">las restricciones<\/a> a las <a class=\"internal-link\" href=\"https:\/\/www.dw.com\/es\/paz-para-gaza-el-papel-de-alemania-en-un-nuevo-comienzo-en-oriente-medio\/a-74375385\" rel=\"nofollow noopener\" target=\"_blank\">exportaciones de armamento<\/a> impuestas en agosto de 2025 a <a class=\"internal-link\" href=\"https:\/\/www.dw.com\/es\/israel\/t-17412656\" rel=\"nofollow noopener\" target=\"_blank\">Israel,<\/a> por considerar\u00a0 que se cumple el alto el fuego que rige en la <a class=\"internal-link\" href=\"https:\/\/www.dw.com\/es\/franja-de-gaza\/t-67111647\" rel=\"nofollow noopener\" target=\"_blank\">Franja de Gaza.<\/a><\/p>\n<p>En una rueda de prensa ordinaria del Gobierno, Sebastian Hille, vocero adjunto del Ejecutivo alem\u00e1n, confirm\u00f3 que \u00ablas restricciones a la exportaci\u00f3n de armas a Israel anunciadas en el comunicado del Gobierno del 8 de agosto de 2025 quedan derogadas y la derogaci\u00f3n entrar\u00e1 en vigor el 24 de noviembre\u00bb.<\/p>\n<p>La base de esta decisi\u00f3n, precis\u00f3 Hille, es el alto el fuego vigente en la Franja de Gaza desde el pasado 10 de octubre que, en principio, \u00abse ha estabilizado\u00bb.<\/p>\n<p>Decisi\u00f3n revisable<\/p>\n<p>\u00abEsperamos que todos respeten los acuerdos alcanzados. Esto incluye que se mantenga el alto el fuego, que se preste ayuda humanitaria a gran escala y que el proceso contin\u00fae de forma ordenada\u00bb, es decir, \u00abque ambas partes, tanto Israel como la parte palestina, se atengan al proceso acordado\u00bb, enfatiz\u00f3 el vocero.<\/p>\n<p>Hille record\u00f3 que el Gobierno alem\u00e1n siempre hab\u00eda dicho que revisar\u00eda su decisi\u00f3n de restringir temporalmente la exportaci\u00f3n de armamento \u00aba la luz de los acontecimientos sobre el terreno\u00bb.<\/p>\n<p>ms (dpa\/efe)<\/p>\n<p>\u00a0<\/p>\n<p>\u00a0<\/p>\n","protected":false},"excerpt":{"rendered":"El Gobierno de Alemania\u00a0acaba de anunciar que levantar\u00e1 las restricciones a las exportaciones de armamento impuestas en agosto&hellip;\n","protected":false},"author":2,"featured_media":241352,"comment_status":"","ping_status":"","sticky":false,"template":"","format":"standard","meta":{"footnotes":""},"categories":[42],"tags":[17,18,13,14,11,61,62,63,64,19,20,9,10,15,16,12,21,22,65,66,67],"class_list":{"0":"post-241351","1":"post","2":"type-post","3":"status-publish","4":"format-standard","5":"has-post-thumbnail","7":"category-internacional","8":"tag-breaking-news","9":"tag-breakingnews","10":"tag-featured-news","11":"tag-featurednews","12":"tag-headlines","13":"tag-internacional","14":"tag-international","15":"tag-international-news","16":"tag-internationalnews","17":"tag-latest-news","18":"tag-latestnews","19":"tag-news","20":"tag-noticias","21":"tag-noticias-destacadas","22":"tag-noticiasdestacadas","23":"tag-titulares","24":"tag-ultimas-noticias","25":"tag-ultimasnoticias","26":"tag-world","27":"tag-world-news","28":"tag-worldnews"},"share_on_mastodon":{"url":"https:\/\/pubeurope.com\/@es\/115566524811251471","error":""},"_links":{"self":[{"href":"https:\/\/www.europesays.com\/es\/wp-json\/wp\/v2\/posts\/241351","targetHints":{"allow":["GET"]}}],"collection":[{"href":"https:\/\/www.europesays.com\/es\/wp-json\/wp\/v2\/posts"}],"about":[{"href":"https:\/\/www.europesays.com\/es\/wp-json\/wp\/v2\/types\/post"}],"author":[{"embeddable":true,"href":"https:\/\/www.europesays.com\/es\/wp-json\/wp\/v2\/users\/2"}],"replies":[{"embeddable":true,"href":"https:\/\/www.europesays.com\/es\/wp-json\/wp\/v2\/comments?post=241351"}],"version-history":[{"count":0,"href":"https:\/\/www.europesays.com\/es\/wp-json\/wp\/v2\/posts\/241351\/revisions"}],"wp:featuredmedia":[{"embeddable":true,"href":"https:\/\/www.europesays.com\/es\/wp-json\/wp\/v2\/media\/241352"}],"wp:attachment":[{"href":"https:\/\/www.europesays.com\/es\/wp-json\/wp\/v2\/media?parent=241351"}],"wp:term":[{"taxonomy":"category","embeddable":true,"href":"https:\/\/www.europesays.com\/es\/wp-json\/wp\/v2\/categories?post=241351"},{"taxonomy":"post_tag","embeddable":true,"href":"https:\/\/www.europesays.com\/es\/wp-json\/wp\/v2\/tags?post=241351"}],"curies":[{"name":"wp","href":"https:\/\/api.w.org\/{rel}","templated":true}]}}