{"id":241355,"date":"2025-11-17T18:52:19","date_gmt":"2025-11-17T18:52:19","guid":{"rendered":"https:\/\/www.europesays.com\/es\/241355\/"},"modified":"2025-11-17T18:52:19","modified_gmt":"2025-11-17T18:52:19","slug":"creo-que-es-el-final-la-ex-numero-1-y-campeona-de-grand-slam-que-se-aleja-del-tenis","status":"publish","type":"post","link":"https:\/\/www.europesays.com\/es\/241355\/","title":{"rendered":"\u00abCreo que es el final\u00bb: la ex n\u00famero 1 y campeona de Grand Slam que se aleja del tenis"},"content":{"rendered":"<p>Fue campeona de <strong>Australia en 2018<\/strong> y lleg\u00f3 a sacarle el <strong>n\u00famero 1 del mundo<\/strong> a<strong> Serena Williams <\/strong>en 2010, pero hoy la actualidad de<strong> Caroline Wozniacki<\/strong>, a sus 35 a\u00f1os, est\u00e1 m\u00e1s centrada en la vida familiar junto a sus tres hijos y las ocupaciones m\u00e1s all\u00e1 del tenis.<\/p>\n<p><strong>\u201cCreo que es un no\u201d<\/strong>, dijo la danesa en el podcast Nothing Major cuando le preguntaron si volver\u00eda a competir en el circuito WTA. La oriunda de Odense, ganadora de 30 t\u00edtulos WTA, se retir\u00f3 por primera vez tras el <strong>Abierto de Australia de 2020<\/strong> y regres\u00f3 sorpresivamente en 2023 hasta llegar a jugar 14 torneos en 2024, incluyendo los octavos de final del <strong>US Open<\/strong>. Sin embargo, desde su \u00faltima aparici\u00f3n en el Abierto de los Estados Unidos no ha participado en ning\u00fan evento. Adem\u00e1s, en julio de 2025 dio a luz a su tercer hijo, y su agenda se ha centrado en la familia.<\/p>\n<p>Relacionado<\/p>\n<p>2 Relacionado<\/p>\n<p>\u201cSi dependiera de David, mi esposo, seguro que me se\u00f1alar\u00eda r\u00e1pidamente mi <strong>ranking protegido, el cual puedo utilizar<\/strong>. \u00c9l me animar\u00eda a jugar los pr\u00f3ximos torneos, estoy segura, sobre todo los grandes torneos\u201d, dijo en conversaci\u00f3n con los ex jugadores John Isner, Jack Sock, Steve Johnson y Sam Querrey. Pero a\u00f1adi\u00f3: <strong>\u201cCon tres ni\u00f1os peque\u00f1os, esto ya me supone un trabajo a tiempo completo\u201d<\/strong>.<\/p>\n<p>Aunque reconoce que \u201cnunca puedes decir nunca\u201d, Wozniacki ya visualiza su siguiente etapa fuera de las canchas. \u201cMe lo he pasado genial estos \u00faltimos a\u00f1os<strong> trabajando en televisi\u00f3n<\/strong>, la verdad es que lo disfruto mucho\u201d, coment\u00f3. \u201c<strong>Dir\u00eda que mis pr\u00f3ximos pasos pueden ir en esa direcci\u00f3<\/strong>n. Me gustar\u00eda trabajar solo algunas semanas seleccionadas durante el a\u00f1o para luego <strong>relajarme junto a mi familia<\/strong>. Este ser\u00eda el equilibrio perfecto\u201d.<\/p>\n","protected":false},"excerpt":{"rendered":"Fue campeona de Australia en 2018 y lleg\u00f3 a sacarle el n\u00famero 1 del mundo a Serena Williams&hellip;\n","protected":false},"author":2,"featured_media":241356,"comment_status":"","ping_status":"","sticky":false,"template":"","format":"standard","meta":{"footnotes":""},"categories":[274],"tags":[168,25,24,23,167,327,326],"class_list":{"0":"post-241355","1":"post","2":"type-post","3":"status-publish","4":"format-standard","5":"has-post-thumbnail","7":"category-tenis","8":"tag-deportes","9":"tag-es","10":"tag-espana","11":"tag-spain","12":"tag-sports","13":"tag-tenis","14":"tag-tennis"},"share_on_mastodon":{"url":"https:\/\/pubeurope.com\/@es\/115566552303776058","error":""},"_links":{"self":[{"href":"https:\/\/www.europesays.com\/es\/wp-json\/wp\/v2\/posts\/241355","targetHints":{"allow":["GET"]}}],"collection":[{"href":"https:\/\/www.europesays.com\/es\/wp-json\/wp\/v2\/posts"}],"about":[{"href":"https:\/\/www.europesays.com\/es\/wp-json\/wp\/v2\/types\/post"}],"author":[{"embeddable":true,"href":"https:\/\/www.europesays.com\/es\/wp-json\/wp\/v2\/users\/2"}],"replies":[{"embeddable":true,"href":"https:\/\/www.europesays.com\/es\/wp-json\/wp\/v2\/comments?post=241355"}],"version-history":[{"count":0,"href":"https:\/\/www.europesays.com\/es\/wp-json\/wp\/v2\/posts\/241355\/revisions"}],"wp:featuredmedia":[{"embeddable":true,"href":"https:\/\/www.europesays.com\/es\/wp-json\/wp\/v2\/media\/241356"}],"wp:attachment":[{"href":"https:\/\/www.europesays.com\/es\/wp-json\/wp\/v2\/media?parent=241355"}],"wp:term":[{"taxonomy":"category","embeddable":true,"href":"https:\/\/www.europesays.com\/es\/wp-json\/wp\/v2\/categories?post=241355"},{"taxonomy":"post_tag","embeddable":true,"href":"https:\/\/www.europesays.com\/es\/wp-json\/wp\/v2\/tags?post=241355"}],"curies":[{"name":"wp","href":"https:\/\/api.w.org\/{rel}","templated":true}]}}