{"id":241364,"date":"2025-11-17T18:58:18","date_gmt":"2025-11-17T18:58:18","guid":{"rendered":"https:\/\/www.europesays.com\/es\/241364\/"},"modified":"2025-11-17T18:58:18","modified_gmt":"2025-11-17T18:58:18","slug":"asi-se-hizo-la-foto-imposible-del-hombre-cayendo-en-el-sol","status":"publish","type":"post","link":"https:\/\/www.europesays.com\/es\/241364\/","title":{"rendered":"as\u00ed se hizo la foto \u00abimposible\u00bb del hombre cayendo en el Sol"},"content":{"rendered":"<p>Parece un montaje, pero es tan real que ha dado la vuelta al mundo justo cuando la IA estaba consiguiendo que las im\u00e1genes surrealistas dejaran de impresionarnos. \u00abLa Ca\u00edda de \u00cdcaro\u00bb de Andrew McCarthy ha demostrado que todav\u00eda hay formas de superar a la m\u00e1quina con precisi\u00f3n t\u00e9cnica y meses de planificaci\u00f3n.<\/p>\n<p><strong>Una locura log\u00edstica.<\/strong> En la foto, una silueta a contraluz parece haberse lanzado en ca\u00edda libre sobre el Sol. Es el paracaidista <a rel=\"noopener, noreferrer nofollow\" href=\"https:\/\/www.instagram.com\/p\/DRBAaqLkvye\" target=\"_blank\">Gabriel C. Brown<\/a> transitando frente a un disco solar particularmente activo. Al otro lado del telescopio, el famoso astrofot\u00f3grafo <a rel=\"noopener, noreferrer nofollow\" href=\"https:\/\/x.com\/AJamesMcCarthy\/status\/1989027887689998561\">Andrew McCarthy<\/a>, que hab\u00eda empezado a planear la captura a principios de a\u00f1o.<\/p>\n<p>    <a href=\"https:\/\/www.xataka.com\/espacio\/pregunta-como-espaciosa-sera-nave-starship-respuesta\" class=\"pivot-outboundlink\" data-vars-post-title=\"Si la pregunta es c\u00f3mo de espaciosa ser\u00e1 la nave Starship, la respuesta es s\u00ed\" rel=\"nofollow noopener\" target=\"_blank\"><br \/>\n     <img loading=\"lazy\" decoding=\"async\" alt=\"Si la pregunta es c\u00f3mo de espaciosa ser\u00e1 la nave Starship, la respuesta es s\u00ed\" width=\"375\" height=\"142\" src=\"https:\/\/www.europesays.com\/es\/wp-content\/uploads\/2025\/11\/1763405898_184_375_142.jpeg\"\/><br \/>\n    <\/a><\/p>\n<p>Es, muy posiblemente, la primera foto de este tipo, puesto que la lista de variables a controlar era demencial. Necesitaban el \u00e1ngulo solar \u00f3ptimo, una altura segura para que Brown se lanzase y una senda de planeo calculada a la perfecci\u00f3n entre el Sol y la c\u00e1mara.<\/p>\n<p><strong>Comunicaci\u00f3n a tres bandas.<\/strong> Eran las 9 de la ma\u00f1ana en el desierto de Arizona. McCarthy ten\u00eda sus telescopios preparados y estaba en constante comunicaci\u00f3n tanto con Gabriel Brown, el paracaidista, como con Jim Hamberlin, el piloto del paramotor desde el que se lanzar\u00eda.<\/p>\n<p>McCarthy sigui\u00f3 la aeronave con su telescopio y, una vez estuvo alineada con el Sol, dio la orden. \u00abDe acuerdo, te veo\u00bb, dijo por radio. \u00ab\u00a1Salta, salta, salta!\u00bb. Brown salt\u00f3 a unos 1.070 metros de altitud con el motor al ralent\u00ed para asegurar un \u00e1ngulo perfecto. \u00ab\u00a1Lo tengo, t\u00edo!\u00bb, oy\u00f3 decir por la radio.<\/p>\n<p><strong>A la sexta fue la vencida.<\/strong> McCarthy cont\u00f3 a <a rel=\"noopener, noreferrer nofollow\" href=\"https:\/\/www.livescience.com\/space\/the-sun\/astrophotographer-snaps-absolutely-preposterous-photo-of-skydiver-falling-past-the-suns-surface\" target=\"_blank\">Live Science<\/a> que el mayor desaf\u00edo hab\u00eda sido encontrar el paramotor en el cielo. A pesar de que estaba a unos 2,4 km de su posici\u00f3n, la gracia de la toma era capturar en detalle el Sol, que se encontraba a 50 millones de veces la misma distancia.<\/p>\n<p>El equipo necesit\u00f3 seis intentos para alinear correctamente la aeronave con la posici\u00f3n del fot\u00f3grafo en el suelo. A la hora de la verdad, solo pod\u00edan hacer un salto, ya que plegar el paraca\u00eddas para un segundo intento habr\u00eda llevado demasiado tiempo.<\/p>\n<p><strong>\u00bfDe verdad no es un montaje?<\/strong> No lo es, y el secreto est\u00e1 en el telescopio. Como explica <a rel=\"noopener, noreferrer nofollow\" href=\"https:\/\/petapixel.com\/2025\/11\/14\/sun-skydiver-photo-andrew-mccarthy\/\" target=\"_blank\">PetaPixel<\/a>, llevaba un filtro de hidr\u00f3geno-alfa para bloquear toda la luz del Sol excepto una longitud de onda roja muy espec\u00edfica que emite hidr\u00f3geno incandescente. As\u00ed es como se toman esas im\u00e1genes infernales de la cromosfera solar: la capa de \u00abfuego\u00bb activa sobre la superficie del Sol, con sus filamentos y protuberancias especialmente visibles en \u00e9pocas de mayor actividad solar.<\/p>\n<p>No es muy distinto a c\u00f3mo se hacen otras fotos de cohetes y estaciones espaciales pasando por delante del Sol, pero con un plus de planificaci\u00f3n y audacia para que el protagonista de la imagen sea, por primera vez, una diminuta persona.<\/p>\n<p>Im\u00e1genes | <a rel=\"noopener, noreferrer nofollow\" href=\"https:\/\/x.com\/AJamesMcCarthy\/status\/1989404686202568727\/photo\/1\">Andrew McCarthy<\/a><\/p>\n<p>En Xataka | <a class=\"text-outboundlink\" href=\"https:\/\/www.xataka.com\/espacio\/perseidas-caen-rapido-a-tierra-que-solo-tres-astronautas-han-logrado-fotografiarlas-arriba\" data-vars-post-title=\"Estamos acostumbrados a ver las Perseidas mirando hacia arriba. As\u00ed se ven desde el espacio, mirando hacia abajo\" data-vars-post-url=\"https:\/\/www.xataka.com\/espacio\/perseidas-caen-rapido-a-tierra-que-solo-tres-astronautas-han-logrado-fotografiarlas-arriba\" rel=\"nofollow noopener\" target=\"_blank\">Estamos acostumbrados a ver las Perseidas mirando hacia arriba. As\u00ed se ven desde el espacio, mirando hacia abajo<\/a><\/p>\n<p> <script async src=\"\/\/www.instagram.com\/embed.js\"><\/script><\/p>\n","protected":false},"excerpt":{"rendered":"Parece un montaje, pero es tan real que ha dado la vuelta al mundo justo cuando la IA&hellip;\n","protected":false},"author":2,"featured_media":241365,"comment_status":"","ping_status":"","sticky":false,"template":"","format":"standard","meta":{"footnotes":""},"categories":[173],"tags":[229,233,231,230,232,234,146,147,25,24,23],"class_list":{"0":"post-241364","1":"post","2":"type-post","3":"status-publish","4":"format-standard","5":"has-post-thumbnail","7":"category-arte-y-diseno","8":"tag-arte","9":"tag-arte-y-diseno","10":"tag-arts","11":"tag-arts-and-design","12":"tag-design","13":"tag-diseno","14":"tag-entertainment","15":"tag-entretenimiento","16":"tag-es","17":"tag-espana","18":"tag-spain"},"share_on_mastodon":{"url":"https:\/\/pubeurope.com\/@es\/115566575910712633","error":""},"_links":{"self":[{"href":"https:\/\/www.europesays.com\/es\/wp-json\/wp\/v2\/posts\/241364","targetHints":{"allow":["GET"]}}],"collection":[{"href":"https:\/\/www.europesays.com\/es\/wp-json\/wp\/v2\/posts"}],"about":[{"href":"https:\/\/www.europesays.com\/es\/wp-json\/wp\/v2\/types\/post"}],"author":[{"embeddable":true,"href":"https:\/\/www.europesays.com\/es\/wp-json\/wp\/v2\/users\/2"}],"replies":[{"embeddable":true,"href":"https:\/\/www.europesays.com\/es\/wp-json\/wp\/v2\/comments?post=241364"}],"version-history":[{"count":0,"href":"https:\/\/www.europesays.com\/es\/wp-json\/wp\/v2\/posts\/241364\/revisions"}],"wp:featuredmedia":[{"embeddable":true,"href":"https:\/\/www.europesays.com\/es\/wp-json\/wp\/v2\/media\/241365"}],"wp:attachment":[{"href":"https:\/\/www.europesays.com\/es\/wp-json\/wp\/v2\/media?parent=241364"}],"wp:term":[{"taxonomy":"category","embeddable":true,"href":"https:\/\/www.europesays.com\/es\/wp-json\/wp\/v2\/categories?post=241364"},{"taxonomy":"post_tag","embeddable":true,"href":"https:\/\/www.europesays.com\/es\/wp-json\/wp\/v2\/tags?post=241364"}],"curies":[{"name":"wp","href":"https:\/\/api.w.org\/{rel}","templated":true}]}}