{"id":241366,"date":"2025-11-17T19:00:15","date_gmt":"2025-11-17T19:00:15","guid":{"rendered":"https:\/\/www.europesays.com\/es\/241366\/"},"modified":"2025-11-17T19:00:15","modified_gmt":"2025-11-17T19:00:15","slug":"rtve-anuncia-por-sorpresa-un-nuevo-programa-de-gemma-nierga-para-las-tardes-del-fin-de-semana-en-la-2","status":"publish","type":"post","link":"https:\/\/www.europesays.com\/es\/241366\/","title":{"rendered":"RTVE anuncia por sorpresa un nuevo programa de Gemma Nierga para las tardes del fin de semana en La 2"},"content":{"rendered":"<p class=\"article-text\">\n        <strong>Gemma Nierga<\/strong> ampl\u00eda su presencia en televisi\u00f3n m\u00e1s all\u00e1 del magac\u00edn Caf\u00e8 d&#8217;idees: ser\u00e1 la presentadora de <strong>Se hace lo que se puede<\/strong>, un programa de entrevistas que se emitir\u00e1 a nivel nacional a trav\u00e9s de<strong> La 2<\/strong>. Con la puesta en marcha de este formato, <strong>RTVE<\/strong> apuesta por la producci\u00f3n en las <strong>tardes del fin de semana<\/strong> en sustituci\u00f3n de sus habituales documentales. La periodista recibir\u00e1 a distintos famosos para abordar un tema clave de conversaci\u00f3n: las dificultades para criar y educar.\n    <\/p>\n<p>    <a href=\"https:\/\/www.eldiario.es\/vertele\/noticias\/rtve-confia-nuevo-gala-eva-soriano-nochevieja-suma-egoitz-txurruka-antes-trivial-pursuit_1_12773098.html\" data-mrf-recirculation=\"saber-mas\" data-dl-event=\"saber-mas\" rel=\"nofollow noopener\" target=\"_blank\"><\/p>\n<p class=\"know-more__title\">RTVE conf\u00eda de nuevo en Eva Soriano para su gala de Nochevieja, que suma a Egoitz Txurruka antes de &#8216;Trivial Pursuit&#8217;<\/p>\n<p>            <img decoding=\"async\" class=\"lazy\" loading=\"lazy\" data-src=\"https:\/\/static.eldiario.es\/clip\/9d188570-86ed-48a4-9bc6-de3a60a5345a_16-9-aspect-ratio_default_0.jpg\" src=\"data:image\/svg+xml,%3Csvg xmlns=\" http:=\"\" viewbox=\"0 0 880 495\" alt=\"RTVE conf\u00eda de nuevo en Eva Soriano para su gala de Nochevieja, que suma a Egoitz Txurruka antes de 'Trivial Pursuit'\"\/><\/p>\n<p>                        <\/a><\/p>\n<p class=\"article-text\">\n        La corporaci\u00f3n ha comenzado a promocionar Se hace lo que se puede, asegurando que se estrenar\u00e1 \u201cmuy pronto\u201d, con un tr\u00e1iler donde aparecen invitados como <strong>Lorena Castell<\/strong>, <strong>Melanie Olivares<\/strong>, <strong>Alba<\/strong> <strong>Carrillo<\/strong>, <strong>Alberto<\/strong> <strong>San Juan<\/strong>, <strong>Juanma Casta\u00f1o<\/strong>, <strong>Elena Furiase <\/strong>o <strong>Anabel Alonso<\/strong>. Tambi\u00e9n aparecen otros protagonistas como <strong>Edu Soto<\/strong>, <strong>Tania Llasera<\/strong>, <strong>Jorge Garbajosa<\/strong>, <strong>Juan G\u00f3mez-Jurado<\/strong>, <strong>J\u00falia Varela<\/strong>, <strong>Vanesa<\/strong> <strong>Lorenzo<\/strong>, <strong>El Langui<\/strong>, <strong>Pol Espargar\u00f3 <\/strong>y <strong>Pedro Garc\u00eda Aguado<\/strong>. Distintos ni\u00f1os y ni\u00f1as tambi\u00e9n aparecer\u00e1n en cada una de sus entregas.\n    <\/p>\n<p class=\"article-text\">\n        Planteado para emitirse los s\u00e1bados y domingos <strong>a partir de las 18:10 horas en La 2<\/strong>, todos los famosos pondr\u00e1n en com\u00fan sus impresiones respecto a la crianza de los peque\u00f1os. Como no pod\u00eda ser de otro modo, compartir\u00e1n con la audiencia distintas experiencias y an\u00e9cdotas desconocidas por el gran p\u00fablico. De este modo, descubrir\u00e1n aspectos de sus vidas privadas hasta ahora in\u00e9ditos.\n    <\/p>\n<p class=\"article-text\">\n        El plantel de invitados, m\u00e1s all\u00e1 de los famosos y los ni\u00f1os, se completa con distintas <strong>voces expertas <\/strong>para abordar cuestiones como los l\u00edmites, sus miedos, la importancia de la comunicaci\u00f3n, la convivencia con pantallas y hasta el bienestar emocional. En el citado tr\u00e1iler, Alba Carrillo comparte una an\u00e9cdota parafraseando a su hijo que provoca gran sorpresa en la presentadora: \u201cMam\u00e1, no cuelgues cosas sexis que mis amigos me mandan tus fotos con fuegos\u201d.\n    <\/p>\n<p>    <a href=\"https:\/\/www.eldiario.es\/vertele\/noticias\/visita-rosalia-jimmy-fallon-clases-canto-espanol-actuacion-perla-censura_1_12773020.html\" data-mrf-recirculation=\"saber-mas-abajo\" data-dl-event=\"saber-mas-abajo\" rel=\"nofollow noopener\" target=\"_blank\"><\/p>\n<p class=\"know-more__title\">As\u00ed fue la visita de Rosal\u00eda a Jimmy Fallon: clases de canto, mucho espa\u00f1ol y una actuaci\u00f3n de &#8216;La Perla&#8217; con censura<\/p>\n<p>            <img decoding=\"async\" class=\"lazy\" loading=\"lazy\" data-src=\"https:\/\/static.eldiario.es\/clip\/fecaed6c-3b1f-4763-a7d3-110bedcff503_16-9-aspect-ratio_default_0.jpg\" src=\"data:image\/svg+xml,%3Csvg xmlns=\" http:=\"\" viewbox=\"0 0 880 495\" alt=\"As\u00ed fue la visita de Rosal\u00eda a Jimmy Fallon: clases de canto, mucho espa\u00f1ol y una actuaci\u00f3n de 'La Perla' con censura\"\/><\/p>\n<p>                        <\/a><\/p>\n<p>    La ficha t\u00e9cnica de &#8216;Se hace lo que se puede&#8217;<\/p>\n<p class=\"article-text\">\n        Respecto a la ficha t\u00e9cnica, Se hace lo que se puede cuenta con <strong>Quique Quera Turu<\/strong> como director \u2014quien tambi\u00e9n es coordinador de contenidos en Caf\u00e8 d\u2019idees\u2014. La producci\u00f3n, enmarcada en la misi\u00f3n de servicio p\u00fablico de RTVE, corre a cargo de Carol Saliner, Irene Mar\u00edn y Xavier Resina.\n    <\/p>\n","protected":false},"excerpt":{"rendered":"Gemma Nierga ampl\u00eda su presencia en televisi\u00f3n m\u00e1s all\u00e1 del magac\u00edn Caf\u00e8 d&#8217;idees: ser\u00e1 la presentadora de Se&hellip;\n","protected":false},"author":2,"featured_media":241367,"comment_status":"","ping_status":"","sticky":false,"template":"","format":"standard","meta":{"footnotes":""},"categories":[171],"tags":[4187,146,147,25,24,772,44499,13037,62115,524,2145,518,773,5785,23,9747,214],"class_list":{"0":"post-241366","1":"post","2":"type-post","3":"status-publish","4":"format-standard","5":"has-post-thumbnail","7":"category-tv","8":"tag-anuncia","9":"tag-entertainment","10":"tag-entretenimiento","11":"tag-es","12":"tag-espana","13":"tag-fin","14":"tag-gemma","15":"tag-la-2","16":"tag-nierga","17":"tag-nuevo","18":"tag-programa","19":"tag-rtve","20":"tag-semana","21":"tag-sorpresa","22":"tag-spain","23":"tag-tardes","24":"tag-tv"},"share_on_mastodon":{"url":"https:\/\/pubeurope.com\/@es\/115566583757266886","error":""},"_links":{"self":[{"href":"https:\/\/www.europesays.com\/es\/wp-json\/wp\/v2\/posts\/241366","targetHints":{"allow":["GET"]}}],"collection":[{"href":"https:\/\/www.europesays.com\/es\/wp-json\/wp\/v2\/posts"}],"about":[{"href":"https:\/\/www.europesays.com\/es\/wp-json\/wp\/v2\/types\/post"}],"author":[{"embeddable":true,"href":"https:\/\/www.europesays.com\/es\/wp-json\/wp\/v2\/users\/2"}],"replies":[{"embeddable":true,"href":"https:\/\/www.europesays.com\/es\/wp-json\/wp\/v2\/comments?post=241366"}],"version-history":[{"count":0,"href":"https:\/\/www.europesays.com\/es\/wp-json\/wp\/v2\/posts\/241366\/revisions"}],"wp:featuredmedia":[{"embeddable":true,"href":"https:\/\/www.europesays.com\/es\/wp-json\/wp\/v2\/media\/241367"}],"wp:attachment":[{"href":"https:\/\/www.europesays.com\/es\/wp-json\/wp\/v2\/media?parent=241366"}],"wp:term":[{"taxonomy":"category","embeddable":true,"href":"https:\/\/www.europesays.com\/es\/wp-json\/wp\/v2\/categories?post=241366"},{"taxonomy":"post_tag","embeddable":true,"href":"https:\/\/www.europesays.com\/es\/wp-json\/wp\/v2\/tags?post=241366"}],"curies":[{"name":"wp","href":"https:\/\/api.w.org\/{rel}","templated":true}]}}